{"id":155954,"date":"2025-12-17T13:01:08","date_gmt":"2025-12-17T13:01:08","guid":{"rendered":"https:\/\/www.europesays.com\/pl\/155954\/"},"modified":"2025-12-17T13:01:08","modified_gmt":"2025-12-17T13:01:08","slug":"kto-tworzy-elektorat-grzegorza-brauna-wyniki-sa-katastrofa-dla-pis","status":"publish","type":"post","link":"https:\/\/www.europesays.com\/pl\/155954\/","title":{"rendered":"Kto tworzy elektorat Grzegorza Brauna? Wyniki s\u0105 katastrof\u0105 dla PiS"},"content":{"rendered":"<p>Prawo i Sprawiedliwo\u015b\u0107 w latach 2015-2023 by\u0142o dominuj\u0105c\u0105 si\u0142\u0105 po prawej stronie polskiej sceny politycznej. Pomimo istnienia innych, mniejszych partii prawicowych, nie odgrywa\u0142y one wi\u0119kszej roli w krajowej polityce, a w ci\u0105gu tych o\u015bmiu lat lista wyborcza PiS dwukrotnie uzyska\u0142a samodzieln\u0105 wi\u0119kszo\u015b\u0107 w Sejmie.<\/p>\n<p>Wszystko zmieni\u0142o si\u0119 po 2023 r. Po przej\u015bciu do opozycji notowania PiS kontynuowa\u0142y negatywny trend. Mimo zwyci\u0119stwa Karola Nawrockiego w wyborach prezydenckich, w I turze uzyska\u0142 on <a href=\"https:\/\/www.onet.pl\/informacje\/onetwiadomosci\/pis-nie-ma-powodow-do-radosci-konfederacja-rozpycha-sie-w-jego-bastionach\/frsr59k,79cfc278\" id=\"e10b9faa-bbd4-410b-8cc2-a94577fa2ed2\" rel=\"nofollow noopener\" target=\"_blank\">najs\u0142abszy wynik w historii kandydat\u00f3w PiS<\/a>. By\u0142o to efektem odrzucenia przez cz\u0119\u015b\u0107 elektoratu ugrupowania wci\u0105\u017c obci\u0105\u017conego o\u015bmioletnimi rz\u0105dami oraz zwr\u00f3cenia si\u0119 ku innym partiom, kt\u00f3re dot\u0105d nie sprawowa\u0142y w\u0142adzy.<\/p>\n<p>PiS przyzwyczai\u0142o si\u0119 jednak do braku konkurencji po swojej prawej stronie. T\u0105 naiwno\u015bci\u0105 da\u0142o innym partiom swobod\u0119 do niczym niepokojonego wzrostu, w tym r\u00f3wnie\u017c dla coraz wi\u0119kszych skrajno\u015bci. To doprowadzi\u0142o do jeszcze gro\u017aniejszego dla partii p\u0105czkowania przed wyborami prezydenckimi: od\u0142\u0105czenia si\u0119 Grzegorza Brauna od Konfederacji.<\/p>\n<p class=\"ods-c-paragraph \">S\u0142awomir Mentzen, korzystnie dla siebie, pozby\u0142 si\u0119 ci\u0105\u017c\u0105cej jego partii skrajno\u015bci. Dla PiS z kolei powsta\u0142o jeszcze wi\u0119ksze zagro\u017cenie. Ugrupowanie zamroczone zwyci\u0119stwem swojego kandydata, do tej pory nie zrozumia\u0142o przyczyny tej wygranej i dalej naiwnie daj\u0119 si\u0119 podgryza\u0107 bez politycznej walki.<\/p>\n<p>Dalszy ci\u0105g artyku\u0142u pod materia\u0142em wideo<\/p>\n<p class=\"ods-c-paragraph \">To doprowadzi\u0142o do sytuacji, w kt\u00f3rej z absolutnej dominacji jeszcze kilka lat temu, prawicowy tort jest podzielony ju\u017c niemal na p\u00f3\u0142. W obecnej \u015bredniej sonda\u017cowej \u0142\u0105czne poparcie dla Konfederacji i Konfederacji Korony Polskiej (20,5 proc.) systematycznie zbli\u017ca si\u0119 do poparcia PiS (26,3 proc.). Nie ma w og\u00f3le tutaj mowy o \u017cadnych szansach na powr\u00f3t do samodzielnych rz\u0105d\u00f3w formacji Jaros\u0142awa Kaczy\u0144skiego.<\/p>\n<p class=\"ods-c-paragraph \">Jednak po przeprowadzeniu symulacji podzia\u0142u mandat\u00f3w parlamentarnych okazuje si\u0119, \u017ce sytuacja na prawicy komplikuje si\u0119 coraz bardziej. Potencjalna koalicja PiS i Konfederacji nie dysponowa\u0142aby dzisiaj wi\u0119kszo\u015bci\u0105. Wzrost poparcia dla partii Grzegorza Brauna sprawi\u0142, \u017ce to w\u0142a\u015bnie ona by\u0142aby obecnie niezb\u0119dna do uzyskania wi\u0119kszo\u015bci w Sejmie.<\/p>\n<p class=\"ods-c-paragraph \">Ju\u017c potencjalny sojusz PiS z Konfederacj\u0105 nie by\u0142by \u0142atwy politycznie, tym bardziej z udzia\u0142em trzeciego partnera. Nie wspominaj\u0105c jak du\u017co politycznego paliwa da\u0142oby to drugiej stronie. Przy tak s\u0142abych notowaniach sytuacja partii Jaros\u0142awa Kaczy\u0144skiego staje si\u0119 bardzo skomplikowana.<\/p>\n<p>    Transfer do Brauna<\/p>\n<p class=\"ods-c-paragraph \">Na podstawie sonda\u017cy oraz szczeg\u00f3\u0142owych wynik\u00f3w ostatnich wybor\u00f3w przeprowadzili\u015bmy dok\u0142adn\u0105 symulacj\u0119 struktury obecnych elektorat\u00f3w najpopularniejszych ugrupowa\u0144. W ten spos\u00f3b mo\u017cemy sprawdzi\u0107 jak wygl\u0105daj\u0105 przep\u0142ywy mi\u0119dzy nimi.<\/p>\n<p class=\"ods-c-paragraph \">Poni\u017cej przedstawili\u015bmy je w por\u00f3wnaniu z wyborami parlamentarnymi z 2023 r. Okazuje si\u0119, \u017ce wzrost poparcia dla Konfederacji i Konfederacji Korony Polskiej jest w du\u017cej mierze nap\u0119dzany przez by\u0142ych wyborc\u00f3w PiS.<\/p>\n<p class=\"ods-c-paragraph \">Pomimo dwukrotnie mniejszego poparcia ni\u017c Konfederacja, najwi\u0119cej wyborc\u00f3w PiS odesz\u0142o w stron\u0119 partii Grzegorza Brauna, gdzie obecnie stanowi\u0105 oni trzon jej elektoratu. Odp\u0142yw do Konfederacji r\u00f3wnie\u017c jest bardzo du\u017cy \u2014 to a\u017c 4 proc. wyborc\u00f3w z 2023 r. kt\u00f3rzy zag\u0142osowali wtedy na PiS. Inny istotny przep\u0142yw w stron\u0119 prawicy to u\u0142amek wyborc\u00f3w Trzeciej Drogi, w kt\u00f3rej to grupie wi\u0119kszo\u015b\u0107 wybiera Konfederacj\u0119.<\/p>\n<p class=\"ods-c-paragraph \">Wed\u0142ug naszej analizy dzisiejsza struktura elektoratu Korony ma blisko trzykrotnie wi\u0119cej by\u0142ych wyborc\u00f3w PiS ni\u017c Konfederacji. Wynika to g\u0142\u00f3wnie z tego, \u017ce poparcie dla partii Grzegorza Brauna systematycznie ro\u015bnie i jest ju\u017c niemal identyczne z tym osi\u0105gni\u0119tym w wyborach w 2023 r. przez Konfederacj\u0119. To oznacza, przy jednoczesnym stabilnym poziomie poparcia i lojalno\u015bci wi\u0119kszo\u015bci wyborc\u00f3w formacji S\u0142awomira Mentzena, \u017ce najwi\u0119kszy transfer wyst\u0119puje nadal na linii PiS-KKP.<\/p>\n<p class=\"ods-c-paragraph \">Elektorat Konfederacji jest dzi\u015b bardziej zr\u00f3\u017cnicowany. Baza to dotychczasowi wyborcy sprzed dw\u00f3ch lat, kt\u00f3rzy odpowiadaj\u0105 za 36 proc. elektoratu. Kolejne 30 proc. to ex-wyborcy PiS. Ostatnim du\u017cym kawa\u0142kiem tortu (20 proc.) s\u0105 wyborcy, kt\u00f3rzy w 2023 r. poparli Trzeci\u0105 Drog\u0119. Natomiast nowi wyborcy, czyli ci, kt\u00f3rzy nie g\u0142osowali dwa lata temu, stanowi\u0105 oko\u0142o 10 proc. elektoratu zar\u00f3wno Konfederacji i KKP.<\/p>\n<p>    Braun bli\u017cej PiS ni\u017c Konfederacji<\/p>\n<p class=\"ods-c-paragraph \">Zale\u017cno\u015bci te potwierdzaj\u0105 r\u00f3wnie\u017c surowe wyniki wybor\u00f3w prezydenckich na poziomie poszczeg\u00f3lnych gmin. Wysok\u0105 korelacj\u0119 mi\u0119dzy wynikami PiS z 2023 r. a wynikiem Grzegorza Brauna mogli\u015bmy zauwa\u017cy\u0107 ju\u017c w I turze wybor\u00f3w prezydenckich. By\u0142a ona wy\u017csza ni\u017c z wynikami Konfederacji z 2023 r.<\/p>\n<p class=\"ods-c-paragraph \">Jednak jedna z wy\u017cszych korelacji wyst\u0119puje, je\u015bli por\u00f3wnamy rezultat Brauna z r\u00f3\u017cnic\u0105 wynik\u00f3w Karola Nawrockiego i wynik\u00f3w PiS z 2023 r. (strat\u0119 poparcia tego obozu). To kolejny dow\u00f3d na to, \u017ce dotychczasowi wyborcy PiS coraz cz\u0119\u015bciej wybieraj\u0105 dzi\u015b Grzegorza Brauna.<\/p>\n","protected":false},"excerpt":{"rendered":"Prawo i Sprawiedliwo\u015b\u0107 w latach 2015-2023 by\u0142o dominuj\u0105c\u0105 si\u0142\u0105 po prawej stronie polskiej sceny politycznej. Pomimo istnienia innych,&hellip;\n","protected":false},"author":2,"featured_media":155955,"comment_status":"","ping_status":"","sticky":false,"template":"","format":"standard","meta":{"footnotes":""},"categories":[5],"tags":[56,32,33,36,37,1008,27,1006,7211,49,34,35,28,31,48,25,46,529,42,38,40,39,41,47,29,30,26],"class_list":{"0":"post-155954","1":"post","2":"type-post","3":"status-publish","4":"format-standard","5":"has-post-thumbnail","7":"category-naglowki","8":"tag-article_premium","9":"tag-breaking-news","10":"tag-breakingnews","11":"tag-featured-news","12":"tag-featurednews","13":"tag-grzegorz_braun","14":"tag-headlines","15":"tag-konfederacja","16":"tag-konfederacja_korony_polskiej","17":"tag-kraj","18":"tag-latest-news","19":"tag-latestnews","20":"tag-naglowki","21":"tag-najwazniejsze-artykuly","22":"tag-nat_styl","23":"tag-news","24":"tag-omp","25":"tag-pis","26":"tag-pl","27":"tag-poland","28":"tag-polish","29":"tag-polska","30":"tag-polski","31":"tag-screening_general","32":"tag-top-stories","33":"tag-topstories","34":"tag-wiadomosci"},"share_on_mastodon":{"url":"https:\/\/pubeurope.com\/@pl\/115735041509100851","error":""},"_links":{"self":[{"href":"https:\/\/www.europesays.com\/pl\/wp-json\/wp\/v2\/posts\/155954","targetHints":{"allow":["GET"]}}],"collection":[{"href":"https:\/\/www.europesays.com\/pl\/wp-json\/wp\/v2\/posts"}],"about":[{"href":"https:\/\/www.europesays.com\/pl\/wp-json\/wp\/v2\/types\/post"}],"author":[{"embeddable":true,"href":"https:\/\/www.europesays.com\/pl\/wp-json\/wp\/v2\/users\/2"}],"replies":[{"embeddable":true,"href":"https:\/\/www.europesays.com\/pl\/wp-json\/wp\/v2\/comments?post=155954"}],"version-history":[{"count":0,"href":"https:\/\/www.europesays.com\/pl\/wp-json\/wp\/v2\/posts\/155954\/revisions"}],"wp:featuredmedia":[{"embeddable":true,"href":"https:\/\/www.europesays.com\/pl\/wp-json\/wp\/v2\/media\/155955"}],"wp:attachment":[{"href":"https:\/\/www.europesays.com\/pl\/wp-json\/wp\/v2\/media?parent=155954"}],"wp:term":[{"taxonomy":"category","embeddable":true,"href":"https:\/\/www.europesays.com\/pl\/wp-json\/wp\/v2\/categories?post=155954"},{"taxonomy":"post_tag","embeddable":true,"href":"https:\/\/www.europesays.com\/pl\/wp-json\/wp\/v2\/tags?post=155954"}],"curies":[{"name":"wp","href":"https:\/\/api.w.org\/{rel}","templated":true}]}}