{"id":155963,"date":"2025-12-17T13:06:27","date_gmt":"2025-12-17T13:06:27","guid":{"rendered":"https:\/\/www.europesays.com\/pl\/155963\/"},"modified":"2025-12-17T13:06:27","modified_gmt":"2025-12-17T13:06:27","slug":"emerytka-ze-szwajcarii-ma-12-tys-zl-na-miesiac-starcza-jej-na-niewiele","status":"publish","type":"post","link":"https:\/\/www.europesays.com\/pl\/155963\/","title":{"rendered":"Emerytka ze Szwajcarii ma 12 tys. z\u0142 na miesi\u0105c. Starcza jej na niewiele"},"content":{"rendered":"<p class=\"typography ids-typeset-body ids-typeset-body--preset-large link paragraph ids-paragraph ids-paragraph--default\">Maria Kempf ma 67 lat i mieszka niedaleko Altdorfu w kantonie Uri w\u00a0<a href=\"https:\/\/biznes.interia.pl\/gospodarka\/news-bogata-szwajcaria-spowalnia-szczescie-sie-konczy,nId,8010825\" target=\"_self\" rel=\"nofollow noopener\">Szwajcarii<\/a>. Po uko\u0144czeniu sta\u017cu w biurze w firmie przemys\u0142owej pracowa\u0142a w sklepie spo\u017cywczym i fabryce obuwia. Gdy mia\u0142a 30 lat, powa\u017cnie zachorowa\u0142a. Problemy ze zdrowiem i cz\u0119ste pobyty w szpitalu spowodowa\u0142y, \u017ce mog\u0142a pracowa\u0107 jedynie w niepe\u0142nym wymiarze godzin. W ko\u0144cu otrzyma\u0142a rent\u0119 inwalidzk\u0105, kt\u00f3ra zosta\u0142a przekszta\u0142cona w emerytur\u0119, gdy osi\u0105gn\u0119\u0142a wiek emerytalny.<\/p>\n<p>Emerytka ze Szwajcarii ma prawie 12 tys. z\u0142 na miesi\u0105c. Za mieszkanie p\u0142aci 4200 z\u0142<\/p>\n<p class=\"typography ids-typeset-body ids-typeset-body--preset-large link paragraph ids-paragraph ids-paragraph--default\">67-latka powiedzia\u0142a &#8222;Beobachter&#8221;, \u017ce \u0142\u0105cznie co miesi\u0105c ma do dyspozycji 2655 frank\u00f3w, czyli nieca\u0142e 12 tys. z\u0142.\u00a0Na to sk\u0142adaj\u0105 si\u0119 wp\u0142ywy z <a href=\"https:\/\/biznes.interia.pl\/emerytury\/news-ma-60-lat-przepracowala-tylko-10-tyle-dostanie-emerytury,nId,22472584\" target=\"_self\" rel=\"nofollow noopener\">emerytury<\/a> pa\u0144stwowej (1719 frank\u00f3w), z funduszu emerytalnego (248 frank\u00f3w) oraz \u015bwiadczenia uzupe\u0142niaj\u0105ce (688 frank\u00f3w).<\/p>\n<p class=\"typography ids-typeset-body ids-typeset-body--preset-large link paragraph ids-paragraph ids-paragraph--default\">Kempf od 30 lat wynajmuje 60-metrowe mieszkanie, kt\u00f3re nale\u017cy do sp\u00f3\u0142dzielni non-profit. Dzi\u0119ki temu ma niski &#8211; jak na Szwajcari\u0119 &#8211; <a href=\"https:\/\/biznes.interia.pl\/nieruchomosci\/news-polowa-lokatorow-mieszkan-komunalnych-nie-placi-czynszu-zadl,nId,22455565\" target=\"_self\" rel=\"nofollow noopener\">czynsz<\/a>. P\u0142aci 928 frank\u00f3w miesi\u0119cznie (oko\u0142o 4200 z\u0142). W tej kwocie zawarte s\u0105 media. Za pr\u0105d p\u0142aci 30 frank\u00f3w miesi\u0119cznie. Inne jej op\u0142aty to m.in. ubezpieczenie OC oraz turystyczne, abonament za telefon, ksi\u0119gowy, kt\u00f3ry rozlicza jej podatki, prenumeraty prasy.<\/p>\n<p>Na \u015bniadanie je chleb z mas\u0142em, a na kolacj\u0119 zup\u0119<\/p>\n<p class=\"typography ids-typeset-body ids-typeset-body--preset-large link paragraph ids-paragraph ids-paragraph--default\">Kempf robi zakupy w dyskontach. Na artyku\u0142y spo\u017cywcze i gospodarstwa domowego co miesi\u0105c wydaje oko\u0142o\u00a0600 frank\u00f3w (oko\u0142o 2704 z\u0142). &#8222;Jestem wyczulona na ceny i nie kupuj\u0119 drogich produkt\u00f3w. Mi\u0119sa prawie nie potrzebuj\u0119, a ser sta\u0142 si\u0119 dro\u017cszy.\u00a0Na \u015bniadanie zazwyczaj jem chleb z mas\u0142em i pij\u0119 kaw\u0119; wieczorem cz\u0119sto jem musli, zup\u0119 lub tosty&#8221; &#8211; relacjonowa\u0142a w rozmowie z gazet\u0105.<\/p>\n<p class=\"typography ids-typeset-body ids-typeset-body--preset-large link paragraph ids-paragraph ids-paragraph--default\">Raz na trzy miesi\u0105ce kupuje sobie co\u015b nowego z odzie\u017cy, a buty dwa razy do roku. Na kosmetyki wydaje niewiele. Od czasu do czasu pozwala sobie na now\u0105 szmink\u0119 za 5 frank\u00f3w (oko\u0142o 22 z\u0142) czy srebrny szampon do siwych w\u0142os\u00f3w. Co 6-7 tygodni chodzi do fryzjera, kt\u00f3ry ma zni\u017cki dla senior\u00f3w.<\/p>\n<p class=\"typography ids-typeset-body ids-typeset-body--preset-large link paragraph ids-paragraph ids-paragraph--default\">Emerytka cz\u0119sto odwiedza znajomych, siostr\u0119 i c\u00f3rki. Gdy pogoda dopisuje robi sobie jednodniowe wycieczki do Ticino i Lucerny. Korzysta w\u00f3wczas z komunikacji miejskiej. Na bilet miesi\u0119czny wydaje 275 frank\u00f3w (oko\u0142o 1,2 tys. z\u0142). B\u0119d\u0105c poza domem, stara si\u0119 nie wydawa\u0107 pieni\u0119dzy. W podr\u00f3\u017cy kupuje sobie najcz\u0119\u015bciej rogalika i kaw\u0119. Raz w miesi\u0105cu pozwala sobie na obiad w restauracji, co kosztuje j\u0105 oko\u0142o 16 frank\u00f3w (oko\u0142o 72 z\u0142).<\/p>\n<ul class=\"typography ids-typeset-body ids-typeset-body--preset-small list--article-list ids-list ids-list--unordered ids-list--size-small \" datatype=\"disc\">\n<li class=\"ids-list-item ids-list-item__content brief-list-item\"><a class=\"ids-undecorated-link link ids-link \" data-spons=\"false\" href=\"https:\/\/biznes.interia.pl\/polityka\/news-wielka-brytania-zbliza-sie-do-brukseli-po-brexicie-dolaczy-d,nId,22499351\" rel=\"nofollow noopener\" target=\"_blank\">Wielka Brytania zbli\u017ca si\u0119 do Brukseli po brexicie. Do\u0142\u0105czy do unijnego programu<\/a><\/li>\n<li class=\"ids-list-item ids-list-item__content brief-list-item\"><a class=\"ids-undecorated-link link ids-link \" data-spons=\"false\" href=\"https:\/\/biznes.interia.pl\/emerytury\/news-pracowala-po-przejsciu-na-emeryture-zus-obnizyl-jej-swiadcze,nId,22499055\" rel=\"nofollow noopener\" target=\"_blank\">Pracowa\u0142a po przej\u015bciu na emerytur\u0119. ZUS obni\u017cy\u0142 jej \u015bwiadczenie o 800 z\u0142<\/a><\/li>\n<\/ul>\n<p>Gdy znajomi zapraszaj\u0105 j\u0105 na kaw\u0119, cz\u0119sto si\u0119 wykr\u0119ca<\/p>\n<p class=\"typography ids-typeset-body ids-typeset-body--preset-large link paragraph ids-paragraph ids-paragraph--default\">67-latka raz w roku je\u017adzi na urlop do uzdrowiska Arosa. Od lat zatrzymuje si\u0119 w tym samym rodzinnym hotelu. Sp\u0119dza tam 6 nocy, a za pok\u00f3j jednoosobowy z dwoma posi\u0142kami p\u0142aci 170 frank\u00f3w za dob\u0119.<\/p>\n<p class=\"typography ids-typeset-body ids-typeset-body--preset-large link paragraph ids-paragraph ids-paragraph--default\">Kempf podkre\u015bla, \u017ce chocia\u017c sama \u017cyje bardzo oszcz\u0119dnie, to nie \u017ca\u0142uje pieni\u0119dzy na bliskich. Lubi obdarowywa\u0107 niewielkimi prezentami siostr\u0119, c\u00f3rki oraz wnuki.<\/p>\n<p class=\"typography ids-typeset-body ids-typeset-body--preset-large link paragraph ids-paragraph ids-paragraph--default\">Jej najwi\u0119kszym marzeniem jest mo\u017cliwo\u015b\u0107 od\u0142o\u017cenia pieni\u0119dzy na czarn\u0105 godzin\u0119. Nie udaje jej si\u0119 to, a czasami pod koniec miesi\u0105ca w portfelu nic nie zostaje. Ma wtedy wyrzuty sumienia, \u017ce za du\u017co wyda\u0142a.<\/p>\n<p class=\"typography ids-typeset-body ids-typeset-body--preset-large link paragraph ids-paragraph ids-paragraph--default\">Znajomi emerytki nie wiedz\u0105, \u017ce ledwo wi\u0105\u017ce koniec z ko\u0144cem. &#8222;Czasami moja sytuacja finansowa jest dla mnie niekomfortowa. Kiedy kto\u015b pyta mnie, czy p\u00f3jdziemy na kaw\u0119, musz\u0119 od czasu do czasu wymy\u015bla\u0107 wym\u00f3wk\u0119, poniewa\u017c w danej chwili nie sta\u0107 mnie na to&#8221; &#8211; wyzna\u0142a.<\/p>\n<p>Gwiazdowski m\u00f3wi Interii: Burza o kryptowaluty w Polsce. &#8222;R\u00f3\u017cne dziwne rzeczy si\u0119 dzia\u0142y&#8221;INTERIA.PL<\/p>\n","protected":false},"excerpt":{"rendered":"Maria Kempf ma 67 lat i mieszka niedaleko Altdorfu w kantonie Uri w\u00a0Szwajcarii. Po uko\u0144czeniu sta\u017cu w biurze&hellip;\n","protected":false},"author":2,"featured_media":155964,"comment_status":"","ping_status":"","sticky":false,"template":"","format":"standard","meta":{"footnotes":""},"categories":[14],"tags":[32,33,27,34,35,28,31,25,40,41,80,29,30,26,82,83,84],"class_list":{"0":"post-155963","1":"post","2":"type-post","3":"status-publish","4":"format-standard","5":"has-post-thumbnail","7":"category-swiat","8":"tag-breaking-news","9":"tag-breakingnews","10":"tag-headlines","11":"tag-latest-news","12":"tag-latestnews","13":"tag-naglowki","14":"tag-najwazniejsze-artykuly","15":"tag-news","16":"tag-polish","17":"tag-polski","18":"tag-swiat","19":"tag-top-stories","20":"tag-topstories","21":"tag-wiadomosci","22":"tag-world","23":"tag-world-news","24":"tag-worldnews"},"share_on_mastodon":{"url":"https:\/\/pubeurope.com\/@pl\/115735061574479784","error":""},"_links":{"self":[{"href":"https:\/\/www.europesays.com\/pl\/wp-json\/wp\/v2\/posts\/155963","targetHints":{"allow":["GET"]}}],"collection":[{"href":"https:\/\/www.europesays.com\/pl\/wp-json\/wp\/v2\/posts"}],"about":[{"href":"https:\/\/www.europesays.com\/pl\/wp-json\/wp\/v2\/types\/post"}],"author":[{"embeddable":true,"href":"https:\/\/www.europesays.com\/pl\/wp-json\/wp\/v2\/users\/2"}],"replies":[{"embeddable":true,"href":"https:\/\/www.europesays.com\/pl\/wp-json\/wp\/v2\/comments?post=155963"}],"version-history":[{"count":0,"href":"https:\/\/www.europesays.com\/pl\/wp-json\/wp\/v2\/posts\/155963\/revisions"}],"wp:featuredmedia":[{"embeddable":true,"href":"https:\/\/www.europesays.com\/pl\/wp-json\/wp\/v2\/media\/155964"}],"wp:attachment":[{"href":"https:\/\/www.europesays.com\/pl\/wp-json\/wp\/v2\/media?parent=155963"}],"wp:term":[{"taxonomy":"category","embeddable":true,"href":"https:\/\/www.europesays.com\/pl\/wp-json\/wp\/v2\/categories?post=155963"},{"taxonomy":"post_tag","embeddable":true,"href":"https:\/\/www.europesays.com\/pl\/wp-json\/wp\/v2\/tags?post=155963"}],"curies":[{"name":"wp","href":"https:\/\/api.w.org\/{rel}","templated":true}]}}