{"id":155965,"date":"2025-12-17T13:07:10","date_gmt":"2025-12-17T13:07:10","guid":{"rendered":"https:\/\/www.europesays.com\/pl\/155965\/"},"modified":"2025-12-17T13:07:10","modified_gmt":"2025-12-17T13:07:10","slug":"mig-i-dla-ukrainy-kosiniak-kamysz-o-wspolpracownikach-prezydenta-przekroczyli-granice","status":"publish","type":"post","link":"https:\/\/www.europesays.com\/pl\/155965\/","title":{"rendered":"MiG-i dla Ukrainy. Kosiniak-Kamysz o wsp\u00f3\u0142pracownikach prezydenta: Przekroczyli granice"},"content":{"rendered":"<ul class=\"typography ids-typeset-body ids-typeset-body--preset-large list ids-list ids-list--unordered ids-list--size-large \" datatype=\"disc\">\n<li class=\"ids-list-item\">\n<p>Szef MON W\u0142adys\u0142aw Kosiniak-Kamysz ostro skrytykowa\u0142 wsp\u00f3\u0142pracownik\u00f3w prezydenta Nawrockiego, zarzucaj\u0105c im k\u0142amstwo i dezinformacj\u0119 w sprawie przekazywania Ukrainie my\u015bliwc\u00f3w MiG-29.<\/p>\n<\/li>\n<li class=\"ids-list-item\">\n<p>Bezpo\u015brednia wsp\u00f3\u0142praca Kosiniaka-Kamysza z prezydentem przebiega bez zarzut\u00f3w, jednak szef MON zwraca uwag\u0119 na problemy komunikacyjne i dzia\u0142ania otoczenia prezydenta.<\/p>\n<\/li>\n<li class=\"ids-list-item\">\n<p>Sprawa przekazania MiG-\u00f3w Ukrainie wywo\u0142a\u0142a sp\u00f3r i wymian\u0119 oskar\u017ce\u0144 mi\u0119dzy Biurem Bezpiecze\u0144stwa Narodowego a rz\u0105dem o poziom informowania prezydenta.<\/p>\n<\/li>\n<li class=\"ids-list-item\">Wi\u0119cej wa\u017cnych informacji znajdziesz na <a class=\"ids-undecorated-link link ids-link link\" href=\"https:\/\/www.interia.pl\/#utm_source=wydarzenia&amp;utm_medium=bullet&amp;utm_campaign=powrot_z_wew&amp;iwa_source=bullet\" target=\"_blank\" rel=\"nofollow noopener\">stronie g\u0142\u00f3wnej Interii<\/a><\/li>\n<\/ul>\n<p class=\"typography ids-typeset-body ids-typeset-body--preset-large link paragraph ids-paragraph ids-paragraph--default\">Zapytany w \u015brod\u0119 w radiu Tok FM o wsp\u00f3\u0142prac\u0119 z prezydentem, Kosiniak-Kamysz powiedzia\u0142, \u017ce kontakt jest. Poinformowa\u0142, \u017ce we wtorek\u00a0rozmawia\u0142 z prezydentem kr\u00f3tko telefonicznie\u00a0na temat przygotowa\u0144 do pi\u0105tkowej wizyty w Polsce prezydenta Ukrainy <a href=\"https:\/\/wydarzenia.interia.pl\/tematy-wolodymyr-zelenski,gsbi,11\" rel=\"nofollow noopener\" target=\"_blank\">Wo\u0142odymyra Ze\u0142enskiego<\/a> i \u017ce maj\u0105 jeszcze o tym rozmawia\u0107.<\/p>\n<p class=\"typography ids-typeset-body ids-typeset-body--preset-large link paragraph ids-paragraph ids-paragraph--default\">&#8211; Z samym panem prezydentem nie mam problemu, jest problem czasem z jego wsp\u00f3\u0142pracownikami, jak k\u0142ami\u0105, m\u00f3wi\u0105 nieprawd\u0119 (&#8230;), jak wprowadzaj\u0105 w b\u0142\u0105d opini\u0119 publiczn\u0105, a nie daj Bo\u017ce, nie informuj\u0105 jeszcze czasem pana prezydenta (&#8230;), robi\u0105 g\u0142upie rzeczy &#8211; powiedzia\u0142 szef MON.<\/p>\n<p class=\"typography ids-typeset-body ids-typeset-body--preset-large link paragraph ids-paragraph ids-paragraph--default\">Dopytywany, czy chodzi o kwesti\u0119 niepoinformowania prezydenta o planowanym przekazaniu MiG-\u00f3w <a href=\"https:\/\/wydarzenia.interia.pl\/tematy-ukraina,gsbi,3144\" rel=\"nofollow noopener\" target=\"_blank\">Ukrainie<\/a>, odpowiedzia\u0142 &#8222;nie tylko&#8221; i doda\u0142, \u017ce w takiej sytuacji nie b\u0119dzie o nich &#8222;m\u00f3wi\u0142 z sympati\u0105&#8221;.<\/p>\n<p>Kosiniak-Kamysz: Wsp\u00f3\u0142pracownicy prezydenta przekroczyli granice<\/p>\n<p class=\"typography ids-typeset-body ids-typeset-body--preset-large link paragraph ids-paragraph ids-paragraph--default\">Kosiniak-Kamysz stwierdzi\u0142, \u017ce nigdy nie mia\u0142 z\u0142ych relacji z prezydentem Nawrockim, ale nie mo\u017ce si\u0119 zgadza\u0107, gdy szef prezydenckiego Biura Polityki Mi\u0119dzynarodowej <a href=\"https:\/\/wydarzenia.interia.pl\/tematy-marcin-przydacz,gsbi,2638\" rel=\"nofollow noopener\" target=\"_blank\">Marcin Przydacz<\/a> &#8222;m\u00f3wi nieprawd\u0119&#8221;.<\/p>\n<p class=\"typography ids-typeset-body ids-typeset-body--preset-large link paragraph ids-paragraph ids-paragraph--default\">&#8211; Bezpiecze\u0144stwo\u00a0wyjmuj\u0119 z ram sporu politycznego, b\u0119d\u0119 si\u0119 stara\u0142 ze wszystkich si\u0142 i ca\u0142ej swojej mocy, \u017ceby uzgadnia\u0107 kwestie, kt\u00f3re s\u0105 kluczowe, nie b\u0119dzie przekraczanie jednej granicy &#8211; chamstwa i k\u0142amstwa. Jak kto\u015b j\u0105 przekracza, to b\u0119d\u0119 reagowa\u0142 &#8211; powiedzia\u0142 szef MON.<\/p>\n<p class=\"typography ids-typeset-body ids-typeset-body--preset-large link paragraph ids-paragraph ids-paragraph--default\">Dopytywany, czy uwa\u017ca, \u017ce wsp\u00f3\u0142pracownicy prezydenta przekraczaj\u0105 t\u0119 granic\u0119, odpowiedzia\u0142, \u017ce tak. &#8211; Przekroczyli i jedn\u0105 i drug\u0105 &#8211; powiedzia\u0142 Kosiniak-Kamysz.<\/p>\n<p class=\"typography ids-typeset-body ids-typeset-body--preset-large link paragraph ids-paragraph ids-paragraph--default\">Jak m\u00f3wi\u0142, wprowadzili oni opini\u0119 publiczn\u0105 w b\u0142\u0105d i nie powiedzieli prawdy\u00a0ws. upadku rakiety na dom w Wyrykach, gdy &#8222;byli informowani od pierwszego dnia o mo\u017cliwych zdarzeniach&#8221; oraz ws. przekazania MiG-\u00f3w 29.<\/p>\n<p class=\"typography ids-typeset-body ids-typeset-body--preset-large link paragraph ids-paragraph ids-paragraph--default\">A chamstwo i z\u0142e dzia\u0142anie &#8211; doda\u0142 Kosiniak-Kamysz &#8211; to niedawne niewpuszczenie polskiego attach\u00e9 w Stanach Zjednoczonych na spotkanie w Pentagonie, kt\u00f3re ten przygotowa\u0142 i &#8222;zatrza\u015bni\u0119cie przed nim drzwi&#8221;. &#8211; Wszystkie te sprawy wyja\u015bni\u0142em i mam nadziej\u0119, \u017ce si\u0119 wi\u0119cej nie powt\u00f3rz\u0105 &#8211; powiedzia\u0142 szef MON.<\/p>\n<p>Polskie MIG-i dla Ukrainy. Przydacz oskar\u017ca MON o brak informacji<\/p>\n<p class=\"typography ids-typeset-body ids-typeset-body--preset-large link paragraph ids-paragraph ids-paragraph--default\">Sztab Generalny WP poinformowa\u0142 9 grudnia, \u017ce\u00a0trwaj\u0105 rozmowy ze stron\u0105 ukrai\u0144sk\u0105 na temat przekazania samolot\u00f3w MIG-29 z polskich zasob\u00f3w w zamian za technologie dronowe.<\/p>\n<p class=\"typography ids-typeset-body ids-typeset-body--preset-large link paragraph ids-paragraph ids-paragraph--default\">Dzie\u0144 p\u00f3\u017aniej Przydacz twierdzi\u0142, \u017ce prezydent nie by\u0142 na bie\u017c\u0105co informowany w tej sprawie. Sam Nawrocki i BBN uwa\u017caj\u0105, \u017ce nie otrzymali w tej sprawie informacji z kancelarii premiera, czemu zaprzeczali przedstawiciele rz\u0105du, w tym MON.<\/p>\n<p class=\"typography ids-typeset-body ids-typeset-body--preset-large link paragraph ids-paragraph ids-paragraph--default\">Jak relacjonowa\u0142 w\u00f3wczas szef MON,\u00a0sprawa MiG-\u00f3w za prezydentury Nawrockiego omawiana by\u0142a na Komitecie Rady Ministr\u00f3w do spraw Bezpiecze\u0144stwa Narodowego dwukrotnie: 16 wrze\u015bnia i 4 listopada, co &#8211; jak zaznaczy\u0142 &#8211; znajduje odzwierciedlenie w protoko\u0142ach z tych posiedze\u0144, a on sam nie mia\u0142 p\u00f3\u017aniej &#8222;\u017cadnych zapyta\u0144 ze strony Kancelarii Prezydenta, samego pana prezydenta w tej sprawie, \u017ceby rozwija\u0107 t\u0119 informacj\u0119&#8221;.<\/p>\n<p>MiG-i dla Ukrainy. BBN i rz\u0105d przerzucaj\u0105 si\u0119 oskar\u017ceniami<\/p>\n<p class=\"typography ids-typeset-body ids-typeset-body--preset-large link paragraph ids-paragraph ids-paragraph--default\">Nast\u0119pnie BBN opublikowa\u0142o wpis na portalu X, \u017ce &#8222;wbrew stwierdzeniom przedstawicieli rz\u0105du prezydent <a href=\"https:\/\/wydarzenia.interia.pl\/tematy-karol-nawrocki,gsbi,5330\" rel=\"nofollow noopener\" target=\"_blank\">Karol Nawrocki<\/a> ani BBN nie byli 'szczeg\u00f3\u0142owo informowani&#8217;\u00a0(okre\u015blenie u\u017cyte przez min. Cezarego Tomczyka) o przekazaniu MiG-\u00f3w 29 stronie ukrai\u0144skiej&#8221;.<\/p>\n<p class=\"typography ids-typeset-body ids-typeset-body--preset-large link paragraph ids-paragraph ids-paragraph--default\">&#8211; Decyzja o wydzieleniu z zasob\u00f3w Si\u0142 Zbrojnych RP cz\u0119\u015bci sprz\u0119tu bojowego &#8211; my\u015bliwc\u00f3w <a href=\"https:\/\/geekweek.interia.pl\/marki-i-produkty-mig-29,gsbi,3585\" rel=\"nofollow noopener\" target=\"_blank\">MiG-29<\/a> &#8211; i przekazaniu ich Si\u0142om Zbrojnym Ukrainy powinna by\u0107 poprzedzona odr\u0119bn\u0105 konsultacj\u0105, a przede wszystkim informacj\u0105 przekazan\u0105 bezpo\u015brednio Zwierzchnikowi Si\u0142 Zbrojnych&#8221; &#8211; ocenia BBN.<\/p>\n<p class=\"typography ids-typeset-body ids-typeset-body--preset-large link paragraph ids-paragraph ids-paragraph--default\">Jak dodano, dyskusje Komitetu ds. Bezpiecze\u0144stwa Narodowego Rady Ministr\u00f3w, pozbawione konkret\u00f3w w zakresie\u00a0skali donacji, warunk\u00f3w i daty przekazania maszyn oraz liczby samolot\u00f3w, a tym bardziej posty w mediach spo\u0142eczno\u015bciowych zapowiadaj\u0105ce decyzj\u0119 w tej sprawie umieszczane kilkadziesi\u0105t godzin temu nie s\u0105 form\u0105 rzetelnego informowania prezydenta.<\/p>\n<ul class=\"typography ids-typeset-body ids-typeset-body--preset-small list--article-list ids-list ids-list--unordered ids-list--size-small \" datatype=\"disc\">\n<li class=\"ids-list-item ids-list-item__content brief-list-item\"><a class=\"ids-undecorated-link link ids-link \" data-spons=\"false\" href=\"https:\/\/wydarzenia.interia.pl\/kraj\/news-awantura-o-mysliwce-dla-ukrainy-sikorski-dolal-oliwy-do-ogni,nId,22498321\" rel=\"nofollow noopener\" target=\"_blank\">Awantura o my\u015bliwce dla Ukrainy. Sikorski dola\u0142 oliwy do ognia. &#8222;Czy\u017c nie?&#8221;<\/a><\/li>\n<li class=\"ids-list-item ids-list-item__content brief-list-item\"><a class=\"ids-undecorated-link link ids-link \" data-spons=\"false\" href=\"https:\/\/wydarzenia.interia.pl\/kraj\/news-to-niedopuszczalne-kaczynski-ostro-o-komunikacji-rzadu-z-pre,nId,22421094\" rel=\"nofollow noopener\" target=\"_blank\">&#8222;To niedopuszczalne&#8221;. Kaczy\u0144ski ostro o komunikacji rz\u0105du z prezydentem<\/a><\/li>\n<\/ul>\n<p>Morawiecki w &#8222;Go\u015bciu Wydarze\u0144&#8221; o Donaldzie Tusku: Prze\u015bcign\u0105\u0142 Jerzego UrbanaPolsat News<\/p>\n<p><a class=\"ids-undecorated-link source ids-page-info--source__link\" href=\"https:\/\/p.iplsc.com\/-\/000L0SCEGA4O3ESS.pdf\" rel=\"nofollow noopener\" target=\"_blank\"><img decoding=\"async\" class=\"ids-image-holder__img\" loading=\"lazy\" alt=\"\" title=\"\" height=\"24px\" src=\"https:\/\/www.europesays.com\/pl\/wp-content\/uploads\/2025\/12\/0009A6098CYXTC6T-C202-F4.webp.webp\"\/><\/a><\/p>\n<p>Masz sugestie, uwagi albo widzisz b\u0142\u0105d? Napisz do nas<\/p>\n","protected":false},"excerpt":{"rendered":"Szef MON W\u0142adys\u0142aw Kosiniak-Kamysz ostro skrytykowa\u0142 wsp\u00f3\u0142pracownik\u00f3w prezydenta Nawrockiego, zarzucaj\u0105c im k\u0142amstwo i dezinformacj\u0119 w sprawie przekazywania Ukrainie&hellip;\n","protected":false},"author":2,"featured_media":155966,"comment_status":"","ping_status":"","sticky":false,"template":"","format":"standard","meta":{"footnotes":""},"categories":[12],"tags":[32,33,36,37,27,34,35,28,31,25,42,38,40,39,41,29,30,26],"class_list":{"0":"post-155965","1":"post","2":"type-post","3":"status-publish","4":"format-standard","5":"has-post-thumbnail","7":"category-polska","8":"tag-breaking-news","9":"tag-breakingnews","10":"tag-featured-news","11":"tag-featurednews","12":"tag-headlines","13":"tag-latest-news","14":"tag-latestnews","15":"tag-naglowki","16":"tag-najwazniejsze-artykuly","17":"tag-news","18":"tag-pl","19":"tag-poland","20":"tag-polish","21":"tag-polska","22":"tag-polski","23":"tag-top-stories","24":"tag-topstories","25":"tag-wiadomosci"},"share_on_mastodon":{"url":"https:\/\/pubeurope.com\/@pl\/115735065549041276","error":""},"_links":{"self":[{"href":"https:\/\/www.europesays.com\/pl\/wp-json\/wp\/v2\/posts\/155965","targetHints":{"allow":["GET"]}}],"collection":[{"href":"https:\/\/www.europesays.com\/pl\/wp-json\/wp\/v2\/posts"}],"about":[{"href":"https:\/\/www.europesays.com\/pl\/wp-json\/wp\/v2\/types\/post"}],"author":[{"embeddable":true,"href":"https:\/\/www.europesays.com\/pl\/wp-json\/wp\/v2\/users\/2"}],"replies":[{"embeddable":true,"href":"https:\/\/www.europesays.com\/pl\/wp-json\/wp\/v2\/comments?post=155965"}],"version-history":[{"count":0,"href":"https:\/\/www.europesays.com\/pl\/wp-json\/wp\/v2\/posts\/155965\/revisions"}],"wp:featuredmedia":[{"embeddable":true,"href":"https:\/\/www.europesays.com\/pl\/wp-json\/wp\/v2\/media\/155966"}],"wp:attachment":[{"href":"https:\/\/www.europesays.com\/pl\/wp-json\/wp\/v2\/media?parent=155965"}],"wp:term":[{"taxonomy":"category","embeddable":true,"href":"https:\/\/www.europesays.com\/pl\/wp-json\/wp\/v2\/categories?post=155965"},{"taxonomy":"post_tag","embeddable":true,"href":"https:\/\/www.europesays.com\/pl\/wp-json\/wp\/v2\/tags?post=155965"}],"curies":[{"name":"wp","href":"https:\/\/api.w.org\/{rel}","templated":true}]}}