{"id":155967,"date":"2025-12-17T13:08:21","date_gmt":"2025-12-17T13:08:21","guid":{"rendered":"https:\/\/www.europesays.com\/pl\/155967\/"},"modified":"2025-12-17T13:08:21","modified_gmt":"2025-12-17T13:08:21","slug":"nowy-podtyp-grypy-k-budzi-coraz-wieksze-obawy-liczba-zakazen-zapewne-wzrosnie","status":"publish","type":"post","link":"https:\/\/www.europesays.com\/pl\/155967\/","title":{"rendered":"Nowy podtyp grypy K budzi coraz wi\u0119ksze obawy. &#8222;Liczba zaka\u017ce\u0144 zapewne wzro\u015bnie&#8221;"},"content":{"rendered":"<p>SPIS TRE\u015aCI<\/p>\n<ol class=\"ods-a-table-of-content__items\">\n<li class=\"ods-a-table-of-content__item\"><a href=\"#toc-nowy-podtyp-grypy-budzi-obawy-epidemiolodzy-wykres-zachorowan-gwaltownie-wystrzelil-w-gore\" class=\"ods-a-table-of-content__link\">Nowy podtyp grypy budzi obawy. Epidemiolodzy: wykres zachorowa\u0144 gwa\u0142townie wystrzeli\u0142 w g\u00f3r\u0119<\/a><\/li>\n<li class=\"ods-a-table-of-content__item\"><a href=\"#toc-jak-wyglada-sytuacja-w-polsce-blisko-szesciokrotny-wzrost\" class=\"ods-a-table-of-content__link\">Jak wygl\u0105da sytuacja w Polsce? &#8222;Blisko sze\u015bciokrotny wzrost&#8221;<\/a><\/li>\n<li class=\"ods-a-table-of-content__item\"><a href=\"#toc-jak-chronic-sie-przed-grypa-wazne-wskazowki-gis-dla-pacjentow\" class=\"ods-a-table-of-content__link\">Jak chroni\u0107 si\u0119 przed gryp\u0105? Wa\u017cne wskaz\u00f3wki GIS dla pacjent\u00f3w<\/a><\/li>\n<\/ol>\n<p>Nowy podtyp grypy budzi obawy. Epidemiolodzy: wykres zachorowa\u0144 gwa\u0142townie wystrzeli\u0142 w g\u00f3r\u0119<\/p>\n<p class=\"ods-c-paragraph \">Jak donosi CNN, rosn\u0105ca liczba przypadk\u00f3w<a href=\"https:\/\/www.medonet.pl\/choroby-od-a-do-z\/choroby-zakazne,grypa---przyczyny--objawy-i-leczenie--szczepionka-na-grype,artykul,1579230.html\" id=\"3f0e12f8-7086-4da9-b11e-4abe06580f8a\" rel=\"nofollow noopener\" target=\"_blank\"> grypy<\/a> w USA i innych krajach pokazuje, \u017ce sezon infekcji wchodzi w wyj\u0105tkowo intensywn\u0105 faz\u0119. Dane epidemiologiczne wskazuj\u0105, \u017ce odsetek wizyt lekarskich z powodu <a href=\"https:\/\/www.medonet.pl\/choroby-od-a-do-z\/najczestsze-objawy-chorobowe,goraczka---przyczyny--domowe-sposoby-na-wysoka-temperature,artykul,1576942.html\" id=\"02155eee-0c59-4e09-8130-d59f2bead51d\" rel=\"nofollow noopener\" target=\"_blank\">gor\u0105czki<\/a> po\u0142\u0105czonej z <a href=\"https:\/\/www.medonet.pl\/choroby-od-a-do-z\/najczestsze-objawy-chorobowe,kaszel,artykul,1577313.html\" id=\"9c802209-e390-48c1-8bc8-28dcd99aa0ae\" rel=\"nofollow noopener\" target=\"_blank\">kaszlem<\/a> lub <a href=\"https:\/\/www.medonet.pl\/choroby-od-a-do-z\/choroby-nosa--gardla--uszu-i-krtani,bol-gardla---przyczyny--objawy--leczenie--domowe-sposoby-na-bol-gardla,artykul,1654425.html\" id=\"b3fe4165-e24e-47a5-8787-fc50a8adc2dd\" rel=\"nofollow noopener\" target=\"_blank\">b\u00f3lem gard\u0142a<\/a> przekroczy\u0142 pr\u00f3g epidemiczny, co oznacza, \u017ce wirus kr\u0105\u017cy ju\u017c na szerok\u0105 skal\u0119. Szczeg\u00f3lnie dynamiczny wzrost zachorowa\u0144 notuje si\u0119 w stanach p\u00f3\u0142nocno-wschodnich, gdzie hospitalizacje podwajaj\u0105 si\u0119 z tygodnia na tydzie\u0144, a epidemiolodzy opisuj\u0105 aktualny wykres zachorowa\u0144 jako gwa\u0142townie &#8222;wystrzeliwuj\u0105cy&#8221; w g\u00f3r\u0119.<\/p>\n<p class=\"ods-c-paragraph \">Podobne wczesne i intensywne fale infekcji wcze\u015bniej obserwowano w Japonii, Australii i Wielkiej Brytanii, co sugeruje, \u017ce ta zima mo\u017ce okaza\u0107 si\u0119 wyj\u0105tkowo trudna.<\/p>\n<p><a href=\"https:\/\/csr.onet.pl\/1746213\/trk\/adclick\/das,1824309,0?CS=tracking\" title=\"MedonetPRO OnetPremium\" data-astro-prefetch=\"tap\" rel=\"nofollow noopener\" target=\"_blank\"> <img decoding=\"async\" src=\"https:\/\/www.europesays.com\/pl\/wp-content\/uploads\/2025\/10\/1760947870_673_9xOk9lBaHR0cHM6Ly9vY2RuLmV1L3B1bHNjbXMvTURBXy9hMGY5NWNmMDcwYzA5MjFiZDc2NTFlYzU4MDEzNGIzNy5wbmeSlQMAA.jpeg\" height=\"200\" width=\"840\" alt=\"MedonetPRO OnetPremium\" loading=\"lazy\" class=\"ods-c-image__img ods-c-image__img--viewport-width\"\/> <\/a><\/p>\n<p>MedonetPRO OnetPremiumMedonet<\/p>\n<p class=\"ods-c-paragraph \">Za przyspieszenie tegorocznej fali odpowiada nowo dominuj\u0105cy podtyp wirusa H3N2, znane jest te\u017c okre\u015blenie jako grypa typu K. To zmutowana odmiana grypy A, kt\u00f3ra w wielu krajach zacz\u0119\u0142a wypiera\u0107 inne warianty, a wed\u0142ug analiz genetycznych stanowi ju\u017c wi\u0119kszo\u015b\u0107 badanych pr\u00f3bek. Mutacje pojawi\u0142y si\u0119 po tym, jak opracowano tegoroczn\u0105 szczepionk\u0119, dlatego preparat nie jest idealnie dopasowany \u2014 cho\u0107 nadal przewiduje si\u0119, \u017ce ogranicza ryzyko ci\u0119\u017ckiego przebiegu.<\/p>\n<p class=\"ods-c-paragraph \">Polecamy te\u017c: <a href=\"https:\/\/www.medonet.pl\/choroby-od-a-do-z\/choroby-zakazne,przed-nami-najgorszy-sezon-grypowy-od-lat--ekspertka--niepokoi-mnie-to,artykul,07148280.html\" id=\"6ba2166f-59c1-405c-9d81-1551dc6e9048\" rel=\"nofollow noopener\" target=\"_blank\">Przed nami najgorszy sezon grypowy od lat? Ekspertka: absolutnie mnie to niepokoi<\/a>.<\/p>\n<p class=\"ods-c-paragraph \">Podtyp K rozprzestrzeni\u0142 si\u0119 globalnie, wykazuj\u0105c wi\u0119ksz\u0105 zdolno\u015b\u0107 do transmisji i wywo\u0142uj\u0105c wcze\u015bniejsze ni\u017c zwykle szczyty zachorowa\u0144. &#8222;My\u015bl\u0119, \u017ce to b\u0119dzie naprawd\u0119 fatalny sezon grypowy&#8221; \u2014 powiedzia\u0142a dr Angela Rasmussen, wirusolog z Uniwersytetu Saskatchewan, cytowana przez edition.cnn.com.<\/p>\n<p class=\"ods-c-paragraph \">&#8222;Z naszych danych wynika, \u017ce \u200b\u200baktywno\u015b\u0107 grypy w USA ro\u015bnie, dlatego w\u0142a\u015bnie teraz jest najlepszy czas na szczepienie si\u0119 na ten sezon&#8221; \u2014 doda\u0142 dr Tim Uyeki, dyrektor medyczny wydzia\u0142u ds. grypy CDC, podczas rozmowy z lekarzami.<\/p>\n<p>   Jak wygl\u0105da sytuacja w Polsce? &#8222;Blisko sze\u015bciokrotny wzrost&#8221;<\/p>\n<p class=\"ods-c-paragraph \">O tym podtypie grypy wspomina\u0142a w rozmowie z Medonetem dr Bo\u017cena Janicka. Polecamy ci materia\u0142: <a href=\"https:\/\/www.medonet.pl\/choroby-od-a-do-z\/choroby-zakazne,magda-poczula-sie-zle-po-powrocie-z-wloch--objawy-zwalily-ja-z-nog--myslalam--ze-to-starosc-,artykul,05109617.html\" id=\"48881001-494f-4cf9-accf-05fa429d6a98\" rel=\"nofollow noopener\" target=\"_blank\">Magda poczu\u0142a si\u0119 \u017ale po powrocie z W\u0142och. Objawy zwali\u0142y j\u0105 z n\u00f3g. &#8222;My\u015bla\u0142am, \u017ce to staro\u015b\u0107&#8221;<\/a>. Z kolei na poni\u017cszym zdj\u0119ciu mo\u017cesz zobaczy\u0107, jak w ostatnich tygodniach wygl\u0105da wykres zachorowa\u0144 na gryp\u0119.<\/p>\n<p><img decoding=\"async\" src=\"https:\/\/www.europesays.com\/pl\/wp-content\/uploads\/2025\/12\/q3Wk9lBaHR0cHM6Ly9vY2RuLmV1L3B1bHNjbXMvTURBXy8wOTU1OGNiNDkxM2Q0NzJiZmZmZmQ1ZDgzOTcyNTJiNS5wbmeRlQLNB.jpeg\" height=\"229\" width=\"940\" alt=\"Przypadki grypy (\u0179r\u00f3d\u0142o: raport o chorobach zaka\u017anych, ezdrowie.gov.pl)\" loading=\"lazy\" class=\"ods-c-image__img ods-c-image__img--viewport-width\"\/><\/p>\n<p>Przypadki grypy (\u0179r\u00f3d\u0142o: raport o chorobach zaka\u017anych, ezdrowie.gov.pl)CeZ<\/p>\n<p class=\"ods-c-paragraph \">W tygodniu od 1 do 7 grudnia odnotowano 37,1 przypadk\u00f3w w przeliczeniu na 100 tys. mieszka\u0144c\u00f3w. Dla por\u00f3wnania, w okresie np. od 27 pa\u017adziernika do 2 listopada parametr ten wynosi\u0142 6,9, czyli ponad pi\u0119\u0107 razy mniej.<\/p>\n<p class=\"ods-c-paragraph \">Zapyta\u0142am te\u017c Marka Waszczewskiego \u2014 rzecznika G\u0142\u00f3wnego Inspektoratu Sanitarnego \u2014 czy ta mutacja dotar\u0142a ju\u017c do Polski i jak wp\u0142ywa na bie\u017c\u0105ce meldunki epidemiologiczne.<\/p>\n<p class=\"ods-c-paragraph \">\u2014 Podtyp grypy K jest obecny w meldunkach epidemiologicznych. Warto jednak mie\u0107 \u015bwiadomo\u015b\u0107, \u017ce jest on jednym z podtyp\u00f3w wirusa grypy typu A, kt\u00f3re leczy si\u0119 podobnie, maj\u0105 r\u00f3wnie\u017c podobne objawy. \u2014 t\u0142umaczy Medonetowi.<\/p>\n<p class=\"ods-c-paragraph \">Sprawd\u017a tak\u017ce: <a href=\"https:\/\/www.medonet.pl\/choroby-od-a-do-z\/choroby-zakazne,czym-sie-rozni-grypa-typu-a-od-b--takie-sa-objawy-i-przebieg,artykul,00784135.html\" id=\"2c3ecb49-df29-403d-885c-cb486b2dca9a\" rel=\"nofollow noopener\" target=\"_blank\">Czym si\u0119 r\u00f3\u017cni grypa typu A od B? Takie s\u0105 objawy i przebieg<\/a>.<\/p>\n<p class=\"ods-c-paragraph \">\u2014 Warto podkre\u015bli\u0107, \u017ce pojawiaj\u0105ce si\u0119 informacje o &#8222;nowym typie grypy&#8221; nie powinny wywo\u0142ywa\u0107 paniki. M\u00f3wimy o podtypie, wariancie istniej\u0105cego ju\u017c wirusa. Z perspektywy klinicznej leczenie pozostaje takie samo, a co najwa\u017cniejsze \u2014 obecna szczepionka chroni r\u00f3wnie\u017c przed tym podwariantem. Trzeba pami\u0119ta\u0107, \u017ce wirusy naturalnie mutuj\u0105: zmieniaj\u0105 si\u0119 na bie\u017c\u0105co, ale my tak\u017ce nie pozostajemy w tyle. Szczepionki przygotowywane na ka\u017cdy sezon uwzgl\u0119dniaj\u0105 pojawiaj\u0105ce si\u0119 mutacje. Podstawowe zasady ochrony pozostaj\u0105 jednak niezmienne: higiena, izolowanie si\u0119 wtedy, gdy \u017ale si\u0119 czujemy, i unikanie nara\u017cania innych. To wci\u0105\u017c ta sama choroba, bez wzgl\u0119du na wariant \u2014 dodaje.<\/p>\n<p class=\"ods-c-paragraph \">Marek Waszczewski odni\u00f3s\u0142 si\u0119 tak\u017ce do danych epidemiologicznych, kt\u00f3re wyra\u017anie pokazuj\u0105, \u017ce liczba zaka\u017ce\u0144 ro\u015bnie \u2014 mi\u0119dzy listopadem a 1 grudnia odnotowano niemal sze\u015bciokrotny wzrost. W zwi\u0105zku z tym GIS obserwuje, \u017ce fala zaka\u017ce\u0144 powoli si\u0119 rozp\u0119dza i pojawi\u0142y si\u0119 prognozy, \u017ce w styczniu i lutym przypadk\u00f3w b\u0119dzie jeszcze wi\u0119cej. W zesz\u0142ym roku sytuacja wygl\u0105da\u0142a podobnie, a dodatkowo niepokoi to, jak kszta\u0142tuje si\u0119 to poza granicami kraju.<\/p>\n<p>Dalszy ci\u0105g artyku\u0142u pod materia\u0142em wideo<\/p>\n<p> Jakie s\u0105 objawy grypy typu K? <\/p>\n<p> Czy szczepionka jest skuteczna przeciwko grypie typu K? <\/p>\n<p> Dlaczego liczba zaka\u017ce\u0144 wzrasta w \u015bwi\u0119ta? <\/p>\n<p> Jakie s\u0105 zasady higieny podczas grypy? <\/p>\n<p class=\"ods-c-paragraph \">\u2014 Dzieci b\u0119d\u0105 mie\u0107 teraz d\u0142u\u017csze wolne w szkole, natomiast my wszyscy b\u0119dziemy spotyka\u0107 si\u0119 w okresie \u015bwi\u0105tecznym i podr\u00f3\u017cowa\u0107 na rodzinne wizyty, wi\u0119c naturalnie liczba zaka\u017ce\u0144 zapewne wzro\u015bnie \u2014 tak dzieje si\u0119 co roku \u2014 zauwa\u017ca rzecznik GIS.<\/p>\n<p>Jak chroni\u0107 si\u0119 przed gryp\u0105? Wa\u017cne wskaz\u00f3wki GIS dla pacjent\u00f3w<\/p>\n<p class=\"ods-c-paragraph \">Rzecznik wskazywa\u0142, \u017ce w przypadku z\u0142ego samopoczucia najrozs\u0105dniej jest zosta\u0107 w domu, aby nie nara\u017ca\u0107 innych na zaka\u017cenie. Zwraca\u0142 uwag\u0119, \u017ce osoby starsze s\u0105 szczeg\u00f3lnie podatne na powik\u0142ania, dlatego przed wizyt\u0105 u bliskich warto zastanowi\u0107 si\u0119, czy nie prze\u0142o\u017cy\u0107 spotkania na moment, kiedy objawy ust\u0105pi\u0105. Podkre\u015bla\u0142 r\u00f3wnie\u017c, \u017ce u m\u0142odych i zdrowych os\u00f3b z\u0142e samopoczucie zwykle trwa kilka dni, natomiast u senior\u00f3w grypa mo\u017ce przerodzi\u0107 si\u0119 w ci\u0119\u017ckie komplikacje.<\/p>\n<p class=\"ods-c-paragraph \">Czytaj te\u017c: <a href=\"https:\/\/www.medonet.pl\/leki-od-a-do-z\/przeziebienie-i-grypa,te-dwie-grupy-najciezej-przechodza-grype--jedna-osoba-zakaza-kilka-kolejnych,artykul,83390214.html\" id=\"a5765593-40e6-477b-a2f0-1901d35b1c51\" rel=\"nofollow noopener\" target=\"_blank\">Te dwie grupy najci\u0119\u017cej przechodz\u0105 gryp\u0119. &#8222;Jedna osoba zaka\u017ca kilka kolejnych&#8221;<\/a>.<\/p>\n<p class=\"ods-c-paragraph \">GIS zwraca uwag\u0119 tak\u017ce najwa\u017cniejsze zasady higieny \u2014 regularne mycie r\u0105k po powrocie do domu oraz noszenie maseczki w miejscach, gdzie przebywa wiele os\u00f3b, zw\u0142aszcza je\u015bli wyst\u0119puj\u0105 objawy infekcji. Rzecznik przypomina\u0142, \u017ce w szpitalach mo\u017ce pojawi\u0107 si\u0119 obowi\u0105zek zak\u0142adania maseczek podczas odwiedzin, a w razie du\u017cej liczby zaka\u017ce\u0144 plac\u00f3wki mog\u0105 tymczasowo ogranicza\u0107 wizyty. Prosi\u0142 o wyrozumia\u0142o\u015b\u0107, bo dzia\u0142ania te maj\u0105 chroni\u0107 osoby najs\u0142absze.<\/p>\n<p class=\"ods-c-paragraph \">\u2014 Mam ogromny apel do wszystkich os\u00f3b, kt\u00f3re jeszcze si\u0119 nie zaszczepi\u0142y \u2014 wed\u0142ug najnowszych danych zaszczepi\u0142o si\u0119 2,1 mln os\u00f3b. Zach\u0119camy wszystkich, kt\u00f3rzy mog\u0105 i chc\u0105 si\u0119 zaszczepi\u0107 przeciwko grypie, aby to zrobili. Warto przypomnie\u0107, \u017ce szczepionka jest bezp\u0142atna dla dzieci, senior\u00f3w 65+ oraz kobiet w ci\u0105\u017cy, a dla doros\u0142ych spoza tych grup jest refundowana w 50 proc. Oznacza to koszt w wysoko\u015bci oko\u0142o dwudziestu kilku z\u0142otych \u2014 kwot\u0119 du\u017co ni\u017csz\u0105, ni\u017c sp\u0119dzenie jednego wieczoru na mie\u015bcie \u2014 powiedzia\u0142 Marek Waszczewski.<\/p>\n<p class=\"ods-c-paragraph \">To mo\u017ce ci\u0119 zainteresowa\u0107: <a href=\"https:\/\/www.medonet.pl\/choroby-od-a-do-z\/choroby-zakazne,co-dzieje-sie-w-ciele-po-szczepieniu-przeciwko-grypie--zakaznik-mowi-wprost,artykul,85969638.html\" id=\"155b8975-e6f5-425e-aeac-c9b017825b1c\" rel=\"nofollow noopener\" target=\"_blank\">Co dzieje si\u0119 w ciele po szczepieniu przeciw grypie? Zaka\u017anik m\u00f3wi wprost. &#8222;Dziwi mnie jedno&#8221;<\/a>.<\/p>\n<p class=\"ods-c-paragraph \">Warto r\u00f3wnie\u017c pami\u0119ta\u0107, \u017ce szczepienia s\u0105 dost\u0119pne w aptekach. Coraz wi\u0119cej plac\u00f3wek oferuje mo\u017cliwo\u015b\u0107 zaszczepienia si\u0119 na miejscu, bez konieczno\u015bci wizyty u lekarza, uzyskiwania recepty i powrotu do przychodni. Szczepienia w aptekach s\u0105 skuteczne i bezpieczne, a farmaceuci s\u0105 do nich odpowiednio przygotowani. Warto sprawdzi\u0107, czy pobliska apteka udost\u0119pnia tak\u0105 us\u0142ug\u0119.<\/p>\n<p> Tre\u015bci z serwisu Medonet maj\u0105 na celu polepszenie, a nie zast\u0105pienie, kontaktu pomi\u0119dzy U\u017cytkownikiem a jego lekarzem. Serwis ma charakter wy\u0142\u0105cznie informacyjno-edukacyjny. Przed zastosowaniem si\u0119 do porad z zakresu wiedzy specjalistycznej, w szczeg\u00f3lno\u015bci medycznych, zawartych w Serwisie nale\u017cy bezwzgl\u0119dnie skonsultowa\u0107 si\u0119 z lekarzem. <\/p>\n","protected":false},"excerpt":{"rendered":"SPIS TRE\u015aCI Nowy podtyp grypy budzi obawy. Epidemiolodzy: wykres zachorowa\u0144 gwa\u0142townie wystrzeli\u0142 w g\u00f3r\u0119 Jak wygl\u0105da sytuacja w&hellip;\n","protected":false},"author":2,"featured_media":155968,"comment_status":"","ping_status":"","sticky":false,"template":"","format":"standard","meta":{"footnotes":""},"categories":[5],"tags":[32,33,1845,3042,36,37,9069,27,34,35,28,31,48,25,31099,46,6927,42,38,40,39,41,47,12255,31098,29,30,26],"class_list":{"0":"post-155967","1":"post","2":"type-post","3":"status-publish","4":"format-standard","5":"has-post-thumbnail","7":"category-naglowki","8":"tag-breaking-news","9":"tag-breakingnews","10":"tag-choroby_od_a_do_z","11":"tag-choroby_zakazne","12":"tag-featured-news","13":"tag-featurednews","14":"tag-grypa","15":"tag-headlines","16":"tag-latest-news","17":"tag-latestnews","18":"tag-naglowki","19":"tag-najwazniejsze-artykuly","20":"tag-nat_styl","21":"tag-news","22":"tag-objawy_grypy","23":"tag-omp","24":"tag-pacjenci","25":"tag-pl","26":"tag-poland","27":"tag-polish","28":"tag-polska","29":"tag-polski","30":"tag-screening_general","31":"tag-szczepionki","32":"tag-szczepionki_na_grype","33":"tag-top-stories","34":"tag-topstories","35":"tag-wiadomosci"},"share_on_mastodon":{"url":"https:\/\/pubeurope.com\/@pl\/115735069017060485","error":""},"_links":{"self":[{"href":"https:\/\/www.europesays.com\/pl\/wp-json\/wp\/v2\/posts\/155967","targetHints":{"allow":["GET"]}}],"collection":[{"href":"https:\/\/www.europesays.com\/pl\/wp-json\/wp\/v2\/posts"}],"about":[{"href":"https:\/\/www.europesays.com\/pl\/wp-json\/wp\/v2\/types\/post"}],"author":[{"embeddable":true,"href":"https:\/\/www.europesays.com\/pl\/wp-json\/wp\/v2\/users\/2"}],"replies":[{"embeddable":true,"href":"https:\/\/www.europesays.com\/pl\/wp-json\/wp\/v2\/comments?post=155967"}],"version-history":[{"count":0,"href":"https:\/\/www.europesays.com\/pl\/wp-json\/wp\/v2\/posts\/155967\/revisions"}],"wp:featuredmedia":[{"embeddable":true,"href":"https:\/\/www.europesays.com\/pl\/wp-json\/wp\/v2\/media\/155968"}],"wp:attachment":[{"href":"https:\/\/www.europesays.com\/pl\/wp-json\/wp\/v2\/media?parent=155967"}],"wp:term":[{"taxonomy":"category","embeddable":true,"href":"https:\/\/www.europesays.com\/pl\/wp-json\/wp\/v2\/categories?post=155967"},{"taxonomy":"post_tag","embeddable":true,"href":"https:\/\/www.europesays.com\/pl\/wp-json\/wp\/v2\/tags?post=155967"}],"curies":[{"name":"wp","href":"https:\/\/api.w.org\/{rel}","templated":true}]}}