{"id":155981,"date":"2025-12-17T13:15:14","date_gmt":"2025-12-17T13:15:14","guid":{"rendered":"https:\/\/www.europesays.com\/pl\/155981\/"},"modified":"2025-12-17T13:15:14","modified_gmt":"2025-12-17T13:15:14","slug":"szokujace-zabojstwo-11-latki-w-jeleniej-gorze-nowe-informacje","status":"publish","type":"post","link":"https:\/\/www.europesays.com\/pl\/155981\/","title":{"rendered":"Szokuj\u0105ce zab\u00f3jstwo 11-latki w Jeleniej G\u00f3rze. Nowe informacje"},"content":{"rendered":"<ul class=\"UnorderedList_container__nmfSl\">\n<li class=\"UnorderedList_listElement__Py7xi\" data-id=\"ai-summary-link\">Du\u017co czytania, a ma\u0142o czasu? Sprawd\u017a\u00a0skr\u00f3t\u00a0artyku\u0142u<\/li>\n<\/ul>\n<p class=\"Paragraph_desktopParagraph__U31Gm\">\u2014 Od dzisiaj informacji na temat zdarzenia udziela wy\u0142\u0105cznie s\u0105d, kt\u00f3ry dosta\u0142 ju\u017c wi\u0119kszo\u015b\u0107 materia\u0142\u00f3w \u2014 tak o sprawie zab\u00f3jstwa 11-letniej Danuty w Jeleniej G\u00f3rze m\u00f3wi Onetowi prok. Ewa W\u0119glarowicz-Makowska, rzeczniczka Prokuratury Okr\u0119gowej w Jeleniej G\u00f3rze.<\/p>\n<p class=\"VideoPlayerText_videoPlayerText__iDwyz\">Dalszy ci\u0105g materia\u0142u pod wideo<\/p>\n<p class=\"Paragraph_desktopParagraph__U31Gm\">T\u0142umaczy jednak, \u017ce wczorajsza czynno\u015b\u0107 z udzia\u0142em 12-latki, kt\u00f3ra za zgod\u0105 s\u0105du zosta\u0142a zatrzymana w zwi\u0105zku z zab\u00f3jstwem, to nie by\u0142o standardowe przes\u0142uchanie, a wys\u0142uchanie. \u2014 Tej czynno\u015bci nie wykonywa\u0142 prokurator, tylko policja \u2014 s\u0142ysz\u0119.<\/p>\n<ul class=\"OchatFollowUps_wrapper__1ry7X\">\n<li class=\"OchatFollowUps_item__Dhyly OchatFollowUps_itemDesktop__R6aBv\">Co to by\u0142o za wys\u0142uchanie 12-latki?<\/li>\n<li class=\"OchatFollowUps_item__Dhyly OchatFollowUps_itemDesktop__R6aBv\">Jakie by\u0142y okoliczno\u015bci zab\u00f3jstwa 11-letniej Danuty?<\/li>\n<li class=\"OchatFollowUps_item__Dhyly OchatFollowUps_itemDesktop__R6aBv\">Czy s\u0105 \u015bwiadkowie b\u00f3jki dw\u00f3ch dziewczynek?<\/li>\n<li class=\"OchatFollowUps_item__Dhyly OchatFollowUps_itemDesktop__R6aBv\">Co z zabezpieczonym no\u017cem w sprawie?<\/li>\n<\/ul>\n<p class=\"Paragraph_desktopParagraph__U31Gm\">Policja, podobnie jak prokuratura, nie informuje o tym, czego dowiedzieli si\u0119 podczas wys\u0142uchania 12-latki i czy z rozmowy z dziewczynk\u0105 ujawni\u0142 si\u0119 motyw jej dzia\u0142ania, kt\u00f3rego dot\u0105d nie znali. Jak s\u0142yszymy, wys\u0142uchanie dziewczynki mia\u0142o na celu ustalenie og\u00f3lnych okoliczno\u015bci tej sprawy i poznanie jej sytuacji.<\/p>\n<p class=\"Paragraph_desktopParagraph__U31Gm\">\u2014 My ju\u017c zako\u0144czyli\u015bmy swoje czynno\u015bci. Od dzisiaj kompetentnym w udzielaniu jakichkolwiek informacji jest s\u0105d rodzinny, kt\u00f3ry jest gospodarzem post\u0119powania \u2014 m\u00f3wi Onetowi Edyta Bagrowska z Komendy Miejskiej Policji w Jeleniej G\u00f3rze.<\/p>\n<p class=\"Paragraph_desktopParagraph__U31Gm\">Odt\u0105d policja b\u0119dzie wykonywa\u0142a tylko te czynno\u015bci, kt\u00f3re zleci s\u0105d rodzinny.<\/p>\n<p><img decoding=\"async\" class=\"Image_image__0tuHp Image_autoHeight__f2n87 \" height=\"587\" width=\"880\" src=\"https:\/\/www.europesays.com\/pl\/wp-content\/uploads\/2025\/12\/niik9kuTURBXy9lMTExMzNmYy05ZDBkLTRlMGItYmY5ZS00ZjBiODJlNjI0ZTcuanBlZ5OVAwAAzRbCzQ8slQLNA6wAwsOVAgDNA.jpeg\" alt=\"Znicze przed szko\u0142\u0105 podstawow\u0105 nr 10 w Jeleniej G\u00f3rze\" loading=\"lazy\" \/>PAP\/Krzysztof \u0106wik<\/p>\n<p>Znicze przed szko\u0142\u0105 podstawow\u0105 nr 10 w Jeleniej G\u00f3rze<\/p>\n<p class=\"Paragraph_desktopParagraph__U31Gm\">Do sprawy zab\u00f3jstwa 11-letniej Danusi, s\u0119dzia Agnieszka Makowska ma odnie\u015b\u0107 si\u0119 w specjalnym o\u015bwiadczeniu, kt\u00f3re ma wyda\u0107 o godz. 15.<\/p>\n<p class=\"Paragraph_desktopParagraph__U31Gm\">\u2014 Pani prezes nie b\u0119dzie wtedy odpowiada\u0142a na pytania \u2014 us\u0142yszeli\u015bmy w sekretariacie S\u0105du Rejonowego w Jeleniej G\u00f3rze.<\/p>\n<p>Zab\u00f3jstwo 11-latki <\/p>\n<p class=\"Paragraph_desktopParagraph__U31Gm\">Do zbrodni, kt\u00f3ra wstrz\u0105sn\u0119\u0142a ca\u0142\u0105 Polsk\u0105, dosz\u0142o w poniedzia\u0142ek w pobli\u017cu ul. Wyspia\u0144skiego w Jeleniej G\u00f3rze. O godz. 14.46 policjanci otrzymali telefoniczne zg\u0142oszenie o b\u00f3jce dw\u00f3ch dziewczynek. Kilka minut p\u00f3\u017aniej byli ju\u017c na miejscu. Wtedy te\u017c przy strumyku odnale\u017ali cia\u0142o 11-latki. Niedaleko szko\u0142y, do kt\u00f3rej chodzi\u0142a.<\/p>\n<p class=\"Paragraph_desktopParagraph__U31Gm\">\u2014 W momencie, kiedy przyjecha\u0142 zesp\u00f3\u0142 ratownictwa medycznego, dziewczynka ju\u017c nie \u017cy\u0142a \u2014 m\u00f3wi\u0142a prokurator Ewa W\u0119glarowicz-Makowska.<\/p>\n<p><img decoding=\"async\" class=\"Image_image__0tuHp Image_autoHeight__f2n87 \" height=\"587\" width=\"880\" src=\"https:\/\/www.europesays.com\/pl\/wp-content\/uploads\/2025\/12\/vHFk9kuTURBXy9hNWM4MjRmOC03MzRhLTRmNDEtYjYyNC04OTEzZjczYzVhMTkuanBlZ5OVAwAAzRgEzRADlQLNA6wAwsOVAgDNA.jpeg\" alt=\"Szko\u0142a podstawowa nr 10 w Jeleniej G\u00f3rze\" loading=\"lazy\" \/>PAP\/Krzysztof \u0106wik<\/p>\n<p>Szko\u0142a podstawowa nr 10 w Jeleniej G\u00f3rze<\/p>\n<p>&#8222;Mamy \u015bwiadk\u00f3w, kt\u00f3rzy widzieli t\u0119 b\u00f3jk\u0119&#8221; <\/p>\n<p class=\"Paragraph_desktopParagraph__U31Gm\"><a href=\"https:\/\/wiadomosci.onet.pl\/wroclaw\/zabojstwo-11-latki-w-jeleniej-gorze-mamy-swiadkow-ktorzy-widzieli-bojke\/55bpfmk\" id=\"aba9afcb-1026-4d73-8a9d-143dc1f744f9\" rel=\"nofollow noopener\" target=\"_blank\">\u015aledczy od pocz\u0105tku wiedzieli, \u017ce maj\u0105 do czynienia z zab\u00f3jstwem<\/a>. Na ciele 11-latki widoczne by\u0142y obra\u017cenia, kt\u00f3re kto\u015b zada\u0142 ostrym narz\u0119dziem. Szybko ustalili, \u017ce zwi\u0105zek ze zbrodni\u0105 mo\u017ce mie\u0107 12-latka z tej samej podstaw\u00f3wki. Zgod\u0119 na jej zatrzymanie wyda\u0142 s\u0105d rodzinny.<\/p>\n<p class=\"Paragraph_desktopParagraph__U31Gm\">\u2014 Mamy \u015bwiadk\u00f3w, kt\u00f3rzy widzieli t\u0119 b\u00f3jk\u0119. Jednym z nich jest osoba, kt\u00f3ra nam to zg\u0142osi\u0142a \u2014 m\u00f3wi\u0142a Onetowi Edyta Bagrowska z Komendy Miejskiej Policji w Jeleniej G\u00f3rze.<\/p>\n<p class=\"Paragraph_desktopParagraph__U31Gm\">\u2014 Te dziewczynki na pewno zna\u0142y si\u0119 z widzenia. Chodzi\u0142y do tej samej szko\u0142y, natomiast nie by\u0142y kole\u017cankami \u2014 us\u0142yszeli\u015bmy wczoraj od prok. W\u0119glarowicz-Makowskiej.<\/p>\n<p class=\"Paragraph_desktopParagraph__U31Gm\">\u015aledczy zabezpieczyli n\u00f3\u017c typu &#8222;finka&#8221;, kt\u00f3rym 12-latka prawdopodobnie zaatakowa\u0142a o rok m\u0142odsz\u0105 dziewczynk\u0119. Radio ZET dowiedzia\u0142o si\u0119 nieoficjalnie, \u017ce <a href=\"https:\/\/wiadomosci.onet.pl\/wroclaw\/wstrzasajace-zabojstwo-w-jeleniej-gorze-nieoficjalnie-12-latka-miala-noz-na-lekcjach\/c791pky\" id=\"a4118e7a-3adc-4540-b77d-0cb9ca41182d\" rel=\"nofollow noopener\" target=\"_blank\">zatrzymana mia\u0142a przy sobie n\u00f3\u017c ju\u017c podczas lekcji i mia\u0142a si\u0119 nim chwali\u0107.<\/a><\/p>\n<p class=\"Paragraph_desktopParagraph__U31Gm\">Kontakt z autorem: tomasz.pajaczek@redakcjaonet.pl<\/p>\n","protected":false},"excerpt":{"rendered":"Du\u017co czytania, a ma\u0142o czasu? Sprawd\u017a\u00a0skr\u00f3t\u00a0artyku\u0142u \u2014 Od dzisiaj informacji na temat zdarzenia udziela wy\u0142\u0105cznie s\u0105d, kt\u00f3ry dosta\u0142&hellip;\n","protected":false},"author":2,"featured_media":155982,"comment_status":"","ping_status":"","sticky":false,"template":"","format":"standard","meta":{"footnotes":""},"categories":[5],"tags":[32,33,245,36,37,66,27,67,34,35,28,31,53,25,52,68,51,55,42,38,251,40,39,41,984,47,29,30,50,26,3459],"class_list":{"0":"post-155981","1":"post","2":"type-post","3":"status-publish","4":"format-standard","5":"has-post-thumbnail","7":"category-naglowki","8":"tag-breaking-news","9":"tag-breakingnews","10":"tag-dziecko_dzieci_dziecinstwo","11":"tag-featured-news","12":"tag-featurednews","13":"tag-give_me_perspective","14":"tag-headlines","15":"tag-intextvideo_splayer","16":"tag-latest-news","17":"tag-latestnews","18":"tag-naglowki","19":"tag-najwazniejsze-artykuly","20":"tag-new_header","21":"tag-news","22":"tag-onet3","23":"tag-onet3d","24":"tag-onet3d_2i","25":"tag-phx","26":"tag-pl","27":"tag-poland","28":"tag-policja_policjanci_policjant_policjantka_policjantki","29":"tag-polish","30":"tag-polska","31":"tag-polski","32":"tag-prawo_sady_sedziowie_sedzia_sad_sadownictwo_prawnik_prawnicy_prawniczka","33":"tag-screening_general","34":"tag-top-stories","35":"tag-topstories","36":"tag-v2021","37":"tag-wiadomosci","38":"tag-zabojstwo_morderstwo_morderstwa_zabojstwa"},"share_on_mastodon":{"url":"","error":"Validation failed: Text character limit of 500 exceeded"},"_links":{"self":[{"href":"https:\/\/www.europesays.com\/pl\/wp-json\/wp\/v2\/posts\/155981","targetHints":{"allow":["GET"]}}],"collection":[{"href":"https:\/\/www.europesays.com\/pl\/wp-json\/wp\/v2\/posts"}],"about":[{"href":"https:\/\/www.europesays.com\/pl\/wp-json\/wp\/v2\/types\/post"}],"author":[{"embeddable":true,"href":"https:\/\/www.europesays.com\/pl\/wp-json\/wp\/v2\/users\/2"}],"replies":[{"embeddable":true,"href":"https:\/\/www.europesays.com\/pl\/wp-json\/wp\/v2\/comments?post=155981"}],"version-history":[{"count":0,"href":"https:\/\/www.europesays.com\/pl\/wp-json\/wp\/v2\/posts\/155981\/revisions"}],"wp:featuredmedia":[{"embeddable":true,"href":"https:\/\/www.europesays.com\/pl\/wp-json\/wp\/v2\/media\/155982"}],"wp:attachment":[{"href":"https:\/\/www.europesays.com\/pl\/wp-json\/wp\/v2\/media?parent=155981"}],"wp:term":[{"taxonomy":"category","embeddable":true,"href":"https:\/\/www.europesays.com\/pl\/wp-json\/wp\/v2\/categories?post=155981"},{"taxonomy":"post_tag","embeddable":true,"href":"https:\/\/www.europesays.com\/pl\/wp-json\/wp\/v2\/tags?post=155981"}],"curies":[{"name":"wp","href":"https:\/\/api.w.org\/{rel}","templated":true}]}}