{"id":156025,"date":"2025-12-17T13:42:11","date_gmt":"2025-12-17T13:42:11","guid":{"rendered":"https:\/\/www.europesays.com\/pl\/156025\/"},"modified":"2025-12-17T13:42:11","modified_gmt":"2025-12-17T13:42:11","slug":"zabojstwo-11-latki-w-jeleniej-gorze-minister-zurek-o-mozliwej-karze-dla-12-latki-onet","status":"publish","type":"post","link":"https:\/\/www.europesays.com\/pl\/156025\/","title":{"rendered":"Zab\u00f3jstwo 11-latki w Jeleniej G\u00f3rze. Minister \u017burek o mo\u017cliwej karze dla 12-latki &#8211; Onet"},"content":{"rendered":"<ol>\n<li><a href=\"https:\/\/news.google.com\/rss\/articles\/CBMi1wFBVV95cUxNbEhkdDdBMEpuSEt4NU5DQVZmSy0zV19VbTFCd1hud1VNcGZybFY1SktzcXZCd3FlOEJQUldWUl8waFRXSWRXaGxGWDlNVS1VZDI3SE1IdTQ0QURuNk11LWI3SXp6NVY4aUNQSXpCMkRySzBweHdteC1VbXBSOXZKWTNmcElLeV9xUFpMTkhqZjFpMkhsRU95WjJxbHdYTEZKVjM0bk4zaUVEeEhHV2M4TFZ4VFNFWlI5N0RGYkNSMXlIYm4xOW90U0o4ZU5aXzVaM2VZUHdBTQ?oc=5\" target=\"_blank\" rel=\"nofollow noopener\">Zab\u00f3jstwo 11-latki w Jeleniej G\u00f3rze. Minister \u017burek o mo\u017cliwej karze dla 12-latki<\/a>&nbsp;&nbsp;Onet<\/li>\n<li><a href=\"https:\/\/news.google.com\/rss\/articles\/CBMiogFBVV95cUxOMUFOVUFPQUpMU1RMd0JOOHRlWEFvaFlaWUJMSUpkQkp1cEhRd2c3Z0FKbjBCTWxnLTJpUkhFQ3JMVTNBTElZTnoyaXlPX19MajV2YmxKd1J3bkwxNzdCT2RzT3Q1MURVR0VraWFCTUx6WEdPWi1TSmI5dkRvblZtTnJPV2FhSFVNU010UkFfNEg2UEE0VlZkQ056QXBnalh6Unc?oc=5\" target=\"_blank\" rel=\"nofollow noopener\">To on pierwszy wezwa\u0142 policj\u0119 w Jeleniej G\u00f3rze. Zobaczy\u0142 &#8222;b\u00f3jk\u0119 nastolatek&#8221;<\/a>&nbsp;&nbsp;Onet Wiadomo\u015bci<\/li>\n<li><a href=\"https:\/\/news.google.com\/rss\/articles\/CBMi1AFBVV95cUxPSkVSczZFMnlvTFVJdTFMcXZ1NGE2cWUzZWg4aWRSNU5FcmFDUWlMT0ttVjdLaHRmLTN0MXFrbWxmSTl6UDg5X0pKSS1kYW5rcjZRaU5EV05hSUJITC0wV1I4eGRUbVhmSTRtbGpGR0lQeVVtQlpVT2M0T3ZLNU81SkFJR2gxR1dJVUNBSjVNOWtBd29kQXg3RDFkLWkxclNNYmd5TUJpanVXX0JjMm1TMUVrRjBQNGhLUWVYMUNXb1FISU8zei01WUM5d1F5Q093RDBGdQ?oc=5\" target=\"_blank\" rel=\"nofollow noopener\">Zbrodnia w Jeleniej G\u00f3rze. Co s\u0105d zrobi z 12-latk\u0105? &#8222;Nikt nie zak\u0142ada\u0142, \u017ce dzieci pope\u0142ni\u0105 zbrodni\u0119&#8221;<\/a>&nbsp;&nbsp;WP Wiadomo\u015bci<\/li>\n<li><a href=\"https:\/\/news.google.com\/rss\/articles\/CBMiqwFBVV95cUxPaHNvWmU5cElVQzZsZnB2aEFTS0NjSll4aHJOMDZqdm15cHJqblZuSkt2R243dWNIc3JGaGRXeWcyOGNDOEU0Sl9DSlBGVWowQWJiUTJyd252aGRMV1psWGtsb2hwdVVfV29Hb2J1Z0hhb2hYZWp5SHBFN3lYOWo0THdWNTlrbGdmOHYyOE9IbzU0QVRLcFh4dVlzYTg0VE82X3B5X01idUN6dzg?oc=5\" target=\"_blank\" rel=\"nofollow noopener\">Jelenia G\u00f3ra. \u015amier\u0107 11-letniej Danusi. Minister sprawiedliwo\u015bci o sprawie<\/a>&nbsp;&nbsp;TVN24<\/li>\n<li><a href=\"https:\/\/news.google.com\/rss\/articles\/CBMitAFBVV95cUxPMF9yZlNRV2pWanVFU205d3p2S0FURnVGbEZiZjM4SlRnQ1loY2preFlVR3J4Uy1NRHRjMmFzZS1OVVMyNVpTYXgwTDlDSDU1X3ZFcWczOW9hdTdVTEdxd1hqTXFWcEhYaTVLWEt3bjA2RFJQc2NfcmZoNmtreDNQUWR2NnZPbUcwVVJua0JSaEFaRWRqZ0tRbXBZaE12ZTJ5bmoySFJZaUtuRWtOS2pGWnBXX3E?oc=5\" target=\"_blank\" rel=\"nofollow noopener\">Zab\u00f3jstwo 11-latki w Jeleniej G\u00f3rze. Policja wys\u0142ucha\u0142a zatrzyman\u0105 12-latk\u0119<\/a>&nbsp;&nbsp;RMF24<\/li>\n<\/ol>\n","protected":false},"excerpt":{"rendered":"Zab\u00f3jstwo 11-latki w Jeleniej G\u00f3rze. Minister \u017burek o mo\u017cliwej karze dla 12-latki&nbsp;&nbsp;Onet To on pierwszy wezwa\u0142 policj\u0119 w&hellip;\n","protected":false},"author":2,"featured_media":156026,"comment_status":"","ping_status":"","sticky":false,"template":"","format":"standard","meta":{"footnotes":""},"categories":[12],"tags":[32,33,36,37,27,30648,34,35,28,31,53,25,52,68,51,55,42,38,40,39,41,47,1998,29,30,65,50,793,26,3459],"class_list":{"0":"post-156025","1":"post","2":"type-post","3":"status-publish","4":"format-standard","5":"has-post-thumbnail","7":"category-polska","8":"tag-breaking-news","9":"tag-breakingnews","10":"tag-featured-news","11":"tag-featurednews","12":"tag-headlines","13":"tag-jelenia_gora","14":"tag-latest-news","15":"tag-latestnews","16":"tag-naglowki","17":"tag-najwazniejsze-artykuly","18":"tag-new_header","19":"tag-news","20":"tag-onet3","21":"tag-onet3d","22":"tag-onet3d_2i","23":"tag-phx","24":"tag-pl","25":"tag-poland","26":"tag-polish","27":"tag-polska","28":"tag-polski","29":"tag-screening_general","30":"tag-short_news","31":"tag-top-stories","32":"tag-topstories","33":"tag-update_me","34":"tag-v2021","35":"tag-waldemar_zurek","36":"tag-wiadomosci","37":"tag-zabojstwo_morderstwo_morderstwa_zabojstwa"},"share_on_mastodon":{"url":"https:\/\/pubeurope.com\/@pl\/115735202558230064","error":""},"_links":{"self":[{"href":"https:\/\/www.europesays.com\/pl\/wp-json\/wp\/v2\/posts\/156025","targetHints":{"allow":["GET"]}}],"collection":[{"href":"https:\/\/www.europesays.com\/pl\/wp-json\/wp\/v2\/posts"}],"about":[{"href":"https:\/\/www.europesays.com\/pl\/wp-json\/wp\/v2\/types\/post"}],"author":[{"embeddable":true,"href":"https:\/\/www.europesays.com\/pl\/wp-json\/wp\/v2\/users\/2"}],"replies":[{"embeddable":true,"href":"https:\/\/www.europesays.com\/pl\/wp-json\/wp\/v2\/comments?post=156025"}],"version-history":[{"count":0,"href":"https:\/\/www.europesays.com\/pl\/wp-json\/wp\/v2\/posts\/156025\/revisions"}],"wp:featuredmedia":[{"embeddable":true,"href":"https:\/\/www.europesays.com\/pl\/wp-json\/wp\/v2\/media\/156026"}],"wp:attachment":[{"href":"https:\/\/www.europesays.com\/pl\/wp-json\/wp\/v2\/media?parent=156025"}],"wp:term":[{"taxonomy":"category","embeddable":true,"href":"https:\/\/www.europesays.com\/pl\/wp-json\/wp\/v2\/categories?post=156025"},{"taxonomy":"post_tag","embeddable":true,"href":"https:\/\/www.europesays.com\/pl\/wp-json\/wp\/v2\/tags?post=156025"}],"curies":[{"name":"wp","href":"https:\/\/api.w.org\/{rel}","templated":true}]}}