{"id":156029,"date":"2025-12-17T13:45:11","date_gmt":"2025-12-17T13:45:11","guid":{"rendered":"https:\/\/www.europesays.com\/pl\/156029\/"},"modified":"2025-12-17T13:45:11","modified_gmt":"2025-12-17T13:45:11","slug":"czwarty-juror-w-mam-talent-szykuje-sie-wielki-powrot-do-tvn-u","status":"publish","type":"post","link":"https:\/\/www.europesays.com\/pl\/156029\/","title":{"rendered":"Czwarty juror w &#8222;Mam talent!&#8221;. Szykuje si\u0119 wielki powr\u00f3t do TVN-u"},"content":{"rendered":"<p class=\"ods-c-paragraph \">Wedle doniesie\u0144 Pudelka w sk\u0142adzie jurorskim znajd\u0105 si\u0119 <a href=\"https:\/\/kultura.onet.pl\/agnieszka-chylinska-wokalistka\" id=\"c26fefac-1505-4807-bdc6-3ac3d24b8c5d\" rel=\"nofollow noopener\" target=\"_blank\">Agnieszka Chyli\u0144ska<\/a>, <a href=\"https:\/\/kultura.onet.pl\/julia-wieniawa\" id=\"10f7aec6-dd30-4273-893f-7900b82dd402\" rel=\"nofollow noopener\" target=\"_blank\">Julia Wieniawa<\/a>, <a href=\"https:\/\/kultura.onet.pl\/marcin-prokop-dziennikarz\" id=\"7e3adc23-65a0-42c6-a0d8-09e1c6766c4c\" rel=\"nofollow noopener\" target=\"_blank\">Marcin Prokop<\/a> oraz <a href=\"https:\/\/plejada.pl\/temat\/agustin-egurrola\/yx5pd54\" id=\"52bd2e36-119c-43b3-b736-9c57fdc9ee0b\" rel=\"nofollow noopener\" target=\"_blank\">Agustin Egurrola<\/a>. Decyzja o rozszerzeniu grona juror\u00f3w zapad\u0142a po d\u0142ugich rozmowach w stacji. Jak ustali\u0142 portal, dyrektor programowa TVN-u od dawna my\u015bla\u0142a o od\u015bwie\u017ceniu formatu, jednak nie chcia\u0142a rozbija\u0107 dotychczasowego zespo\u0142u. Dlatego, zamiast kogo\u015b zwalnia\u0107, postanowi\u0142a zaprosi\u0107 do programu czwart\u0105 osob\u0119.<\/p>\n<p>Dalszy ci\u0105g artyku\u0142u pod materia\u0142em wideo<\/p>\n<p> Kto jest nowym prowadz\u0105cym program 'Mam talent&#8217;? <\/p>\n<p> Kiedy Agustin Egurrola zacz\u0105\u0142 pracowa\u0107 w 'Mam talent&#8217;? <\/p>\n<p> Co si\u0119 zmieni\u0142o w sk\u0142adzie jury programu 'Mam talent&#8217;? <\/p>\n<p> Kiedy b\u0119dzie emitowany odcinek \u015bwi\u0105teczny z Agustinem Egurrol\u0105? <\/p>\n<p>  Agustin Egurrola ponownie w jury &#8222;Mam talent&#8221;<\/p>\n<p class=\"ods-c-paragraph \">Wed\u0142ug informacji uzyskanych przez Pudelka produkcja zdecydowa\u0142a si\u0119 na Egurrol\u0119, uznaj\u0105c, \u017ce doskonale zna program i ma du\u017ce do\u015bwiadczenie w roli jurora. Negocjacje z nim nie trwa\u0142y d\u0142ugo, poniewa\u017c bardzo zale\u017ca\u0142o mu na powrocie do telewizji. &#8222;Go\u015bcinnie pojawi si\u0119 w roli Miko\u0142aja w odcinku \u015bwi\u0105tecznym, kt\u00f3ry b\u0119dzie emitowany na Bo\u017ce Narodzenie, a na sta\u0142e widzowie zobacz\u0105 go na ekranie od marca&#8221; \u2014 powiedzia\u0142a osoba z produkcji.<\/p>\n<blockquote class=\"ods-o-quota\">\n<p class=\"ods-o-quota__paragraph\">Na razie Agustin \u015bciera si\u0119 z Marcinem. Panowie sobie dogaduj\u0105 i walcz\u0105 o czas ekranowy w spos\u00f3b, kt\u00f3ry jest nie tylko inteligentny, ale i zabawny. Cho\u0107 Agustin przychodzi na plan przezi\u0119biony i w przerwach m\u00f3wi, \u017ce mu to doskwiera, to przed kamerami nie traci fasonu i nie daje po sobie zna\u0107, \u017ce \u017ale si\u0119 czuje. Jego j\u0119zyk dalej potrafi by\u0107 ostry jak brzytwa i wszyscy zacieraj\u0105 ju\u017c r\u0119ce na to, co b\u0119dzie si\u0119 dzia\u0142o podczas kolejnych nagra\u0144, bo obieca\u0142 miesza\u0107<\/p>\n<\/blockquote>\n<p class=\"ods-c-paragraph \">\u2014 dodaje informator Pudelka.<\/p>\n<p class=\"ods-c-paragraph \">W mediach spo\u0142eczno\u015bciowych programu od wczoraj pojawiaj\u0105 si\u0119 zapowiedzi rych\u0142ego og\u0142oszenia nazwiska nowego jurora. Tymczasem fani po ukazaniu cz\u0119\u015bci jego wizerunku, domy\u015blaj\u0105 si\u0119, \u017ce chodzi w\u0142a\u015bnie o Egurrol\u0119.<\/p>\n<p class=\"ods-c-paragraph \">Choreograf by\u0142 ju\u017c jurorem w &#8222;Mam talent!&#8221; w latach 2013-2019. Wcze\u015bniej ocenia\u0142 uczestnik\u00f3w w programie &#8222;You Can Dance&#8221;, r\u00f3wnie\u017c na antenie TVN. <a href=\"https:\/\/www.onet.pl\/styl-zycia\/plejada\/egurrola-zostal-zapytany-o-rusin-ktora-krytykuje-prezesa-tvp-zaskakujace-slowa\/56bzllv,0898b825\" id=\"4f72d2c6-8f95-4ebb-8bac-30f6f49d0939\" rel=\"nofollow noopener\" target=\"_blank\">W 2021 r. zacz\u0105\u0142 prac\u0119 w TVP<\/a> i zosta\u0142 jurorem w programie &#8222;You Can Dance \u2014 nowa generacja&#8221; oraz &#8222;Dance Dance Dance&#8221;. Po kilku latach wsp\u00f3\u0142pracy z TVP, gdzie pracowa\u0142 przy r\u00f3\u017cnych produkcjach, Egurrola znikn\u0105\u0142 z telewizyjnych ekran\u00f3w.<\/p>\n<p class=\"ods-c-paragraph \">Zobacz te\u017c: <\/p>\n","protected":false},"excerpt":{"rendered":"Wedle doniesie\u0144 Pudelka w sk\u0142adzie jurorskim znajd\u0105 si\u0119 Agnieszka Chyli\u0144ska, Julia Wieniawa, Marcin Prokop oraz Agustin Egurrola. Decyzja&hellip;\n","protected":false},"author":2,"featured_media":156030,"comment_status":"","ping_status":"","sticky":false,"template":"","format":"standard","meta":{"footnotes":""},"categories":[22],"tags":[16832,13014,31101,122,1654,2956,919,48,46,42,38,40,39,41,123,47,318],"class_list":{"0":"post-156029","1":"post","2":"type-post","3":"status-publish","4":"format-standard","5":"has-post-thumbnail","7":"category-rozrywka","8":"tag-_mam_talent_","9":"tag-agnieszka_chylinska","10":"tag-agustin_egurrola","11":"tag-entertainment","12":"tag-julia_wieniawa","13":"tag-marcin_prokop","14":"tag-najnowsze_wiadomosci_kultura","15":"tag-nat_styl","16":"tag-omp","17":"tag-pl","18":"tag-poland","19":"tag-polish","20":"tag-polska","21":"tag-polski","22":"tag-rozrywka","23":"tag-screening_general","24":"tag-tvn"},"share_on_mastodon":{"url":"https:\/\/pubeurope.com\/@pl\/115735214350631338","error":""},"_links":{"self":[{"href":"https:\/\/www.europesays.com\/pl\/wp-json\/wp\/v2\/posts\/156029","targetHints":{"allow":["GET"]}}],"collection":[{"href":"https:\/\/www.europesays.com\/pl\/wp-json\/wp\/v2\/posts"}],"about":[{"href":"https:\/\/www.europesays.com\/pl\/wp-json\/wp\/v2\/types\/post"}],"author":[{"embeddable":true,"href":"https:\/\/www.europesays.com\/pl\/wp-json\/wp\/v2\/users\/2"}],"replies":[{"embeddable":true,"href":"https:\/\/www.europesays.com\/pl\/wp-json\/wp\/v2\/comments?post=156029"}],"version-history":[{"count":0,"href":"https:\/\/www.europesays.com\/pl\/wp-json\/wp\/v2\/posts\/156029\/revisions"}],"wp:featuredmedia":[{"embeddable":true,"href":"https:\/\/www.europesays.com\/pl\/wp-json\/wp\/v2\/media\/156030"}],"wp:attachment":[{"href":"https:\/\/www.europesays.com\/pl\/wp-json\/wp\/v2\/media?parent=156029"}],"wp:term":[{"taxonomy":"category","embeddable":true,"href":"https:\/\/www.europesays.com\/pl\/wp-json\/wp\/v2\/categories?post=156029"},{"taxonomy":"post_tag","embeddable":true,"href":"https:\/\/www.europesays.com\/pl\/wp-json\/wp\/v2\/tags?post=156029"}],"curies":[{"name":"wp","href":"https:\/\/api.w.org\/{rel}","templated":true}]}}