{"id":156036,"date":"2025-12-17T13:51:12","date_gmt":"2025-12-17T13:51:12","guid":{"rendered":"https:\/\/www.europesays.com\/pl\/156036\/"},"modified":"2025-12-17T13:51:12","modified_gmt":"2025-12-17T13:51:12","slug":"kibice-hukneli-do-nawrockiego-cios-prosto-w-tuska-teraz-wszystko-wychodzi","status":"publish","type":"post","link":"https:\/\/www.europesays.com\/pl\/156036\/","title":{"rendered":"Kibice hukn\u0119li do Nawrockiego, cios prosto w Tuska. Teraz wszystko wychodzi"},"content":{"rendered":"<p class=\"typography ids-typeset-body ids-typeset-body--preset-large link paragraph ids-paragraph ids-paragraph--default\">Prezydentura Karola Nawrockiego ju\u017c na wst\u0119pie zosta\u0142a naznaczona mocnym sportowym akcentem. Zaledwie kilka dni po zaprzysi\u0119\u017ceniu polityk pojawi\u0142 si\u0119 bowiem na ekstraklasowym meczu Lechia Gda\u0144sk &#8211; Motor Lublin. Spotka\u0142 si\u0119 <a href=\"https:\/\/sport.interia.pl\/sportowe-zycie\/news-kibice-lechii-hukneli-do-nawrockiego-szpila-wbita-w-tuska-po,nId,22173833\" target=\"_self\" rel=\"nofollow noopener\">z du\u017c\u0105 przychylno\u015bci\u0105 kibic\u00f3w<\/a>, kt\u00f3rzy przygotowali dla niego specjalny transparent.<\/p>\n<blockquote role=\"blockquote\" class=\"quote ids-quote ids-quote--nosurface--short--medium\"><p>By\u0142e\u015b, jeste\u015b, b\u0119dziesz zawsze kibicem Lechii- zwr\u00f3cili si\u0119 do g\u0142owy pa\u0144stwa.<\/p><\/blockquote>\n<p class=\"typography ids-typeset-body ids-typeset-body--preset-large link paragraph ids-paragraph ids-paragraph--default\">By\u0142o to w pewnym sensie nawi\u0105zanie do innego banera, kt\u00f3ry w 2011 roku zaprezentowali fani Lechii, kiedy to na gda\u0144skim stadionie go\u015bci\u0142 Donald Tusk. &#8222;Nie jeste\u015b, nie by\u0142e\u015b, nie b\u0119dziesz nigdy kibicem Lechii&#8221; &#8211; przekazali w\u00f3wczas, umieszczaj\u0105c has\u0142o obok wizerunku premiera. To nie wszystko. Polityk musia\u0142 bowiem wys\u0142ucha\u0107 gwizd\u00f3w i nieprzyjemnych okrzyk\u00f3w pod swoim adresem. Zupe\u0142nie inaczej ni\u017c wiele lat p\u00f3\u017aniej Nawrocki, kt\u00f3ry niedawno\u00a0sam podzieli\u0142 si\u0119 wra\u017ceniami\u00a0i do\u015bwiadczeniami oko\u0142okibicowskimi.<\/p>\n<p>Kulisy wizyty Karola Nawrockiego na stadionie. &#8222;Taki jest prezydent, taki mamy model wsp\u00f3\u0142pracy&#8221;<\/p>\n<p class=\"typography ids-typeset-body ids-typeset-body--preset-large link paragraph ids-paragraph ids-paragraph--default\">Podczas udzia\u0142u Karola Nawrockiego w audycji miko\u0142ajkowej w Kanale Zero nie zabrak\u0142o w\u0105tku dotycz\u0105cego wizyt prezydenta na pi\u0142karskich stadionach. Nawrocki zasygnalizowa\u0142, \u017ce z takich aktywno\u015bci nie zrezygnuje. Co wi\u0119cej, ma w planach niejako rozszerzenie tego pola swojej dzia\u0142alno\u015bci i chce kibicowa\u0107 nie tylko pi\u0142karzom, ale te\u017c innym polskim sportowcom.<\/p>\n<blockquote role=\"blockquote\" class=\"quote ids-quote ids-quote--nosurface--short--medium\"><p>Ja generalnie interesuj\u0119 si\u0119 sportem. Jako prezydent b\u0119d\u0119 bra\u0142 udzia\u0142 w wydarzeniach sportowych, kt\u00f3re nie odnosz\u0105 si\u0119 tylko do pi\u0142ki no\u017cnej i do boksu- m\u00f3wi\u0142.<\/p><\/blockquote>\n<p class=\"typography ids-typeset-body ids-typeset-body--preset-large link paragraph ids-paragraph ids-paragraph--default\">&#8222;Interesuj\u0119 si\u0119 polskimi sportami dru\u017cynowymi, pi\u0142k\u0105 r\u0119czn\u0105, siatk\u00f3wk\u0105. Jestem wielkim fanem sportu, szczeg\u00f3lnie polskich reprezentacji we wszystkich dyscyplinach. Zobaczycie mnie jeszcze pa\u0144stwo\u00a0w ods\u0142onach poza boksem i poza pi\u0142k\u0105 no\u017cn\u0105. Oczywi\u015bcie jako prezydenta Polski&#8221; &#8211; obieca\u0142. I doda\u0142: &#8222;Przypominam, \u017ce prezydent Polski jest te\u017c patronem ca\u0142ego ruchu olimpijskiego, wszystkich dyscyplin sportowych&#8221;.<\/p>\n<p class=\"typography ids-typeset-body ids-typeset-body--preset-large link paragraph ids-paragraph ids-paragraph--default\">Przyzna\u0142, \u017ce przez wizyty na stadionach funkcjonariusze S\u0142u\u017cby Ochrony Pa\u0144stwa nie maj\u0105 z nim lekko. Nie s\u0105 tym zachwyceni, lecz &#8211; jak zapewni\u0142 Karol Nawrocki &#8211; zachowuj\u0105 ca\u0142kowity profesjonalizm.<\/p>\n<p class=\"typography ids-typeset-body ids-typeset-body--preset-large link paragraph ids-paragraph ids-paragraph--default\">&#8222;Rzeczywi\u015bcie, funkcjonariusze SOP-u m\u00f3wi\u0105 mi, \u017ce z takim prezydentem jeszcze nie pracowali. Po raz pierwszy byli na stadionie pi\u0142karskim w tej strefie, kt\u00f3ra jest dla aktywnych kibic\u00f3w. Cz\u0119sto te\u017c zatrzymujemy ca\u0142\u0105 kolumn\u0119 na ulicy. Dla nich to jest na pewno wielkie wyzwanie, czego nie kryj\u0105. Ale wywi\u0105zuj\u0105 si\u0119. Taki jest prezydent, taki mamy model wsp\u00f3\u0142pracy&#8221; &#8211; podsumowa\u0142 temat prezydent.<\/p>\n<p>&#8222;Go\u015b\u0107 Wydarze\u0144&#8221;. Kolejne weto Nawrockiego. Bogucki t\u0142umaczy decyzj\u0119 prezydentaPolsat NewsPolsat News<\/p>\n<p><img decoding=\"async\" class=\"ids-image-holder__img\" loading=\"lazy\" alt=\"M\u0119\u017cczyzna w garniturze przemawia do mikrofonu na tle bia\u0142o-czerwonej flagi, prezentuj\u0105c powa\u017cny wyraz twarzy.\" title=\"Prezydent Karol Nawrocki\" width=\"2000\" height=\"1333\" src=\"https:\/\/www.europesays.com\/pl\/wp-content\/uploads\/2025\/12\/000LWEBJIVY72QKO-C323-F4.webp.webp\"\/><\/p>\n<p>Prezydent Karol NawrockiAndrzej Iwa\u0144czukReporter<\/p>\n<p><img decoding=\"async\" class=\"ids-image-holder__img\" loading=\"lazy\" alt=\"U\u015bmiechni\u0119ty m\u0119\u017cczyzna w garniturze z bia\u0142o-czerwonym szalikiem kibica z napisem Polska macha r\u0119k\u0105, obok niego stoi inny m\u0119\u017cczyzna, a w tle widoczna jest lo\u017ca stadionowa.\" title=\"Prezydent RP Karol Nawrocki\" width=\"2000\" height=\"1333\" src=\"https:\/\/www.europesays.com\/pl\/wp-content\/uploads\/2025\/12\/000LKZ0E5KD6RDKO-C323-F4.webp.webp\"\/><\/p>\n<p>Prezydent RP Karol NawrockiLukasz Kalinowski\/East NewsEast News<\/p>\n<p><a class=\"ids-undecorated-link source ids-page-info--source__link\" href=\"https:\/\/www.interia.pl\" rel=\"nofollow noopener\" target=\"_blank\"><img decoding=\"async\" class=\"ids-image-holder__img\" loading=\"lazy\" alt=\"\" title=\"\" height=\"24px\" src=\"https:\/\/www.europesays.com\/pl\/wp-content\/uploads\/2025\/12\/1765927994_474_0009A60QQ5I2TYF7-C202-F4.webp.webp\"\/><\/a><\/p>\n<p>Masz sugestie, uwagi albo widzisz b\u0142\u0105d? Napisz do nas<\/p>\n","protected":false},"excerpt":{"rendered":"Prezydentura Karola Nawrockiego ju\u017c na wst\u0119pie zosta\u0142a naznaczona mocnym sportowym akcentem. Zaledwie kilka dni po zaprzysi\u0119\u017ceniu polityk pojawi\u0142&hellip;\n","protected":false},"author":2,"featured_media":156037,"comment_status":"","ping_status":"","sticky":false,"template":"","format":"standard","meta":{"footnotes":""},"categories":[24],"tags":[42,38,40,39,41,127,126],"class_list":{"0":"post-156036","1":"post","2":"type-post","3":"status-publish","4":"format-standard","5":"has-post-thumbnail","7":"category-sport","8":"tag-pl","9":"tag-poland","10":"tag-polish","11":"tag-polska","12":"tag-polski","13":"tag-sport","14":"tag-sports"},"share_on_mastodon":{"url":"https:\/\/pubeurope.com\/@pl\/115735238343744597","error":""},"_links":{"self":[{"href":"https:\/\/www.europesays.com\/pl\/wp-json\/wp\/v2\/posts\/156036","targetHints":{"allow":["GET"]}}],"collection":[{"href":"https:\/\/www.europesays.com\/pl\/wp-json\/wp\/v2\/posts"}],"about":[{"href":"https:\/\/www.europesays.com\/pl\/wp-json\/wp\/v2\/types\/post"}],"author":[{"embeddable":true,"href":"https:\/\/www.europesays.com\/pl\/wp-json\/wp\/v2\/users\/2"}],"replies":[{"embeddable":true,"href":"https:\/\/www.europesays.com\/pl\/wp-json\/wp\/v2\/comments?post=156036"}],"version-history":[{"count":0,"href":"https:\/\/www.europesays.com\/pl\/wp-json\/wp\/v2\/posts\/156036\/revisions"}],"wp:featuredmedia":[{"embeddable":true,"href":"https:\/\/www.europesays.com\/pl\/wp-json\/wp\/v2\/media\/156037"}],"wp:attachment":[{"href":"https:\/\/www.europesays.com\/pl\/wp-json\/wp\/v2\/media?parent=156036"}],"wp:term":[{"taxonomy":"category","embeddable":true,"href":"https:\/\/www.europesays.com\/pl\/wp-json\/wp\/v2\/categories?post=156036"},{"taxonomy":"post_tag","embeddable":true,"href":"https:\/\/www.europesays.com\/pl\/wp-json\/wp\/v2\/tags?post=156036"}],"curies":[{"name":"wp","href":"https:\/\/api.w.org\/{rel}","templated":true}]}}