{"id":156042,"date":"2025-12-17T13:54:08","date_gmt":"2025-12-17T13:54:08","guid":{"rendered":"https:\/\/www.europesays.com\/pl\/156042\/"},"modified":"2025-12-17T13:54:08","modified_gmt":"2025-12-17T13:54:08","slug":"przewrot-w-imperium-solorza-miliarder-broni-ostatniej-pozycji","status":"publish","type":"post","link":"https:\/\/www.europesays.com\/pl\/156042\/","title":{"rendered":"Przewr\u00f3t w imperium Solorza. Miliarder broni ostatniej pozycji"},"content":{"rendered":"<p class=\"article-p\" data-section=\"detail-body\">Ostatni cios przyszed\u0142 pod koniec listopada. Walne zgromadzenie Grupy Interia.pl odwo\u0142a\u0142o Solorza z rady nadzorczej \u2014 informuj\u0105 Wirtualne Media. \u2014 Pan Zygmunt Solorz pozostaje jeszcze obecnie cz\u0142onkiem rady nadzorczej sp\u00f3\u0142ki Polsat Media \u2014 potwierdzi\u0142 rzecznik Grupy Polsat Plus, Tomasz Matwiejczuk.<\/p>\n<p class=\"article-p\" data-section=\"detail-body\">Gorzej potoczy\u0142y si\u0119 losy Justyny Kulki, \u017cony biznesmena. Zosta\u0142a odwo\u0142ana ju\u017c ze wszystkich sp\u00f3\u0142ek Grupy Polsat Plus, w kt\u00f3rych pe\u0142ni\u0142a jak\u0105kolwiek funkcj\u0119. Para straci\u0142a stanowiska w Cyfrowym Polsacie, Telewizji Polsat, Netii, Polkomtelu, ZE PAK i Elektrimu.<\/p>\n<p class=\"article-p\" data-section=\"detail-body\">Solorz jednak nie sk\u0142ada broni. \u2014 Decyzja o odwo\u0142aniu mojego klienta jest bezpo\u015brednio zwi\u0105zana z tocz\u0105cymi si\u0119 w Liechtensteinie post\u0119powaniami s\u0105dowymi dotycz\u0105cymi kontroli nad dwiema fundacjami \u2014 o\u015bwiadczy\u0142 prawnik miliardera, Rados\u0142aw Kwa\u015bnicki. Doda\u0142, \u017ce jego klient sprzeciwia si\u0119 decyzji o odwo\u0142aniu z rady Interii, a post\u0119powania s\u0105dowe wci\u0105\u017c trwaj\u0105.<\/p>\n<p class=\"article-p\" data-section=\"detail-body\">To kulminacja konfliktu, kt\u00f3ry wybuch\u0142 we wrze\u015bniu 2024 r. Tr\u00f3jka dzieci Solorza \u2014 Tobias, Piotr \u017bak i Aleksandra \u2014 wys\u0142a\u0142a alarmuj\u0105ce pismo do mened\u017cer\u00f3w najwa\u017cniejszych sp\u00f3\u0142ek ojca. Ostrzegali, \u017ce dobro firm jest zagro\u017cone przez osoby chc\u0105ce przej\u0105\u0107 kontrol\u0119 nad biznesem. &#8222;Gazeta Wyborcza&#8221; ujawni\u0142a, \u017ce chodzi o ostr\u0105 wojn\u0119 z Justyn\u0105 Kulk\u0105.<\/p>\n<p>        Przewr\u00f3t w imperium Solorza. Miliarder broni ostatniej pozycji<\/p>\n<p class=\"article-p\" data-section=\"detail-body\">Miliarder pr\u00f3bowa\u0142 ratowa\u0107 sytuacj\u0119. Jeszcze tego samego dnia zapowiedzia\u0142 zdymisjonowanie syn\u00f3w. I dotrzyma\u0142 s\u0142owa \u2014 Tobias i Piotr \u017bak stracili miejsca w radach ZE PAK, Cyfrowego Polsatu i innych sp\u00f3\u0142ek. Synowie zaskar\u017cyli uchwa\u0142y do s\u0105du, ale w lipcu wycofali pozwy.<\/p>\n<p class=\"article-p\" data-section=\"detail-body\">Kluczowa bitwa toczy si\u0119 w Liechtensteinie. W maju tamtejszy s\u0105d oddali\u0142 pow\u00f3dztwo Solorza dotycz\u0105ce zmian w statucie fundacji TiVi Foundation. Te zmiany mia\u0142y przekaza\u0107 kontrol\u0119 nad biznesem w r\u0119ce dzieci. Miliarder z\u0142o\u017cy\u0142 apelacj\u0119. Wed\u0142ug prawnik\u00f3w dzieci, wyrok \u2014 kt\u00f3ry ma zapa\u015b\u0107 w grudniu \u2014 rozstrzygnie ca\u0142y sp\u00f3r.<\/p>\n<p class=\"article-p\" data-section=\"detail-body\">Stawka jest gigantyczna. Wi\u0119kszo\u015bciowy pakiet akcji Grupy Polsat Plus nale\u017cy do TiVi Foundation, a w\u0142a\u015bcicielem 65,96 proc. akcji ZE PAK jest Solkomtel Foundation. To imperium warte miliardy z\u0142otych, zbudowane od 1992 r., gdy Polsat rozpocz\u0105\u0142 nadawanie z Holandii. Teraz kontrola nad tym maj\u0105tkiem wisi na w\u0142osku.<\/p>\n<p class=\"article-p\" data-section=\"detail-body\">\u0179r\u00f3d\u0142o: Fakt.pl<\/p>\n<p class=\"article-p\" data-section=\"detail-body\"><a href=\"https:\/\/www.fakt.pl\/pieniadze\/gigant-zamyka-fabryke-to-pierwszy-raz-w-historii\/fwcf8b6\" id=\"8ac6c641-7339-4173-afe5-96ce38eb0a1a\" rel=\"nofollow noopener\" target=\"_blank\">Gigant zamyka fabryk\u0119. To pierwszy raz w historii<\/a><\/p>\n<p class=\"article-p\" data-section=\"detail-body\"><a href=\"https:\/\/www.fakt.pl\/pieniadze\/bitwa-na-lososia-lidl-czy-biedronka-kto-ma-taniej\/lhnbncv\" id=\"c7c51bd5-9d87-4033-877f-b4c47e15580c\" rel=\"nofollow noopener\" target=\"_blank\">Bitwa na \u0142ososia. Lidl czy Biedronka? Kto ma taniej?<\/a><\/p>\n<p class=\"article-p\" data-section=\"detail-body\"><a href=\"https:\/\/www.fakt.pl\/pieniadze\/w-herbacie-znanego-producenta-wykryto-pestycyd-gis-apeluje-o-zwrot\/vwdzjpd\" id=\"bc0d6a28-d08e-4eac-82bc-f4b6a92e198b\" rel=\"nofollow noopener\" target=\"_blank\">GIS bije na alarm! Popularna herbata wycofana ze sprzeda\u017cy. Mo\u017ce szkodzi\u0107 zdrowiu<\/a><\/p>\n","protected":false},"excerpt":{"rendered":"Ostatni cios przyszed\u0142 pod koniec listopada. Walne zgromadzenie Grupy Interia.pl odwo\u0142a\u0142o Solorza z rady nadzorczej \u2014 informuj\u0105 Wirtualne&hellip;\n","protected":false},"author":2,"featured_media":156043,"comment_status":"","ping_status":"","sticky":false,"template":"","format":"standard","meta":{"footnotes":""},"categories":[16],"tags":[113,112,42,38,40,39,41],"class_list":{"0":"post-156042","1":"post","2":"type-post","3":"status-publish","4":"format-standard","5":"has-post-thumbnail","7":"category-biznes","8":"tag-biznes","9":"tag-business","10":"tag-pl","11":"tag-poland","12":"tag-polish","13":"tag-polska","14":"tag-polski"},"share_on_mastodon":{"url":"https:\/\/pubeurope.com\/@pl\/115735249822205301","error":""},"_links":{"self":[{"href":"https:\/\/www.europesays.com\/pl\/wp-json\/wp\/v2\/posts\/156042","targetHints":{"allow":["GET"]}}],"collection":[{"href":"https:\/\/www.europesays.com\/pl\/wp-json\/wp\/v2\/posts"}],"about":[{"href":"https:\/\/www.europesays.com\/pl\/wp-json\/wp\/v2\/types\/post"}],"author":[{"embeddable":true,"href":"https:\/\/www.europesays.com\/pl\/wp-json\/wp\/v2\/users\/2"}],"replies":[{"embeddable":true,"href":"https:\/\/www.europesays.com\/pl\/wp-json\/wp\/v2\/comments?post=156042"}],"version-history":[{"count":0,"href":"https:\/\/www.europesays.com\/pl\/wp-json\/wp\/v2\/posts\/156042\/revisions"}],"wp:featuredmedia":[{"embeddable":true,"href":"https:\/\/www.europesays.com\/pl\/wp-json\/wp\/v2\/media\/156043"}],"wp:attachment":[{"href":"https:\/\/www.europesays.com\/pl\/wp-json\/wp\/v2\/media?parent=156042"}],"wp:term":[{"taxonomy":"category","embeddable":true,"href":"https:\/\/www.europesays.com\/pl\/wp-json\/wp\/v2\/categories?post=156042"},{"taxonomy":"post_tag","embeddable":true,"href":"https:\/\/www.europesays.com\/pl\/wp-json\/wp\/v2\/tags?post=156042"}],"curies":[{"name":"wp","href":"https:\/\/api.w.org\/{rel}","templated":true}]}}