{"id":156046,"date":"2025-12-17T13:56:10","date_gmt":"2025-12-17T13:56:10","guid":{"rendered":"https:\/\/www.europesays.com\/pl\/156046\/"},"modified":"2025-12-17T13:56:10","modified_gmt":"2025-12-17T13:56:10","slug":"pis-huczy-od-plotek-mateusz-morawiecki-nie-posluchal-dyspozycji-z-centrali","status":"publish","type":"post","link":"https:\/\/www.europesays.com\/pl\/156046\/","title":{"rendered":"PiS huczy od plotek. Mateusz Morawiecki nie pos\u0142ucha\u0142 dyspozycji z centrali"},"content":{"rendered":"<ul class=\"typography ids-typeset-body ids-typeset-body--preset-large list ids-list ids-list--unordered ids-list--size-large \" datatype=\"disc\">\n<li class=\"ids-list-item\">\n<p>Frakcja Mateusza Morawieckiego zorganizowa\u0142a alternatywn\u0105 wigili\u0119, co potwierdza g\u0142\u0119bokie podzia\u0142y wewn\u0105trz PiS.<\/p>\n<\/li>\n<li class=\"ids-list-item\">\n<p>Jacek Kurski zaostrzy\u0142 konflikt, publikuj\u0105c krytyczny wpis wobec Morawieckiego, kt\u00f3ry jednak p\u00f3\u017aniej usun\u0105\u0142.<\/p>\n<\/li>\n<li class=\"ids-list-item\">\n<p>Pomimo apeli Jaros\u0142awa Kaczy\u0144skiego o jedno\u015b\u0107 coraz cz\u0119\u015bciej s\u0142ycha\u0107 g\u0142osy o mo\u017cliwym roz\u0142amie w partii.<\/p>\n<\/li>\n<li class=\"ids-list-item\">Wi\u0119cej wa\u017cnych informacji znajdziesz na <a class=\"ids-undecorated-link link ids-link link\" href=\"https:\/\/www.interia.pl\/#utm_source=wydarzenia&amp;utm_medium=bullet&amp;utm_campaign=powrot_z_wew&amp;iwa_source=bullet\" target=\"_blank\" rel=\"nofollow noopener\">stronie g\u0142\u00f3wnej Interii<\/a><\/li>\n<\/ul>\n<p class=\"typography ids-typeset-body ids-typeset-body--preset-large link paragraph ids-paragraph ids-paragraph--default\">Wigilia w siedzibie <a href=\"https:\/\/wydarzenia.interia.pl\/tematy-prawo-i-sprawiedliwosc,gsbi,39\" rel=\"nofollow noopener\" target=\"_blank\">Prawa i Sprawiedliwo\u015bci<\/a> przy ulicy Nowogrodzkiej by\u0142a zaplanowana na wtorkowe popo\u0142udnie, na godzin\u0119 18. Tego samego dnia <a href=\"https:\/\/wydarzenia.interia.pl\/tematy-mateusz-morawiecki,gsbi,1\" target=\"_blank\" rel=\"nofollow noopener\">Mateusz Morawiecki<\/a> wystosowa\u0142 do pos\u0142\u00f3w zaproszenia na w\u0142asn\u0105 wigili\u0119 na godz. 21.30 do swojego warszawskiego biura przy ulicy Lwowskiej.<\/p>\n<p>Dwie wigilie jako dow\u00f3d podzia\u0142u w partii<\/p>\n<p class=\"typography ids-typeset-body ids-typeset-body--preset-large link paragraph ids-paragraph ids-paragraph--default\">Na spotkaniu u by\u0142ego premiera stawi\u0142o si\u0119 poka\u017ane grono pos\u0142\u00f3w i europos\u0142\u00f3w PiS. Obecni na spotkaniu politycy m\u00f3wili, \u017ce by\u0142o oko\u0142o 65 os\u00f3b i &#8222;nie wszystkim uda\u0142o si\u0119 dojecha\u0107&#8221;, sugeruj\u0105c, \u017ce realnie Morawiecki ma w partii jeszcze wi\u0119cej szabel.<\/p>\n<p class=\"typography ids-typeset-body ids-typeset-body--preset-large link paragraph ids-paragraph ids-paragraph--default\">Nikt bowiem nie ma w\u0105tpliwo\u015bci, \u017ce tym spotkaniem by\u0142y premier chcia\u0142 pokaza\u0107, \u017ce cieszy si\u0119 du\u017cym poparciem w szeregach partii i pr\u00f3ba jego marginalizacji czy usuni\u0119cia z PiS grozi powa\u017cnym roz\u0142amem. A w ten spos\u00f3b stronnicy Morawieckiego odczytuj\u0105 wszystkie ostatnie dzia\u0142ania wymierzone w by\u0142ego premiera.<\/p>\n<ul class=\"typography ids-typeset-body ids-typeset-body--preset-small list--article-list ids-list ids-list--unordered ids-list--size-small \" datatype=\"disc\">\n<li class=\"ids-list-item ids-list-item__content brief-list-item\"><a class=\"ids-undecorated-link link ids-link \" data-spons=\"false\" href=\"https:\/\/wydarzenia.interia.pl\/kraj\/news-spotkanie-wladz-pis-bez-morawieckiego-prezes-chce-ukrocic-ko,nId,22497774\" rel=\"nofollow noopener\" target=\"_blank\">Spotkanie w\u0142adz PiS bez Morawieckiego? Prezes chce ukr\u00f3ci\u0107 konflikt<\/a><\/li>\n<\/ul>\n<p class=\"typography ids-typeset-body ids-typeset-body--preset-large link paragraph ids-paragraph ids-paragraph--default\">Sp\u00f3r mi\u0119dzy \u015brodowiskiem Morawieckiego a jego g\u0142\u00f3wnymi krytykami ci\u0105gnie si\u0119 od dawna, jednak w ostatnich tygodniach mocno przybra\u0142 na sile. Przeciwnicy by\u0142ego premiera na czele z <a href=\"https:\/\/wydarzenia.interia.pl\/tematy-jacek-sasin,gsbi,22\" target=\"_blank\" rel=\"nofollow noopener\">Jackiem Sasinem<\/a>, <a href=\"https:\/\/wydarzenia.interia.pl\/tematy-tobiasz-bochenski,gsbi,4503\" target=\"_blank\" rel=\"nofollow noopener\">Tobiaszem Boche\u0144skim<\/a>, <a href=\"https:\/\/wydarzenia.interia.pl\/tematy-patryk-jaki,gsbi,20\" target=\"_blank\" rel=\"nofollow noopener\">Patrykiem Jakim<\/a> czy <a href=\"https:\/\/wydarzenia.interia.pl\/tematy-przemyslaw-czarnek,gsbi,373\" target=\"_blank\" rel=\"nofollow noopener\">Przemys\u0142awem Czarnkiem<\/a> otwarcie opowiadaj\u0105, \u017ce Morawiecki jest dla PiS obci\u0105\u017ceniem i nie mo\u017ce by\u0107 mowy, aby zn\u00f3w by\u0142 kandydatem na premiera. Uaktywnili si\u0119 tak\u017ce zwolennicy Morawieckiego. Przekonuj\u0105, \u017ce to w\u0142a\u015bnie obecny kurs PiS, za kt\u00f3ry odpowiada frakcja &#8222;anty-morawiecka&#8221;, jest przyczyn\u0105 sonda\u017cowych spadk\u00f3w, a jedynie Morawiecki robi cokolwiek, aby te spadki powstrzyma\u0107.<\/p>\n<p>Szar\u017ca Jacka Kurskiego i walka frakcji w PiS<\/p>\n<p class=\"typography ids-typeset-body ids-typeset-body--preset-large link paragraph ids-paragraph ids-paragraph--default\">Opublikowa\u0142 w mediach spo\u0142eczno\u015bciowych bardzo d\u0142ugi wpis, w kt\u00f3rym zarzuca\u0142 Morawieckiemu szereg dzia\u0142a\u0144 szkodz\u0105cych PiS. S\u0119k w tym, \u017ce w tym samym czasie, gdy to opublikowa\u0142, wywiadu na \u017cywo udziela\u0142 w Kanale TAK na YouTubie prezes <a href=\"https:\/\/wydarzenia.interia.pl\/tematy-jaroslaw-kaczynski,gsbi,3\" target=\"_blank\" rel=\"nofollow noopener\">Jaros\u0142aw Kaczy\u0144ski<\/a>, kt\u00f3ry pr\u00f3bowa\u0142 tonowa\u0107 nastroje. Prezes by\u0142 po rozmowie z Morawieckim i ewidentnie chcia\u0142 zako\u0144czy\u0107 temat. Zapytany na \u017cywo o wpis Kurskiego nazwa\u0142 go\u2026&#8221;niefortunnym wydarzeniem&#8221;.<\/p>\n<p class=\"typography ids-typeset-body ids-typeset-body--preset-large link paragraph ids-paragraph ids-paragraph--default\">W PiS t\u0142umaczono p\u00f3\u017aniej, \u017ce Kurski mia\u0142 zgod\u0119 prezesa na atak na Morawieckiego, tylko prezes zapomnia\u0142 go poinformowa\u0107 o tym, \u017ce zmieni\u0142 zdanie.<\/p>\n<p class=\"typography ids-typeset-body ids-typeset-body--preset-large link paragraph ids-paragraph ids-paragraph--default\">&#8211; Kurski pr\u00f3bowa\u0142 spinowa\u0107, \u017ce mia\u0142 wszystko uzgodnione z prezesem. A wiemy, jak takie rzeczy Kurski za\u0142atwia. Idzie do prezesa i m\u00f3wi, \u017ce b\u0119dzie go broni\u0142 w internecie i czy mo\u017ce. Prezes przytakuje, \u017ce oczywi\u015bcie tak, a ten potem z min\u0105 niewini\u0105tka wali w Mateusza. W imi\u0119 obrony dobrego imienia prezesa oczywi\u015bcie. Ca\u0142y Jacek po prostu &#8211; uwa\u017ca stronnik Morawieckiego.<\/p>\n<p>Morawiecki policzy\u0142 szable<\/p>\n<p class=\"typography ids-typeset-body ids-typeset-body--preset-large link paragraph ids-paragraph ids-paragraph--default\">Wracaj\u0105c do dw\u00f3ch wigilii. Prezes PiS na spotkaniu op\u0142atkowym jasno zakomunikowa\u0142, \u017ce to jedyne oficjalne spotkanie wigilijne. Wcze\u015bniej do pos\u0142\u00f3w dzwonili pracownicy biura PiS przypominaj\u0105c, \u017ce jest wigilia na Nowogrodzkiej i &#8222;udzia\u0142 w innych wigiliach b\u0119dzie przeciw partii i przeciw Polsce&#8221;.<\/p>\n<p class=\"typography ids-typeset-body ids-typeset-body--preset-large link paragraph ids-paragraph ids-paragraph--default\">&#8211; Takie teksty nie pomagaj\u0105, bo tylko wkurzaj\u0105 ludzi &#8211; relacjonuje nam jeden z polityk\u00f3w.<\/p>\n<ul class=\"typography ids-typeset-body ids-typeset-body--preset-small list--article-list ids-list ids-list--unordered ids-list--size-small \" datatype=\"disc\">\n<li class=\"ids-list-item ids-list-item__content brief-list-item\"><a class=\"ids-undecorated-link link ids-link \" data-spons=\"false\" href=\"https:\/\/wydarzenia.interia.pl\/kraj\/news-w-pis-buzuje-po-wpisie-kurskiego-licze-ze-skasujesz,nId,22498818\" rel=\"nofollow noopener\" target=\"_blank\">W PiS buzuje po wpisie Kurskiego. &#8222;Licz\u0119, \u017ce skasujesz&#8221; <\/a><\/li>\n<\/ul>\n<p class=\"typography ids-typeset-body ids-typeset-body--preset-large link paragraph ids-paragraph ids-paragraph--default\">Przem\u00f3wienie Jaros\u0142awa Kaczy\u0144skiego na spotkaniu op\u0142atkowym by\u0142o neutralne, pad\u0142 apel o jedno\u015b\u0107, a potem by\u0142o wsp\u00f3lne zdj\u0119cie, na kt\u00f3rym prezesowi bardzo zale\u017ca\u0142o.<\/p>\n<p class=\"typography ids-typeset-body ids-typeset-body--preset-large link paragraph ids-paragraph ids-paragraph--default\">&#8211; Na koniec by\u0142o jednak jeszcze og\u0142oszenie techniczne, w kt\u00f3rym prezes przypomnia\u0142, \u017ce to jedyna oficjalna wigilia partyjna i on po niej idzie do domu. W efekcie na Lwowsk\u0105 do premiera przyjecha\u0142o 65 os\u00f3b, a jeszcze z 10 kolejnych si\u0119 przewin\u0119\u0142o. Cz\u0119\u015b\u0107 nie dojecha\u0142a, bo by\u0142a poza Warszaw\u0105. To daje mniej wi\u0119cej 1\/3 klubu &#8211; relacjonuje nasze \u017ar\u00f3d\u0142o. &#8211; Rozmowy na op\u0142atku u Morawieckiego trwa\u0142y do 1 w nocy &#8211; dodaje.<\/p>\n<p class=\"typography ids-typeset-body ids-typeset-body--preset-large link paragraph ids-paragraph ids-paragraph--default\"><a href=\"https:\/\/wydarzenia.interia.pl\/tematy-waldemar-buda,gsbi,1523\" target=\"_blank\" rel=\"nofollow noopener\">Waldemar Buda<\/a>, europose\u0142 PiS z otoczenia Morawieckiego pisa\u0142 w serwisie X o &#8222;prawie setce pos\u0142\u00f3w&#8221;.<\/p>\n<p class=\"typography ids-typeset-body ids-typeset-body--preset-large link paragraph ids-paragraph ids-paragraph--default\">Teraz w\u015br\u00f3d pos\u0142\u00f3w PiS trwa wnikliwa analiza zdj\u0119\u0107 z wigilii na Lwowskiej: kto by\u0142o, kogo nie by\u0142o, a kto si\u0119 chowa\u0142 w tylnym rz\u0119dzie.<\/p>\n<p class=\"typography ids-typeset-body ids-typeset-body--preset-large link paragraph ids-paragraph ids-paragraph--default\">Zwolennik Morawieckiego: &#8211; Sasin i sp\u00f3\u0142ka przekonywali prezesa, \u017ce za Mateuszem stoi maksymalnie 15 pos\u0142\u00f3w. Wczoraj wszyscy musieli si\u0119 troch\u0119 zdziwi\u0107.<\/p>\n<p class=\"typography ids-typeset-body ids-typeset-body--preset-large link paragraph ids-paragraph ids-paragraph--default\">Pose\u0142 PiS, stoj\u0105cy z boku frakcyjnych spor\u00f3w: &#8211; Od jakich\u015b trzech lat wida\u0107 by\u0142o, \u017ce Morawiecki buduje sobie szersze poparcie w partii, je\u017adzi\u0142 po okr\u0119gach, spotyka\u0142 si\u0119 z pos\u0142ami, szefami okr\u0119g\u00f3w itd. Dziwi\u0119 si\u0119, \u017ce niekt\u00f3rzy s\u0105 zdziwieni t\u0105 frekwencj\u0105 u niego na Wigilii.<\/p>\n<p class=\"typography ids-typeset-body ids-typeset-body--preset-large link paragraph ids-paragraph ids-paragraph--default\">Co ciekawe, na Wigilii u Morawieckiego pojawi\u0142o si\u0119 tak\u017ce dw\u00f3ch wsp\u00f3\u0142pracownik\u00f3w prezydenta Karola Nawrockiego: szef Kancelarii Zbigniew Bogucki i minister Adam Andruszkiewicz.<\/p>\n<p>B\u0119dzie roz\u0142am czy nie b\u0119dzie? Zdania w PiS podzielone<\/p>\n<p class=\"typography ids-typeset-body ids-typeset-body--preset-large link paragraph ids-paragraph ids-paragraph--default\">Na pytanie, czy PiS grozi dzi\u015b roz\u0142am, zwolennicy Morawieckiego odpowiadaj\u0105, \u017ce &#8222;nigdzie si\u0119 nie wybieraj\u0105&#8221;. Cho\u0107 i tam znale\u017a\u0107 mo\u017cna pojedyncze g\u0142osy, \u017ce mo\u017ce by\u0142oby to najlepsze rozwi\u0105zanie. Sam Morawiecki jednak tego nie chce.<\/p>\n<p class=\"typography ids-typeset-body ids-typeset-body--preset-large link paragraph ids-paragraph ids-paragraph--default\">&#8211; Chcemy by\u0107 podmiotowi w \u015brodku i o to chodzi &#8211; wy\u0142uszcza stanowisko by\u0142ego premiera jego wsp\u00f3\u0142pracownik. &#8211; A nie, \u017ce grupka czterech os\u00f3b rz\u0105dzi parti\u0105 za po\u015brednictwem prezesa, kt\u00f3remu sprzedaje w\u0142asn\u0105, zmanipulowan\u0105 wersj\u0119 rzeczywisto\u015bci &#8211; dodaje.<\/p>\n<p class=\"typography ids-typeset-body ids-typeset-body--preset-large link paragraph ids-paragraph ids-paragraph--default\">Pose\u0142 PiS: &#8211; Im bardziej zaprzeczaj\u0105, \u017ce nie chc\u0105 roz\u0142amu, tym bardziej jest to podejrzane. Zw\u0142aszcza, \u017ce w\u0142asna partia to dodatkowe 41 jedynek na listach, a cz\u0119\u015b\u0107 pos\u0142\u00f3w PiS wie, \u017ce na bior\u0105ce miejsca si\u0119 ju\u017c nie za\u0142apie. To jest pot\u0119\u017cny argument.<\/p>\n<p class=\"typography ids-typeset-body ids-typeset-body--preset-large link paragraph ids-paragraph ids-paragraph--default\">Nasz rozm\u00f3wca zdradza, \u017ce wed\u0142ug analiz PiS nowa partia mog\u0142aby liczy\u0107 na 8-9 procent poparcia. &#8211; Dla PiS to fatalna informacja, bo oznacza zjazd do 20 procent.<\/p>\n<ul class=\"typography ids-typeset-body ids-typeset-body--preset-small list--article-list ids-list ids-list--unordered ids-list--size-small \" datatype=\"disc\">\n<li class=\"ids-list-item ids-list-item__content brief-list-item\"><a class=\"ids-undecorated-link link ids-link \" data-spons=\"false\" href=\"https:\/\/wydarzenia.interia.pl\/felietony\/news-ogladamy-powolny-zmierzch-ery-jaroslawa-kaczynskiego,nId,22497846\" rel=\"nofollow noopener\" target=\"_blank\">Ogl\u0105damy powolny zmierzch ery Jaros\u0142awa Kaczy\u0144skiego<\/a><\/li>\n<\/ul>\n<p class=\"typography ids-typeset-body ids-typeset-body--preset-large link paragraph ids-paragraph ids-paragraph--default\">W optyce przeciwnik\u00f3w Morawieckiego rzeczywisto\u015b\u0107 wygl\u0105da tak, \u017ce by\u0142y premier gra na siebie, bo bardzo chce zosta\u0107 premierem, a wie, \u017ce dzi\u015b jego szanse na to s\u0105 mniejsze ni\u017c wi\u0119ksze.<\/p>\n<p class=\"typography ids-typeset-body ids-typeset-body--preset-large link paragraph ids-paragraph ids-paragraph--default\">&#8211; Dlatego chce si\u0119 wybi\u0107 na niepodleg\u0142o\u015b\u0107, czy to w PiS, czy poza nim. Pope\u0142ni\u0142 jednak szereg b\u0142\u0119d\u00f3w i wydaje mi si\u0119, \u017ce straci\u0142 zaufanie prezesa. Oni mieli specyficzn\u0105 relacj\u0119, prezes Mateusza politycznie usynowi\u0142, teraz to si\u0119 chyba na naszych oczach sko\u0144czy\u0142o. Ze wszystkimi tego konsekwencjami &#8211; ocenia przeciwnik Morawieckiego.<\/p>\n<p class=\"typography ids-typeset-body ids-typeset-body--preset-large link paragraph ids-paragraph ids-paragraph--default\">&#8211; Nawet je\u015bli prezes nie usunie dzi\u015b Morawieckiego, bo nie chce, to pewnych rzeczy si\u0119 nie cofnie i nie wykluczam, \u017ce to si\u0119 mo\u017ce ostatecznie sko\u0144czy jakim\u015b roz\u0142amem &#8211; spekuluje nasz rozm\u00f3wca.<\/p>\n<p class=\"typography ids-typeset-body ids-typeset-body--preset-large link paragraph ids-paragraph ids-paragraph--default\">Inni przyznaj\u0105, \u017ce prezes Jaros\u0142aw Kaczy\u0144ski, cho\u0107 nawo\u0142uje do jedno\u015bci, to ma dzi\u015b ma\u0142o instrument\u00f3w, by t\u0119 jedno\u015b\u0107 zachowa\u0107. &#8211; Nie ma na horyzoncie wybor\u00f3w, nie ma etapu uk\u0142adania list, kt\u00f3ry trzyma parti\u0119 w ryzach, sonda\u017ce s\u0105 s\u0142absze, wi\u0119c ka\u017cdy pose\u0142 kalkuluje, \u017ce mo\u017ce nie za\u0142apa\u0107 si\u0119 do Sejmu &#8211; wylicza jeden z pos\u0142\u00f3w.<\/p>\n<p class=\"typography ids-typeset-body ids-typeset-body--preset-large link paragraph ids-paragraph ids-paragraph--default\">&#8211; Dwa lata do wybor\u00f3w to optymalny termin na zak\u0142adanie nowego ugrupowania, wi\u0119c jak co\u015b si\u0119 ma wydarzy\u0107, to teraz lub za chwil\u0119. Mamy wi\u0119c w PiS radosny czas oczekiwania &#8211; m\u00f3wi z przek\u0105sem nasz rozm\u00f3wca.<\/p>\n<ul class=\"typography ids-typeset-body ids-typeset-body--preset-small list--article-list ids-list ids-list--unordered ids-list--size-small \" datatype=\"disc\">\n<li class=\"ids-list-item ids-list-item__content brief-list-item\"><a class=\"ids-undecorated-link link ids-link \" data-spons=\"false\" href=\"https:\/\/wydarzenia.interia.pl\/kraj\/news-sledczy-badaja-uzycie-pegasusa-zarzuty-dla-bylego-szefa-cba,nId,22499512\" rel=\"nofollow noopener\" target=\"_blank\">\u015aledczy badaj\u0105 u\u017cycie Pegasusa. Zarzuty dla by\u0142ego szefa CBA<\/a><\/li>\n<li class=\"ids-list-item ids-list-item__content brief-list-item\"><a class=\"ids-undecorated-link link ids-link \" data-spons=\"false\" href=\"https:\/\/wydarzenia.interia.pl\/kraj\/news-akt-oskarzenia-przeciwko-macierewiczowi-w-tle-katastrofa-smo,nId,22499510\" rel=\"nofollow noopener\" target=\"_blank\">Akt oskar\u017cenia przeciwko Macierewiczowi. W tle katastrofa smole\u0144ska<\/a><\/li>\n<\/ul>\n<p>Morawiecki w &#8222;Go\u015bciu Wydarze\u0144&#8221; o Donaldzie Tusku: Prze\u015bcign\u0105\u0142 Jerzego UrbanaPolsat News<\/p>\n<p><a class=\"ids-undecorated-link source ids-page-info--source__link\" href=\"https:\/\/www.interia.pl\" rel=\"nofollow noopener\" target=\"_blank\"><img decoding=\"async\" class=\"ids-image-holder__img\" loading=\"lazy\" alt=\"\" title=\"\" height=\"24px\" src=\"https:\/\/www.europesays.com\/pl\/wp-content\/uploads\/2025\/12\/1765927994_474_0009A60QQ5I2TYF7-C202-F4.webp.webp\"\/><\/a><\/p>\n<p>Masz sugestie, uwagi albo widzisz b\u0142\u0105d? Napisz do nas<\/p>\n","protected":false},"excerpt":{"rendered":"Frakcja Mateusza Morawieckiego zorganizowa\u0142a alternatywn\u0105 wigili\u0119, co potwierdza g\u0142\u0119bokie podzia\u0142y wewn\u0105trz PiS. Jacek Kurski zaostrzy\u0142 konflikt, publikuj\u0105c krytyczny&hellip;\n","protected":false},"author":2,"featured_media":156047,"comment_status":"","ping_status":"","sticky":false,"template":"","format":"standard","meta":{"footnotes":""},"categories":[12],"tags":[32,33,36,37,27,34,35,28,31,25,42,38,40,39,41,29,30,26],"class_list":{"0":"post-156046","1":"post","2":"type-post","3":"status-publish","4":"format-standard","5":"has-post-thumbnail","7":"category-polska","8":"tag-breaking-news","9":"tag-breakingnews","10":"tag-featured-news","11":"tag-featurednews","12":"tag-headlines","13":"tag-latest-news","14":"tag-latestnews","15":"tag-naglowki","16":"tag-najwazniejsze-artykuly","17":"tag-news","18":"tag-pl","19":"tag-poland","20":"tag-polish","21":"tag-polska","22":"tag-polski","23":"tag-top-stories","24":"tag-topstories","25":"tag-wiadomosci"},"share_on_mastodon":{"url":"https:\/\/pubeurope.com\/@pl\/115735257838874465","error":""},"_links":{"self":[{"href":"https:\/\/www.europesays.com\/pl\/wp-json\/wp\/v2\/posts\/156046","targetHints":{"allow":["GET"]}}],"collection":[{"href":"https:\/\/www.europesays.com\/pl\/wp-json\/wp\/v2\/posts"}],"about":[{"href":"https:\/\/www.europesays.com\/pl\/wp-json\/wp\/v2\/types\/post"}],"author":[{"embeddable":true,"href":"https:\/\/www.europesays.com\/pl\/wp-json\/wp\/v2\/users\/2"}],"replies":[{"embeddable":true,"href":"https:\/\/www.europesays.com\/pl\/wp-json\/wp\/v2\/comments?post=156046"}],"version-history":[{"count":0,"href":"https:\/\/www.europesays.com\/pl\/wp-json\/wp\/v2\/posts\/156046\/revisions"}],"wp:featuredmedia":[{"embeddable":true,"href":"https:\/\/www.europesays.com\/pl\/wp-json\/wp\/v2\/media\/156047"}],"wp:attachment":[{"href":"https:\/\/www.europesays.com\/pl\/wp-json\/wp\/v2\/media?parent=156046"}],"wp:term":[{"taxonomy":"category","embeddable":true,"href":"https:\/\/www.europesays.com\/pl\/wp-json\/wp\/v2\/categories?post=156046"},{"taxonomy":"post_tag","embeddable":true,"href":"https:\/\/www.europesays.com\/pl\/wp-json\/wp\/v2\/tags?post=156046"}],"curies":[{"name":"wp","href":"https:\/\/api.w.org\/{rel}","templated":true}]}}