{"id":156048,"date":"2025-12-17T13:58:11","date_gmt":"2025-12-17T13:58:11","guid":{"rendered":"https:\/\/www.europesays.com\/pl\/156048\/"},"modified":"2025-12-17T13:58:11","modified_gmt":"2025-12-17T13:58:11","slug":"siatkarskie-ms-2014-wydarzeniem-25-lecia-na-25-lecie-polsatu-sport","status":"publish","type":"post","link":"https:\/\/www.europesays.com\/pl\/156048\/","title":{"rendered":"Siatkarskie M\u015a 2014 &#8222;Wydarzeniem 25-lecia na 25-lecie Polsatu Sport&#8221;"},"content":{"rendered":"<p class=\"typography ids-typeset-body ids-typeset-body--preset-large link paragraph ids-paragraph ids-paragraph--default\">Siatkarskie mistrzostwa \u015bwiata 2014 ugoszczone przez Polsk\u0119 zosta\u0142y wybrane &#8222;Wydarzeniem 25-lecia na 25-lecie Polsatu Sport&#8221;. Mundial sprzed jedenastu lat by\u0142 wielkim sukcesem zar\u00f3wno pod wzgl\u0119dem czysto sportowym, jak i organizacyjnym. Nasz kraj \u015bwietnie zda\u0142 egzamin pierwszego przyj\u0119cia czempionatu globu.<\/p>\n<p class=\"typography ids-typeset-body ids-typeset-body--preset-large link paragraph ids-paragraph ids-paragraph--default\">Reprezentacja pod wodz\u0105 Stephane&#8217;a Antigi si\u0119gn\u0119\u0142a po upragniony od 1974 roku z\u0142oty medal. Pierwsz\u0105 faz\u0119 grupow\u0105 sko\u0144czy\u0142a z kompletem pi\u0119ciu zwyci\u0119stw i imponuj\u0105cym bilansem set\u00f3w 15-1. Na pocz\u0105tku drugiej fazy zosta\u0142a ograna przez Stany Zjednoczone (1:3), ale p\u00f3\u017aniej wr\u00f3ci\u0142a na zwyci\u0119sk\u0105 \u015bcie\u017ck\u0119. Pokona\u0142a W\u0142ochy 3:1, a p\u00f3\u017aniej w szalonych okoliczno\u015bciach, bo po tie-breakach kolejno Iran, Francj\u0119, Brazyli\u0119 i Rosj\u0119. W p\u00f3\u0142finale okaza\u0142a si\u0119 lepsza od Niemiec, a w wielkim finale w Spodku ponownie od &#8222;Canarinhos&#8221;.<\/p>\n<p class=\"typography ids-typeset-body ids-typeset-body--preset-large link paragraph ids-paragraph ids-paragraph--default\">&#8211; Co ja mam teraz powiedzie\u0107&#8230; Spe\u0142ni\u0142o si\u0119 marzenie moje i mojej dru\u017cyny. Ci\u0119\u017cko pracowali\u015bmy, ka\u017cdy mecz by\u0142 dla nas wyzwaniem. Przed fina\u0142em powiedzia\u0142em ch\u0142opakom, \u017ce to b\u0119dzie taki sam mecz jak ka\u017cdy inny. Wszyscy ud\u017awign\u0119li ten ci\u0119\u017car, a przy okazji okaza\u0142o si\u0119, \u017ce mamy prawdziw\u0105 dru\u017cyn\u0119 &#8211; przyzna\u0142 po triumfie w Katowicach poruszony szkoleniowiec.<\/p>\n<p class=\"typography ids-typeset-body ids-typeset-body--preset-large link paragraph ids-paragraph ids-paragraph--default\">Polsat Sport by\u0142 g\u0142\u00f3wnym nadawc\u0105 telewizyjnym turnieju i producentem sygna\u0142u na ca\u0142y \u015bwiat.<\/p>\n<blockquote role=\"blockquote\" class=\"quote ids-quote ids-quote--nosurface--short--medium\"><p>Z\u0142oto w Katowicach, a najpierw mecz otwarcia na Stadionie Narodowym. Wtedy czu\u0142em chyba najwi\u0119ksz\u0105 dum\u0119 z tego, \u017ce pracuj\u0119 w Polsacie Sport, \u017ce jeste\u015bmy cz\u0119\u015bci\u0105 tej wielkiej przygodym\u00f3wi\u0142 w 2020 r. dyrektor Polsatu Sport Marian Kmita<\/p><\/blockquote>\n<p><img decoding=\"async\" class=\"ids-image-holder__img\" loading=\"lazy\" alt=\"T\u0142um kibic\u00f3w zgromadzony na stadionie wok\u00f3\u0142 boiska do siatk\u00f3wki, dekoracje i banery nawi\u0105zuj\u0105ce do mistrzostw \u015bwiata, widoczne flagi pa\u0144stw z ca\u0142ego \u015bwiata zawieszone nad trybunami.\" title=\"Mecz otwarcia M\u015a 2014, Stadion Narodowy w Warszawie\" width=\"2000\" height=\"1331\" src=\"https:\/\/www.europesays.com\/pl\/wp-content\/uploads\/2025\/12\/000M2O0A9VMJTJ7E-C323-F4.webp.webp\"\/><\/p>\n<p>Mecz otwarcia M\u015a 2014, Stadion Narodowy w WarszawiePAWEL SKRABA\/REPORTEREast News<\/p>\n<p class=\"typography ids-typeset-body ids-typeset-body--preset-large link paragraph ids-paragraph ids-paragraph--default\">30 sierpnia 2014 na warszawskim obiekcie starcie zawodnik\u00f3w Antigi z kadr\u0105 Serbii obejrza\u0142o 62 tysi\u0105ce os\u00f3b. Robi\u0142o to kolosalne wra\u017cenie, a to by\u0142 dopiero pierwszy z 23 dni imprezy. Jeden z zawodnik\u00f3w naszych rywali przyznawa\u0142, \u017ce Polacy powinni organizowa\u0107 ka\u017cdy wielki turniej w tej dyscyplinie, bo tylko nad Wis\u0142\u0105 czuje si\u0119 jak wielki sportowiec.<\/p>\n<p class=\"typography ids-typeset-body ids-typeset-body--preset-large link paragraph ids-paragraph ids-paragraph--default\">&#8222;Nikomu nie przysz\u0142o nawet do g\u0142owy sztucznie zape\u0142nia\u0107 trybun, jak ma to miejsce w innych krajach. Zasiedli na nich prawdziwi fani siatk\u00f3wki, nie byli to \u017co\u0142nierze ani studenci, zebrani, \u017ceby doda\u0107 widowisku blasku, ale ludzie, kt\u00f3rzy zap\u0142acili za bilety&#8221; &#8211; relacjonowa\u0142 jeden z rosyjskich dziennikarzy (cyt. za PlusLiga.pl).<\/p>\n<p class=\"typography ids-typeset-body ids-typeset-body--preset-large link paragraph ids-paragraph ids-paragraph--default\">\u0141\u0105cznie wszystkie spotkania na \u017cywo z obiekt\u00f3w obejrza\u0142o 583 763 widz\u00f3w. Ju\u017c w pierwszej fazie grupowej pad\u0142 rekord ca\u0142ych poprzednich mistrzostw z 2010 r. Polska po raz kolejny pokaza\u0142a wtedy, \u017ce potrafi organizowa\u0107 wielkie zawody sportowe. Takie jak to &#8211; &#8222;Wydarzenie 25-lecia na 25-lecie Polsatu Sport&#8221;.\u00a0Nagroda jest cz\u0119\u015bci\u0105 plebiscytu &#8222;As Sportu Interii i Polsatu Sport 2025&#8221;.<\/p>\n<p>&#8222;As Sportu Interii i Polsatu Sport 2025&#8221;. Siatkarskie M\u015a 2014 wydarzeniem 25-lecia. WIDEOPolsat SportPolsat Sport<\/p>\n<p><img decoding=\"async\" class=\"ids-image-holder__img\" loading=\"lazy\" alt=\"Sportowiec w bia\u0142ej koszulce z napisem 'Polska' idzie po czerwonym dywanie, po obu stronach kibice ubrani w bia\u0142o-czerwone barwy dopinguj\u0105 go, machaj\u0105c pomponami i wyci\u0105gaj\u0105c r\u0119ce.\" title=\"Stephane Antiga, 30.08,2014 r.\" width=\"2000\" height=\"1316\" src=\"https:\/\/www.europesays.com\/pl\/wp-content\/uploads\/2025\/12\/000M2O0XJ4W79QYM-C323-F4.webp.webp\"\/><\/p>\n<p>Stephane Antiga, 30.08,2014 r.Andrzej Iwa\u0144czuk\/ReporterEast News<\/p>\n<p><img decoding=\"async\" class=\"ids-image-holder__img\" loading=\"lazy\" alt=\"Piotr Nowakowski\" title=\"Piotr Nowakowski\" width=\"3742\" height=\"2545\" src=\"https:\/\/www.europesays.com\/pl\/wp-content\/uploads\/2025\/12\/000JJ65OF8VQ224G-C323-F4.webp.webp\"\/><\/p>\n<p>Piotr NowakowskiFoto Olimpik\/NurPhotoAFP<\/p>\n<p><a class=\"ids-undecorated-link source ids-page-info--source__link\" href=\"https:\/\/www.interia.pl\" rel=\"nofollow noopener\" target=\"_blank\"><img decoding=\"async\" class=\"ids-image-holder__img\" loading=\"lazy\" alt=\"\" title=\"\" height=\"24px\" src=\"https:\/\/www.europesays.com\/pl\/wp-content\/uploads\/2025\/12\/1765927994_474_0009A60QQ5I2TYF7-C202-F4.webp.webp\"\/><\/a><\/p>\n<p>Masz sugestie, uwagi albo widzisz b\u0142\u0105d? Napisz do nas<\/p>\n","protected":false},"excerpt":{"rendered":"Siatkarskie mistrzostwa \u015bwiata 2014 ugoszczone przez Polsk\u0119 zosta\u0142y wybrane &#8222;Wydarzeniem 25-lecia na 25-lecie Polsatu Sport&#8221;. Mundial sprzed jedenastu&hellip;\n","protected":false},"author":2,"featured_media":156049,"comment_status":"","ping_status":"","sticky":false,"template":"","format":"standard","meta":{"footnotes":""},"categories":[24],"tags":[42,38,40,39,41,127,126],"class_list":{"0":"post-156048","1":"post","2":"type-post","3":"status-publish","4":"format-standard","5":"has-post-thumbnail","7":"category-sport","8":"tag-pl","9":"tag-poland","10":"tag-polish","11":"tag-polska","12":"tag-polski","13":"tag-sport","14":"tag-sports"},"share_on_mastodon":{"url":"https:\/\/pubeurope.com\/@pl\/115735266488990112","error":""},"_links":{"self":[{"href":"https:\/\/www.europesays.com\/pl\/wp-json\/wp\/v2\/posts\/156048","targetHints":{"allow":["GET"]}}],"collection":[{"href":"https:\/\/www.europesays.com\/pl\/wp-json\/wp\/v2\/posts"}],"about":[{"href":"https:\/\/www.europesays.com\/pl\/wp-json\/wp\/v2\/types\/post"}],"author":[{"embeddable":true,"href":"https:\/\/www.europesays.com\/pl\/wp-json\/wp\/v2\/users\/2"}],"replies":[{"embeddable":true,"href":"https:\/\/www.europesays.com\/pl\/wp-json\/wp\/v2\/comments?post=156048"}],"version-history":[{"count":0,"href":"https:\/\/www.europesays.com\/pl\/wp-json\/wp\/v2\/posts\/156048\/revisions"}],"wp:featuredmedia":[{"embeddable":true,"href":"https:\/\/www.europesays.com\/pl\/wp-json\/wp\/v2\/media\/156049"}],"wp:attachment":[{"href":"https:\/\/www.europesays.com\/pl\/wp-json\/wp\/v2\/media?parent=156048"}],"wp:term":[{"taxonomy":"category","embeddable":true,"href":"https:\/\/www.europesays.com\/pl\/wp-json\/wp\/v2\/categories?post=156048"},{"taxonomy":"post_tag","embeddable":true,"href":"https:\/\/www.europesays.com\/pl\/wp-json\/wp\/v2\/tags?post=156048"}],"curies":[{"name":"wp","href":"https:\/\/api.w.org\/{rel}","templated":true}]}}