{"id":15605,"date":"2025-09-25T15:45:07","date_gmt":"2025-09-25T15:45:07","guid":{"rendered":"https:\/\/www.europesays.com\/pl\/15605\/"},"modified":"2025-09-25T15:45:07","modified_gmt":"2025-09-25T15:45:07","slug":"puchar-polski-odra-bytom-odrzanski-wisla-krakow-relacja-na-zywo-przeglad-sportowy-onet","status":"publish","type":"post","link":"https:\/\/www.europesays.com\/pl\/15605\/","title":{"rendered":"Puchar Polski: Odra Bytom Odrza\u0144ski &#8211; Wis\u0142a Krak\u00f3w [RELACJA NA \u017bYWO] &#8211; Przegl\u0105d Sportowy Onet"},"content":{"rendered":"<ol>\n<li><a href=\"https:\/\/news.google.com\/rss\/articles\/CBMizAFBVV95cUxPNkVlei12VFJRZEZGWnZsXzRrTEFyUEx4eUhCZ21wa0Jud2gwSG1qc1ZuMEdmQkRKNl9QeElsWTRFZ3NEY2dtbU80WTBCTXFidFZpdy1TLURBaTJFeS00NmVudTlzRVJhdDY1OFlSVGhWSFBKamYwRW5aRDU0ZUN3ancxdDNBYnNHQ2hseEZSaDJrZVI3ZzNEVF9oTEtlbG1JVUxmQ1NaR204RG9pcUdFeXFOMGpTTU14VFk0bkplcC10RUFGV2V5a3Y3UnM?oc=5\" target=\"_blank\" rel=\"nofollow noopener\">Puchar Polski: Odra Bytom Odrza\u0144ski &#8211; Wis\u0142a Krak\u00f3w [RELACJA NA \u017bYWO]<\/a>&nbsp;&nbsp;Przegl\u0105d Sportowy Onet<\/li>\n<li><a href=\"https:\/\/news.google.com\/rss\/articles\/CBMi2gFBVV95cUxPczg1N0hXRjdBTmFURThlYUFBRGlHanlKc29SekRNZDhfajZfU3R5cURSTTR1aDFrNGRLdjVtOVYzR0dmM3JySlQxeldUUElOdEtMNUJmTjE1WkZLYldBUW5CUlhwa1BRWUtBWnR0MURkanRqSGY0QUUxcFBVTHBVdlNpUEZMdkZkbS1tb244ZnRLU19Ba0txX3d2X3BUamxuTnN1T2dwVWxuby1OT05QUUtXVkg4M3ItV255R21tblJMRUUwX0RPWUlBakxvekhSSWpLM2VTc2xQQQ?oc=5\" target=\"_blank\" rel=\"nofollow noopener\">Problemy Wis\u0142y Krak\u00f3w z czwartoligowcem. 82. minuta wszystko zmieni\u0142a!<\/a>&nbsp;&nbsp;Przegl\u0105d Sportowy Onet<\/li>\n<li><a href=\"https:\/\/news.google.com\/rss\/articles\/CBMi4wFBVV95cUxNNDh3dVhXb2djZkdISUdwazJwaGI0V19VdDByeXRYcWVpc2xEa01ZQm85ME5NaXpqR2o5S2MzSEItWjlKNExmejAxeks1Q0MzcjJvSEhhSTV6WjlYdnBKSlhvcDNmRVRRV2dUcElZUmVjWDllbVVIRnlpYkRJbFNyTDZzLUpTREJYclVRbEhfWGVxR1VKMGp6c1JSNU1ra0NIaE44Y0VtTWlGUWlHbHlqYi16T2EzU1hHYzJTSnJpNHcxOWU1ZkhTVXBTTnhYZDlYcXY3a1VHVGEwZUNmUFFTdzdUMA?oc=5\" target=\"_blank\" rel=\"nofollow noopener\">Odra Bytom Odrza\u0144ski \u2013 Wis\u0142a Krak\u00f3w. Ogl\u0105daj mecz STS Pucharu Polski!<\/a>&nbsp;&nbsp;sport.tvp.pl<\/li>\n<li><a href=\"https:\/\/news.google.com\/rss\/articles\/CBMinwFBVV95cUxQejVFcF9GMGZ1S1ZscEhNR3JwY2c3V2JidGJrSXpxTndoWFJhUEcxMXpxZTdGWEdIRG83dkxqQ3NRbHh4X1l4N3BjalZmVTRnclAxc09VdDQ3QUNvUGY2M2F3amFaVU9NZEhiWDhOM014bzNqZW01VGVqcWtGMndBcXhfbVZESFA4WFVVTzRNYkhxNXgtb2hxVzZ6a3djZlU?oc=5\" target=\"_blank\" rel=\"nofollow noopener\">Mariusz Jop przed #ODRWIS: Nastawienie to jest bardzo wa\u017cna rzecz<\/a>&nbsp;&nbsp;TS Wis\u0142a Krak\u00f3w<\/li>\n<li><a href=\"https:\/\/news.google.com\/rss\/articles\/CBMipwFBVV95cUxNY2xWbTl2U0R3R0xOb3Rlck5iWWxFdEU4N1lmcjN5NTFhbllHOS14ZXBPUzBxUFgxNGJiOHhSV3FfWGp3amlDRjJ3VklyU1k5QUJfVUR4SldRdTVHVlN5OWxBNU1lQWlLWnd0M01ydE80NVV5NUFEZmo5SGMwbnZpakdieGpKWjM5UWJ1RWwxYzloQm5oaGp6RUxtWGpYeWRSYnFZbGZvNA?oc=5\" target=\"_blank\" rel=\"nofollow noopener\">To musia\u0142 by\u0107 Rodado! Niebywa\u0142e, jak \u017ale gra\u0142a Wis\u0142a<\/a>&nbsp;&nbsp;Meczyki.pl<\/li>\n<\/ol>\n","protected":false},"excerpt":{"rendered":"Puchar Polski: Odra Bytom Odrza\u0144ski &#8211; Wis\u0142a Krak\u00f3w [RELACJA NA \u017bYWO]&nbsp;&nbsp;Przegl\u0105d Sportowy Onet Problemy Wis\u0142y Krak\u00f3w z czwartoligowcem.&hellip;\n","protected":false},"author":2,"featured_media":15606,"comment_status":"","ping_status":"","sticky":false,"template":"","format":"standard","meta":{"footnotes":""},"categories":[24],"tags":[2397,188,186,42,38,40,39,41,136,128,4773,47,127,135,126,130,2476],"class_list":{"0":"post-15605","1":"post","2":"type-post","3":"status-publish","4":"format-standard","5":"has-post-thumbnail","7":"category-sport","8":"tag-gks_katowice","9":"tag-liveblog","10":"tag-na_zywo","11":"tag-pl","12":"tag-poland","13":"tag-polish","14":"tag-polska","15":"tag-polski","16":"tag-ps_detal_new","17":"tag-psv2","18":"tag-puchar_polski","19":"tag-screening_general","20":"tag-sport","21":"tag-sport_sport","22":"tag-sports","23":"tag-wiadomosci_sportowe","24":"tag-wisla_plock"},"share_on_mastodon":{"url":"","error":""},"_links":{"self":[{"href":"https:\/\/www.europesays.com\/pl\/wp-json\/wp\/v2\/posts\/15605","targetHints":{"allow":["GET"]}}],"collection":[{"href":"https:\/\/www.europesays.com\/pl\/wp-json\/wp\/v2\/posts"}],"about":[{"href":"https:\/\/www.europesays.com\/pl\/wp-json\/wp\/v2\/types\/post"}],"author":[{"embeddable":true,"href":"https:\/\/www.europesays.com\/pl\/wp-json\/wp\/v2\/users\/2"}],"replies":[{"embeddable":true,"href":"https:\/\/www.europesays.com\/pl\/wp-json\/wp\/v2\/comments?post=15605"}],"version-history":[{"count":0,"href":"https:\/\/www.europesays.com\/pl\/wp-json\/wp\/v2\/posts\/15605\/revisions"}],"wp:featuredmedia":[{"embeddable":true,"href":"https:\/\/www.europesays.com\/pl\/wp-json\/wp\/v2\/media\/15606"}],"wp:attachment":[{"href":"https:\/\/www.europesays.com\/pl\/wp-json\/wp\/v2\/media?parent=15605"}],"wp:term":[{"taxonomy":"category","embeddable":true,"href":"https:\/\/www.europesays.com\/pl\/wp-json\/wp\/v2\/categories?post=15605"},{"taxonomy":"post_tag","embeddable":true,"href":"https:\/\/www.europesays.com\/pl\/wp-json\/wp\/v2\/tags?post=15605"}],"curies":[{"name":"wp","href":"https:\/\/api.w.org\/{rel}","templated":true}]}}