{"id":156052,"date":"2025-12-17T14:00:13","date_gmt":"2025-12-17T14:00:13","guid":{"rendered":"https:\/\/www.europesays.com\/pl\/156052\/"},"modified":"2025-12-17T14:00:13","modified_gmt":"2025-12-17T14:00:13","slug":"goracy-wujek-niczym-keanu-reeves-japonczycy-chwala-powrot-legendy-do-resident-evil-requiem","status":"publish","type":"post","link":"https:\/\/www.europesays.com\/pl\/156052\/","title":{"rendered":"\u201eGor\u0105cy wujek\u201d niczym Keanu Reeves. Japo\u0144czycy chwal\u0105 powr\u00f3t legendy do Resident Evil Requiem"},"content":{"rendered":"<p>Capcom w ko\u0144cu ujawni\u0142 drugiego bohatera Resident Evil Requiem i nie brakuje bardzo pozytywnych g\u0142os\u00f3w. Japo\u0144czycy nie ukrywaj\u0105 zachwyt\u00f3w nad nowym wygl\u0105dem Leona.<\/p>\n<p>Capcom przez d\u0142ugi czas konsekwentnie milcza\u0142 w sprawie plotek dotycz\u0105cych drugiego bohatera Resident Evil Requiem, ale The Game Awards przynios\u0142o w ko\u0144cu oficjalne potwierdzenie. Leon S. Kennedy wraca jako drugi grywalny protagonista, a reakcje fan\u00f3w &#8211; szczeg\u00f3lnie w Japonii &#8211; s\u0105 wyj\u0105tkowo entuzjastyczne. Nie chodzi jednak wy\u0142\u0105cznie o sam powr\u00f3t kultowej postaci, ale o to, jak Leon wygl\u0105da w nowej ods\u0142onie serii.<\/p>\n<p>    Dalsza cz\u0119\u015b\u0107 tekstu pod wideo<\/p>\n<p>Resident Evil Requiem wprowadzi now\u0105 bohaterk\u0119 &#8211; Grace Ashcroft, analityczk\u0119 FBI badaj\u0105c\u0105 seri\u0119 tajemniczych zgon\u00f3w powi\u0105zanych z Victorem Gideonem, by\u0142ym naukowcem Umbrella Corporation. To w\u0142a\u015bnie Grace ma odpowiada\u0107 za bardziej klasyczne, powolne i napi\u0119te fragmenty rozgrywki, mocno inspirowane Resident Evil 2. Z kolei Leon reprezentuje styl bli\u017cszy Resident Evil 4, z wyra\u017anie wi\u0119kszym naciskiem na akcj\u0119, dynamiczn\u0105 walk\u0119 z zombie i bardziej bezpo\u015brednie starcia.<\/p>\n<p>        <img loading=\"lazy\" decoding=\"async\" src=\"https:\/\/www.europesays.com\/pl\/wp-content\/uploads\/2025\/12\/1765930646_910_B32963402.414688363;dc_trk_aid=607216972;dc_trk_cid=228291445;ord=[timestamp];dc_lat=;dc_rdid=;tag_f.gif\" attributionsrc=\"\" border=\"0\" height=\"1\" width=\"1\" alt=\"Advertisement\"\/><\/p>\n<p>Najwi\u0119kszym zaskoczeniem okaza\u0142 si\u0119 jednak nowy wizerunek Leona. Bohater jest wyra\u017anie starszy &#8211; w 2026 roku ma mie\u0107 49 lat \u2013 ale zamiast krytyki, Capcom zebra\u0142 fal\u0119 pochwa\u0142. Japo\u0144scy fani b\u0142yskawicznie ochrzcili go mianem \u201eikeoji\u201d, czyli \u201egor\u0105cego wujka\u201d &#8211; okre\u015blenia u\u017cywanego wobec dojrza\u0142ych, stylowych i atrakcyjnych m\u0119\u017cczyzn. W mediach spo\u0142eczno\u015bciowych nie brakuje komentarzy w stylu: \u201eLeon starzeje si\u0119 w naprawd\u0119 cool spos\u00f3b\u201d czy por\u00f3wna\u0144 do&#8230; Keanu Reevesa. Nowy wygl\u0105d bohatera ju\u017c inspiruje artyst\u00f3w, kt\u00f3rzy masowo rysuj\u0105 \u201ewujka Leona\u201d w nowej wersji.<\/p>\n<p>Nie wszyscy jednak patrz\u0105 na spraw\u0119 wy\u0142\u0105cznie przez pryzmat urody. Cz\u0119\u015b\u0107 widz\u00f3w zwiastuna zwr\u00f3ci\u0142a uwag\u0119 na tajemnicz\u0105 zmian\u0119 na szyi Leona, sugeruj\u0105c\u0105 mo\u017cliw\u0105 infekcj\u0119. Sam re\u017cyser gry potwierdzi\u0142, \u017ce posta\u0107 skrywa \u201edu\u017cy sekret\u201d, kt\u00f3ry b\u0119dzie mia\u0142 istotne znaczenie dla fabu\u0142y, cho\u0107 na szczeg\u00f3\u0142y przyjdzie jeszcze poczeka\u0107. Pojawiaj\u0105 si\u0119 te\u017c g\u0142osy, \u017ce Leon zas\u0142u\u017cy\u0142 ju\u017c na odpoczynek.<\/p>\n<p>Do dyskusji w\u0142\u0105czy\u0142 si\u0119 nawet Hideki Kamiya, legenda japo\u0144skiego gamedevu, kt\u00f3ry z lekkim przymru\u017ceniem oka skomentowa\u0142 starzenie si\u0119 kultowych bohater\u00f3w Capcomu, \u017cycz\u0105c Leonowi \u201espokojnej staro\u015bci\u201d. Tw\u00f3rcy jednak jasno daj\u0105 do zrozumienia, \u017ce Kennedy wci\u0105\u017c ma wiele do zaoferowania&#8230; zar\u00f3wno pod wzgl\u0119dem rozgrywki, jak i narracji.<\/p>\n<p>Capcom potwierdzi\u0142, \u017ce czas ekranowy Grace i Leona b\u0119dzie niemal r\u00f3wny, a prze\u0142\u0105czanie si\u0119 mi\u0119dzy nimi ma przypomina\u0107 \u201eskok do zimnej wody po gor\u0105cej saunie\u201d. Survivalowy niepok\u00f3j kontra bezkompromisowa akcja &#8211; i wszystko wskazuje na to, \u017ce \u201eikeoji Leon\u201d b\u0119dzie jednym z najmocniejszych punkt\u00f3w Resident Evil Requiem. Je\u015bli reakcje fan\u00f3w s\u0105 jakimkolwiek wyznacznikiem, Capcom trafi\u0142 w dziesi\u0105tk\u0119.<\/p>\n","protected":false},"excerpt":{"rendered":"Capcom w ko\u0144cu ujawni\u0142 drugiego bohatera Resident Evil Requiem i nie brakuje bardzo pozytywnych g\u0142os\u00f3w. Japo\u0144czycy nie ukrywaj\u0105&hellip;\n","protected":false},"author":2,"featured_media":156053,"comment_status":"","ping_status":"","sticky":false,"template":"","format":"standard","meta":{"footnotes":""},"categories":[20],"tags":[120,118,119,42,38,40,39,41,116,114,115,121,117],"class_list":{"0":"post-156052","1":"post","2":"type-post","3":"status-publish","4":"format-standard","5":"has-post-thumbnail","7":"category-nauka-i-technika","8":"tag-nauka","9":"tag-nauka-i-technika","10":"tag-naukatechnika","11":"tag-pl","12":"tag-poland","13":"tag-polish","14":"tag-polska","15":"tag-polski","16":"tag-science","17":"tag-science-and-technology","18":"tag-sciencetechnology","19":"tag-technika","20":"tag-technology"},"share_on_mastodon":{"url":"https:\/\/pubeurope.com\/@pl\/115735273470507360","error":""},"_links":{"self":[{"href":"https:\/\/www.europesays.com\/pl\/wp-json\/wp\/v2\/posts\/156052","targetHints":{"allow":["GET"]}}],"collection":[{"href":"https:\/\/www.europesays.com\/pl\/wp-json\/wp\/v2\/posts"}],"about":[{"href":"https:\/\/www.europesays.com\/pl\/wp-json\/wp\/v2\/types\/post"}],"author":[{"embeddable":true,"href":"https:\/\/www.europesays.com\/pl\/wp-json\/wp\/v2\/users\/2"}],"replies":[{"embeddable":true,"href":"https:\/\/www.europesays.com\/pl\/wp-json\/wp\/v2\/comments?post=156052"}],"version-history":[{"count":0,"href":"https:\/\/www.europesays.com\/pl\/wp-json\/wp\/v2\/posts\/156052\/revisions"}],"wp:featuredmedia":[{"embeddable":true,"href":"https:\/\/www.europesays.com\/pl\/wp-json\/wp\/v2\/media\/156053"}],"wp:attachment":[{"href":"https:\/\/www.europesays.com\/pl\/wp-json\/wp\/v2\/media?parent=156052"}],"wp:term":[{"taxonomy":"category","embeddable":true,"href":"https:\/\/www.europesays.com\/pl\/wp-json\/wp\/v2\/categories?post=156052"},{"taxonomy":"post_tag","embeddable":true,"href":"https:\/\/www.europesays.com\/pl\/wp-json\/wp\/v2\/tags?post=156052"}],"curies":[{"name":"wp","href":"https:\/\/api.w.org\/{rel}","templated":true}]}}