{"id":156054,"date":"2025-12-17T14:01:11","date_gmt":"2025-12-17T14:01:11","guid":{"rendered":"https:\/\/www.europesays.com\/pl\/156054\/"},"modified":"2025-12-17T14:01:11","modified_gmt":"2025-12-17T14:01:11","slug":"nowa-trasa-dlugodystansowa-lot-poleci-do-tajlandii","status":"publish","type":"post","link":"https:\/\/www.europesays.com\/pl\/156054\/","title":{"rendered":"Nowa trasa d\u0142ugodystansowa. LOT poleci do Tajlandii"},"content":{"rendered":"<p>Polski narodowy przewo\u017anik zapowiedzia\u0142 dzi\u015b uruchomienie nowego, dalekodystansowego po\u0142\u0105czenia. To kolejna taka nowo\u015b\u0107, po og\u0142oszonym w listopadzie San Francisco.<\/p>\n<p>Do siatki po\u0142\u0105cze\u0144 regularnych do\u0142\u0105czy Tajlandia. Od przysz\u0142orocznego sezonu zimowego b\u0119dzie mo\u017cna polecie\u0107 z warszawskiego Lotniska Chopina do stolicy kraju, Bangkoku. Po\u0142\u0105czenie b\u0119dzie realizowane pi\u0119\u0107 razy w ci\u0105gu tygodnia. Inauguracyjny lot zosta\u0142 zaplanowany na 26 pa\u017adziernika 2026 roku.<\/p>\n<p><img decoding=\"async\" src=\"https:\/\/www.europesays.com\/pl\/wp-content\/uploads\/2025\/12\/imageprocessing20251217-8-hjzr0e.jpg\" width=\"1200\" height=\"600\" loading=\"lazy\" style=\"aspect-ratio: 1200 \/ 600; width: 100%; height: auto;\"\/><\/p>\n<p>Po\u0142\u0105czenie na trasie Warszawa-Bangkok obs\u0142ugiwane b\u0119dzie ca\u0142orocznie. Pasa\u017cerowie udaj\u0105cy si\u0119 do stolicy Tajlandii, na pok\u0142adach PLL LOT zawitaj\u0105 5 razy w tygodniu \u2013 w poniedzia\u0142ki, \u015brody, czwartki, soboty i niedziele, startuj\u0105c z warszawskiego lotniska o godz. 14:25 (LO65). Z kolei w drog\u0119 powrotn\u0105 podr\u00f3\u017cni udadz\u0105 si\u0119 r\u00f3wnie\u017c 5 dni tygodniowo \u2013 w poniedzia\u0142ki, wtorki, czwartki, pi\u0105tki i niedziele \u2013 o godz. 8:45 (LO66). Rejsy z Polski do Tajlandii b\u0119d\u0105 trwa\u0107 10h i 20 minut, a na trasie powrotnej \u2013 11h i 55 minut. <\/p>\n<p>Tajlandia, w tym Bangkok nale\u017c\u0105 do najpopularniejszych egzotycznych kierunk\u00f3w wypoczynkowych z Europy. Na trasach do Bangkoku obecni s\u0105 zar\u00f3wno tradycyjni przewo\u017anicy z kraj\u00f3w Europy Zachodniej, jak i przewo\u017anicy tradycyjni oraz lowcostowi z szeroko poj\u0119tego Bliskiego Wschodu. Zaplanowana liczba foteli pomi\u0119dzy Europ\u0105 a Bangkokiem na 2026 rok wynosi oko\u0142o 7 milion\u00f3w.<\/p>\n<p>Kraj ten nie b\u0119dzie jednak zupe\u0142nie nowym rynkiem dla LOT-u. Polska linia od lat realizuje sezonowe, zimowe czartery na zlecenie biur podr\u00f3\u017cy zar\u00f3wno do Bangkoku, jak i na Phuket oraz Krabi.<\/p>\n","protected":false},"excerpt":{"rendered":"Polski narodowy przewo\u017anik zapowiedzia\u0142 dzi\u015b uruchomienie nowego, dalekodystansowego po\u0142\u0105czenia. To kolejna taka nowo\u015b\u0107, po og\u0142oszonym w listopadzie San&hellip;\n","protected":false},"author":2,"featured_media":156055,"comment_status":"","ping_status":"","sticky":false,"template":"","format":"standard","meta":{"footnotes":""},"categories":[16],"tags":[113,112,42,38,40,39,41],"class_list":{"0":"post-156054","1":"post","2":"type-post","3":"status-publish","4":"format-standard","5":"has-post-thumbnail","7":"category-biznes","8":"tag-biznes","9":"tag-business","10":"tag-pl","11":"tag-poland","12":"tag-polish","13":"tag-polska","14":"tag-polski"},"share_on_mastodon":{"url":"https:\/\/pubeurope.com\/@pl\/115735277627507279","error":""},"_links":{"self":[{"href":"https:\/\/www.europesays.com\/pl\/wp-json\/wp\/v2\/posts\/156054","targetHints":{"allow":["GET"]}}],"collection":[{"href":"https:\/\/www.europesays.com\/pl\/wp-json\/wp\/v2\/posts"}],"about":[{"href":"https:\/\/www.europesays.com\/pl\/wp-json\/wp\/v2\/types\/post"}],"author":[{"embeddable":true,"href":"https:\/\/www.europesays.com\/pl\/wp-json\/wp\/v2\/users\/2"}],"replies":[{"embeddable":true,"href":"https:\/\/www.europesays.com\/pl\/wp-json\/wp\/v2\/comments?post=156054"}],"version-history":[{"count":0,"href":"https:\/\/www.europesays.com\/pl\/wp-json\/wp\/v2\/posts\/156054\/revisions"}],"wp:featuredmedia":[{"embeddable":true,"href":"https:\/\/www.europesays.com\/pl\/wp-json\/wp\/v2\/media\/156055"}],"wp:attachment":[{"href":"https:\/\/www.europesays.com\/pl\/wp-json\/wp\/v2\/media?parent=156054"}],"wp:term":[{"taxonomy":"category","embeddable":true,"href":"https:\/\/www.europesays.com\/pl\/wp-json\/wp\/v2\/categories?post=156054"},{"taxonomy":"post_tag","embeddable":true,"href":"https:\/\/www.europesays.com\/pl\/wp-json\/wp\/v2\/tags?post=156054"}],"curies":[{"name":"wp","href":"https:\/\/api.w.org\/{rel}","templated":true}]}}