{"id":156056,"date":"2025-12-17T14:02:15","date_gmt":"2025-12-17T14:02:15","guid":{"rendered":"https:\/\/www.europesays.com\/pl\/156056\/"},"modified":"2025-12-17T14:02:15","modified_gmt":"2025-12-17T14:02:15","slug":"rosja-groznie-zerka-na-europe-cos-znow-jej-sie-nie-podoba","status":"publish","type":"post","link":"https:\/\/www.europesays.com\/pl\/156056\/","title":{"rendered":"Rosja gro\u017anie zerka na Europ\u0119. Co\u015b zn\u00f3w jej si\u0119 nie podoba"},"content":{"rendered":"<p class=\"hyphenate \" data-text-len=\"443\" data-scroll=\"paragraph_2\">Ka\u017cda pr\u00f3ba \u0107wicze\u0144 europejskich zdolno\u015bci obronnych, czy nawet zakup\u00f3w wojskowych od razu spotyka si\u0119 ze zdecydowan\u0105 reakcj\u0105 Rosji, a dzieje si\u0119 to pomimo i\u017c kraj ten nie do\u015b\u0107, \u017ce prowadzi agresywn\u0105 wojn\u0119 na <a href=\"https:\/\/forsal.pl\/tagi\/ukraina\" id=\"f142a11e-b69b-46fa-92e3-4be8911b26a2\" title=\"Ukraina\" rel=\"nofollow noopener\" target=\"_blank\">Ukrainie<\/a>, to jeszcze sam zbroi si\u0119 po z\u0119by. Kreml zn\u00f3w postanowi\u0142 da\u0107 wyraz swemu niezadowoleniu.<\/p>\n<p>    Rosji nie podoba si\u0119 to, co robi Europa. Padaj\u0105 absurdalne oskar\u017cenia<\/p>\n<p class=\"hyphenate \" data-text-len=\"478\" data-scroll=\"paragraph_4\">Okazj\u0105 do pogro\u017cenia Zachodowi palcem sta\u0142y si\u0119 dla Kremla europejskie negocjacje dotycz\u0105ce pokoju w Ukrainie. Minister spraw zagranicznych Rosji Siergiej \u0141awrow stwierdzi\u0142 w wywiadzie z 15 grudnia dla ira\u0144skiej pa\u0144stwowej telewizji, \u017ce Europa prowadzi z Rosj\u0105 wojn\u0119 &#8222;pod nazistowsk\u0105 flag\u0105&#8221;, realizuj\u0105c j\u0105 poprzez wsparcie militarne i polityczne dla <a href=\"https:\/\/forsal.pl\/tagi\/ukraina\" id=\"30a5afdb-c3c1-4cc2-9185-21b46cc654c9\" title=\"Ukraina\" rel=\"nofollow noopener\" target=\"_blank\">Ukrainy<\/a>.<\/p>\n<p class=\"hyphenate adSlotSibling\" data-text-len=\"683\" data-async-ad-slot=\"true\" data-scroll=\"paragraph_5\">\u2013 Europa wykorzystuje kryzys ukrai\u0144ski, aby zaznaczy\u0107 swoj\u0105 pozycj\u0119, by rzuci\u0107 Stanom Zjednoczonym k\u0142od\u0119 pod nogi w ich d\u0105\u017ceniu do osi\u0105gni\u0119cia sprawiedliwego porozumienia \u2013 oznajmi\u0142 szef rosyjskiego MSZ, cytowany przez agencj\u0119 pa\u0144stwow\u0105 TASS. \u2013 Bruksela, ale tak\u017ce takie stolice jak Berlin, Londyn i Pary\u017c, nie wspominaj\u0105c ju\u017c o krajach ba\u0142tyckich, o\u017cywiaj\u0105 filozofi\u0119 i praktyki nazizmu \u2013 doda\u0142. Dodatkowo stwierdzi\u0142, \u017ce <a href=\"https:\/\/forsal.pl\/tagi\/niemcy\" id=\"9da8afb9-7bf6-4130-a1d5-3e00d1f9a82f\" title=\"Niemcy\" rel=\"nofollow noopener\" target=\"_blank\">Niemcy<\/a> do\u015bwiadczaj\u0105 &#8222;odrodzenia militaryzmu&#8221;, a Finlandi\u0119 symbolicznie powi\u0105za\u0142 z Adolfem Hitlerem oraz obl\u0119\u017ceniem Leningradu.<\/p>\n<p>    Historia jako bro\u0144 informacyjna. Rosja karmi obywateli propagand\u0105<\/p>\n<p class=\"hyphenate \" data-text-len=\"375\" data-scroll=\"paragraph_7\">Ameryka\u0144ski Instytut Bada\u0144 nad Wojn\u0105 (ISW) podkre\u015bla, \u017ce wypowied\u017a \u0141awrowa nie by\u0142a incydentalna i wpisuje si\u0119 w szersz\u0105 strategi\u0119 Kremla. Analitycy zauwa\u017caj\u0105, \u017ce s\u0105 to odniesienia do wydarze\u0144 g\u0142\u0119boko zakorzenionych w rosyjskiej pami\u0119ci historycznej, celowo przywo\u0142ywane w celu pobudzania emocji i historycznych resentyment\u00f3w w\u015br\u00f3d rosyjskiego spo\u0142ecze\u0144stwa.<\/p>\n<p class=\"hyphenate \" data-text-len=\"492\" data-scroll=\"paragraph_8\">W raporcie podkre\u015blono r\u00f3wnie\u017c, \u017ce \u0141awrow por\u00f3wnywa\u0142 obecnych europejskich przyw\u00f3dc\u00f3w do postaci takich jak Adolf Hitler czy Napoleon Bonaparte, kt\u00f3re w rosyjskiej narracji historycznej symbolizuj\u0105 zagro\u017cenie dla pa\u0144stwa rosyjskiego. ISW zaznacza, \u017ce tego rodzaju analogie maj\u0105 charakter propagandowyi nie s\u0105 poparte faktami, lecz s\u0142u\u017c\u0105 kreowaniuobrazu Zachodu jako wroga por\u00f3wnywalnego z najbardziej traumatycznymi do\u015bwiadczeniami XX wieku.<\/p>\n<p>    ISW: Rosja przygotowuje spo\u0142ecze\u0144stwo na d\u0142ug\u0105 wojn\u0119 z Zachodem<\/p>\n<p class=\"hyphenate \" data-text-len=\"679\" data-scroll=\"paragraph_10\">Analitycy ISW zwracaj\u0105 uwag\u0119 na istotne rozr\u00f3\u017cnienie w rosyjskiej propagandzie. Fa\u0142szywe oskar\u017cenia wobec europejskich pa\u0144stw o &#8222;nazizm&#8221; r\u00f3\u017cni\u0105 si\u0119 od wcze\u015bniejszych twierdze\u0144 Kremla, jakoby <a href=\"https:\/\/forsal.pl\/tagi\/ukraina\" id=\"f7135b04-ff8c-433a-8874-948d133b0a70\" title=\"Ukraina\" rel=\"nofollow noopener\" target=\"_blank\">Ukraina<\/a> by\u0142a rz\u0105dzona przez &#8222;neonazistowskie elity&#8221;. W przypadku Ukrainy narracja mia\u0142a uzasadnia\u0107 rzekom\u0105 konieczno\u015b\u0107 &#8222;obrony rosyjskoj\u0119zycznej ludno\u015bci&#8221; przed domniemanym ludob\u00f3jstwem. W odniesieniu do Europy termin &#8222;nazizm&#8221; jest u\u017cywany znacznie szerzej i w spos\u00f3b celowo nieprecyzyjny, aby jednoznacznie wskaza\u0107 Zach\u00f3d jako zbiorowego wroga Rosji.<\/p>\n<p class=\"hyphenate \" data-text-len=\"426\" data-scroll=\"paragraph_11\">W raporcie ISW czytamy, \u017ce Kreml &#8222;wykorzystuje poj\u0119cie 'nazisty&#8217; do identyfikowania wsp\u00f3\u0142czesnych pa\u0144stw europejskich i ich przyw\u00f3dc\u00f3w jako wrog\u00f3w narodu rosyjskiego oraz do odwo\u0142ywania si\u0119 do radzieckich narracji patriotycznych&#8221;. Celem tych dzia\u0142a\u0144 jest przygotowanie rosyjskiego spo\u0142ecze\u0144stwa na akceptacj\u0119 &#8222;coraz wi\u0119kszych po\u015bwi\u0119ce\u0144 w imi\u0119 ideologicznej obrony pa\u0144stwa rosyjskiego przez nieokre\u015blony czas&#8221;.<\/p>\n","protected":false},"excerpt":{"rendered":"Ka\u017cda pr\u00f3ba \u0107wicze\u0144 europejskich zdolno\u015bci obronnych, czy nawet zakup\u00f3w wojskowych od razu spotyka si\u0119 ze zdecydowan\u0105 reakcj\u0105 Rosji,&hellip;\n","protected":false},"author":2,"featured_media":156057,"comment_status":"","ping_status":"","sticky":false,"template":"","format":"standard","meta":{"footnotes":""},"categories":[14],"tags":[32,33,27,34,35,28,31,25,40,41,80,29,30,26,82,83,84],"class_list":{"0":"post-156056","1":"post","2":"type-post","3":"status-publish","4":"format-standard","5":"has-post-thumbnail","7":"category-swiat","8":"tag-breaking-news","9":"tag-breakingnews","10":"tag-headlines","11":"tag-latest-news","12":"tag-latestnews","13":"tag-naglowki","14":"tag-najwazniejsze-artykuly","15":"tag-news","16":"tag-polish","17":"tag-polski","18":"tag-swiat","19":"tag-top-stories","20":"tag-topstories","21":"tag-wiadomosci","22":"tag-world","23":"tag-world-news","24":"tag-worldnews"},"share_on_mastodon":{"url":"https:\/\/pubeurope.com\/@pl\/115735281394562620","error":""},"_links":{"self":[{"href":"https:\/\/www.europesays.com\/pl\/wp-json\/wp\/v2\/posts\/156056","targetHints":{"allow":["GET"]}}],"collection":[{"href":"https:\/\/www.europesays.com\/pl\/wp-json\/wp\/v2\/posts"}],"about":[{"href":"https:\/\/www.europesays.com\/pl\/wp-json\/wp\/v2\/types\/post"}],"author":[{"embeddable":true,"href":"https:\/\/www.europesays.com\/pl\/wp-json\/wp\/v2\/users\/2"}],"replies":[{"embeddable":true,"href":"https:\/\/www.europesays.com\/pl\/wp-json\/wp\/v2\/comments?post=156056"}],"version-history":[{"count":0,"href":"https:\/\/www.europesays.com\/pl\/wp-json\/wp\/v2\/posts\/156056\/revisions"}],"wp:featuredmedia":[{"embeddable":true,"href":"https:\/\/www.europesays.com\/pl\/wp-json\/wp\/v2\/media\/156057"}],"wp:attachment":[{"href":"https:\/\/www.europesays.com\/pl\/wp-json\/wp\/v2\/media?parent=156056"}],"wp:term":[{"taxonomy":"category","embeddable":true,"href":"https:\/\/www.europesays.com\/pl\/wp-json\/wp\/v2\/categories?post=156056"},{"taxonomy":"post_tag","embeddable":true,"href":"https:\/\/www.europesays.com\/pl\/wp-json\/wp\/v2\/tags?post=156056"}],"curies":[{"name":"wp","href":"https:\/\/api.w.org\/{rel}","templated":true}]}}