{"id":156058,"date":"2025-12-17T14:03:07","date_gmt":"2025-12-17T14:03:07","guid":{"rendered":"https:\/\/www.europesays.com\/pl\/156058\/"},"modified":"2025-12-17T14:03:07","modified_gmt":"2025-12-17T14:03:07","slug":"rozszerzenie-dostepu-do-aborcji-historyczne-glosowanie-w-parlamencie-europejskim","status":"publish","type":"post","link":"https:\/\/www.europesays.com\/pl\/156058\/","title":{"rendered":"Rozszerzenie dost\u0119pu do aborcji. Historyczne g\u0142osowanie w Parlamencie Europejskim"},"content":{"rendered":"<p class=\"ods-c-paragraph \">Plan zak\u0142ada\u0142by utworzenie dobrowolnego, opcjonalnego mechanizmu finansowego, kt\u00f3ry pom\u00f3g\u0142by krajom zapewni\u0107 aborcj\u0119 kobietom, kt\u00f3re nie maj\u0105 do niej dost\u0119pu we w\u0142asnym kraju i zdecyduj\u0105 si\u0119 na wyjazd do kraju o bardziej liberalnych przepisach. Obywatele Europy przedstawili ten plan w petycji \u2014 za po\u015brednictwem grupy kampanijnej &#8222;M\u00f3j G\u0142os, M\u00f3j Wyb\u00f3r&#8221;.<\/p>\n<p>Dalszy ci\u0105g artyku\u0142u pod materia\u0142em wideo<\/p>\n<p> Jakie g\u0142osowanie odby\u0142o si\u0119 w Parlamencie Europejskim? <\/p>\n<p> Co planuje UE w zwi\u0105zku z dost\u0119pem do aborcji? <\/p>\n<p> Kt\u00f3re kraje maj\u0105 najbardziej restrykcyjne przepisy dotycz\u0105ce aborcji? <\/p>\n<p> Jakie argumenty przedstawili zwolennicy planu dost\u0119pu do aborcji? <\/p>\n<p class=\"ods-c-paragraph \">358 parlamentarzyst\u00f3w zag\u0142osowa\u0142o za wnioskiem, 202 przeciw, a 79 pos\u0142\u00f3w wstrzyma\u0142o si\u0119 od g\u0142osu.<\/p>\n<p class=\"ods-c-paragraph \">Temat wywo\u0142a\u0142 o\u017cywion\u0105 dyskusj\u0119 na sesji plenarnej Parlamentu Europejskiego we wtorek wieczorem. Zwolennicy programu argumentowali, \u017ce pomo\u017ce on ograniczy\u0107 liczb\u0119 niebezpiecznych aborcji i zapewni kobietom w ca\u0142ej Unii r\u00f3wne prawa; przeciwnicy, g\u0142\u00f3wnie z grup konserwatywnych, odrzucili go jako pr\u00f3b\u0119 wymuszenia ideologii i nadu\u017cycie w\u0142adzy UE w polityce krajowej \u2014 donosi Politico.<\/p>\n<p class=\"ods-c-paragraph \">Komisja Europejska ma teraz czas do marca 2026 r. na udzielenie odpowiedzi.<\/p>\n<p>Najwi\u0119ksze zmiany odczuj\u0105 mieszkanki Polski i Malty<\/p>\n<p class=\"ods-c-paragraph \">\u2014 Zmiana oznacza nie tylko darmow\u0105 aborcj\u0119 zmedykalizowan\u0105 (chirurgiczn\u0105), ale dost\u0119p do tabletek aborcyjnych na r\u00f3wnych zasadach dla wszystkich mieszkanek UE. W skr\u00f3cie konkretne systemy opieki zdrowotnej b\u0119d\u0105 dostawa\u0142y dodatkowe pieni\u0105dze za zabiegi aborcyjne, czyli za to, co ju\u017c dzi\u015b oferuj\u0105 swoim obywatelkom i mieszkankom za darmo. Osoby z kraj\u00f3w takich jak Polska, musz\u0105 za t\u0119 us\u0142ug\u0119 p\u0142aci\u0107 z w\u0142asnej kieszeni. Chcemy to zmieni\u0107 \u2014 <a href=\"https:\/\/wiadomosci.onet.pl\/unia-europejska-sfinansuje-polkom-aborcje-glos-polskich-parlamentarzystow-moze-byc\/xc1tcz7\" id=\"d70dcab2-106f-456d-83b7-a788b2521ee3\" rel=\"nofollow noopener\" target=\"_blank\">m\u00f3wi\u0142a w rozmowie z Onetem Marta Lempart ze Strajku Kobiet.<\/a><\/p>\n<p class=\"ods-c-paragraph \">Najwi\u0119ksze zmiany odczuj\u0105 mieszkanki Polski i Malty. W tych krajach funkcjonuj\u0105 najbardziej restrykcyjne przepisy dotycz\u0105ce aborcji w ca\u0142ej UE. Polska dopuszcza aborcj\u0119 w przypadku gwa\u0142tu lub zagro\u017cenia \u017cycia matki. Na Malcie jedynie \u017cycie matki i \u017cywotno\u015b\u0107 p\u0142odu s\u0105 warunkami koniecznymi do aborcji.<\/p>\n<p class=\"ods-c-paragraph \">25 z 27 pa\u0144stw cz\u0142onkowskich Unii Europejskiej zalegalizowa\u0142o dobrowolne przerywanie ci\u0105\u017cy. <a href=\"https:\/\/www.fakt.pl\/polityka\/polska-w-niechlubnej-czolowce-panstw-ue-zmiana-jest-wyczekiwana\/9w19m92\" id=\"ca38df84-bb03-4cf4-8013-bd20d744dd37\" rel=\"nofollow noopener\" target=\"_blank\">R\u00f3\u017cnice dotycz\u0105 limitu czasowego. W Portugalii i Chorwacji jest to 10-tydzie\u0144 ci\u0105\u017cy, natomiast w Holandii 24-tydzie\u0144. Jednak zdecydowana wi\u0119kszo\u015b\u0107 stolic pozwala na aborcj\u0119 na \u017c\u0105danie w pierwszym trymestrze (do 12-14 tygodni)<\/a>.<\/p>\n","protected":false},"excerpt":{"rendered":"Plan zak\u0142ada\u0142by utworzenie dobrowolnego, opcjonalnego mechanizmu finansowego, kt\u00f3ry pom\u00f3g\u0142by krajom zapewni\u0107 aborcj\u0119 kobietom, kt\u00f3re nie maj\u0105 do niej&hellip;\n","protected":false},"author":2,"featured_media":156059,"comment_status":"","ping_status":"","sticky":false,"template":"","format":"standard","meta":{"footnotes":""},"categories":[12],"tags":[4434,32,33,36,37,27,34,35,28,31,48,25,46,2179,42,38,40,39,41,47,80,29,30,26],"class_list":{"0":"post-156058","1":"post","2":"type-post","3":"status-publish","4":"format-standard","5":"has-post-thumbnail","7":"category-polska","8":"tag-aborcja","9":"tag-breaking-news","10":"tag-breakingnews","11":"tag-featured-news","12":"tag-featurednews","13":"tag-headlines","14":"tag-latest-news","15":"tag-latestnews","16":"tag-naglowki","17":"tag-najwazniejsze-artykuly","18":"tag-nat_styl","19":"tag-news","20":"tag-omp","21":"tag-parlament_europejski","22":"tag-pl","23":"tag-poland","24":"tag-polish","25":"tag-polska","26":"tag-polski","27":"tag-screening_general","28":"tag-swiat","29":"tag-top-stories","30":"tag-topstories","31":"tag-wiadomosci"},"share_on_mastodon":{"url":"https:\/\/pubeurope.com\/@pl\/115735285134516718","error":""},"_links":{"self":[{"href":"https:\/\/www.europesays.com\/pl\/wp-json\/wp\/v2\/posts\/156058","targetHints":{"allow":["GET"]}}],"collection":[{"href":"https:\/\/www.europesays.com\/pl\/wp-json\/wp\/v2\/posts"}],"about":[{"href":"https:\/\/www.europesays.com\/pl\/wp-json\/wp\/v2\/types\/post"}],"author":[{"embeddable":true,"href":"https:\/\/www.europesays.com\/pl\/wp-json\/wp\/v2\/users\/2"}],"replies":[{"embeddable":true,"href":"https:\/\/www.europesays.com\/pl\/wp-json\/wp\/v2\/comments?post=156058"}],"version-history":[{"count":0,"href":"https:\/\/www.europesays.com\/pl\/wp-json\/wp\/v2\/posts\/156058\/revisions"}],"wp:featuredmedia":[{"embeddable":true,"href":"https:\/\/www.europesays.com\/pl\/wp-json\/wp\/v2\/media\/156059"}],"wp:attachment":[{"href":"https:\/\/www.europesays.com\/pl\/wp-json\/wp\/v2\/media?parent=156058"}],"wp:term":[{"taxonomy":"category","embeddable":true,"href":"https:\/\/www.europesays.com\/pl\/wp-json\/wp\/v2\/categories?post=156058"},{"taxonomy":"post_tag","embeddable":true,"href":"https:\/\/www.europesays.com\/pl\/wp-json\/wp\/v2\/tags?post=156058"}],"curies":[{"name":"wp","href":"https:\/\/api.w.org\/{rel}","templated":true}]}}