{"id":156064,"date":"2025-12-17T14:07:10","date_gmt":"2025-12-17T14:07:10","guid":{"rendered":"https:\/\/www.europesays.com\/pl\/156064\/"},"modified":"2025-12-17T14:07:10","modified_gmt":"2025-12-17T14:07:10","slug":"honor-power-2-bije-rekordy-swoja-bateria-10800-mah","status":"publish","type":"post","link":"https:\/\/www.europesays.com\/pl\/156064\/","title":{"rendered":"Honor Power 2 bije rekordy swoj\u0105 bateri\u0105 10800 mAh"},"content":{"rendered":"<p class=\"lead\">Honor Power 2 bije rekordy swoj\u0105 bateri\u0105, nie skupi\u0105 si\u0119 na aparacie i b\u0119dzie tani. Co\u015b mi si\u0119 wydaje, \u017ce to idealny sprz\u0119t dla u\u017cytkownika takiego jak ja. Szkoda, \u017ce pewnie nie b\u0119dzie mi dane si\u0119 o tym przekona\u0107 na w\u0142asnej sk\u00f3rze.<\/p>\n<p>Wielkie baterie to chyba m\u00f3j ulubiony wy\u015bcig na cyferki, odk\u0105d regularnie \u015bledz\u0119 mobiln\u0105 bran\u017c\u0119. Je\u017celi mamy upatrywa\u0107 lidera w tym starciu, to na pewno trzeba poszuka\u0107 w Chinach. Wygl\u0105da na to, \u017ce na czo\u0142o wysun\u0105\u0142 si\u0119 Honor Power 2. Tak wielkiego ogniwa w przeci\u0119tnym telefonie jeszcze nie by\u0142o.<\/p>\n<p>Honor Power 2 bije rekordy swoj\u0105 bateri\u0105<\/p>\n<p>Przekroczenie 10000 mAh nie wydaje si\u0119 ju\u017c by\u0107 problemem dla chi\u0144skich producent\u00f3w. Wystarczy\u0142 im rok, by podwoi\u0107 rynkowy standard, a mo\u017cliwo\u015bci krzemowo-w\u0119glowych ogniw wydaj\u0105 si\u0119 jeszcze odleg\u0142e. Honor Power 2 ma wywindowa\u0107 rekord do 10800 mAh \u2013 i to w telefonie, kt\u00f3ry aparycj\u0105 wcale nie b\u0119dzie przypomina\u0107 ceg\u0142y. Poza tym postawi na 80W \u0142adowanie, by uzupe\u0142nienie energii nie trwa\u0142o kilku godzin.<\/p>\n<p><a href=\"https:\/\/www.europesays.com\/pl\/wp-content\/uploads\/2025\/12\/Zrzut-ekranu-2025-12-16-115512.png\" rel=\"lightbox-post4\" title=\"Galeria dla Zrzut ekranu 2025-12-16 115512\"><img loading=\"lazy\" decoding=\"async\" aria-describedby=\"caption-attachment-1621651\" class=\"size-full wp-image-1621651\" src=\"https:\/\/www.europesays.com\/pl\/wp-content\/uploads\/2025\/12\/Zrzut-ekranu-2025-12-16-115512.png\" alt=\"Honor Power 2\" width=\"411\" height=\"189\" itemprop=\"image\" \/><\/a><\/p>\n<p id=\"caption-attachment-1621651\" class=\"wp-caption-text\">Specyfikacja Honora Power 2 \/ fot. Tech Home<\/p>\n<p>Oczywiste jest, \u017ce b\u0119dzie to \u015bredniak \u2013 r\u00f3wnie oczywiste jest, \u017ce to oznacza oszcz\u0119dno\u015bci w innych aspektach. Tutaj Chi\u0144czycy nie kombinowali i postawili na aparat. Nie spodziewam si\u0119 tu teleobiektywu, a co najwy\u017cej sensownego szerokiego k\u0105ta. Stawiam te\u017c, \u017ce cena nie przekroczy 2000 juan\u00f3w, czyli nieco ponad 1000 z\u0142otych. Zupe\u0142nie inne podej\u015bcie pokazuje <a href=\"https:\/\/www.gsmmaniak.pl\/1621537\/xiaomi-telefon-z-bateria-10000-mah-i-ekranem-165-hz\/\" rel=\"nofollow noopener\" target=\"_blank\">Xiaomi z ogniwem 10000 mAh i ekranem 165 Hz<\/a>, kt\u00f3ry raczej b\u0119dzie flagowcem.<\/p>\n<p>Du\u017cy ekran i dobrze dobrany procesor<\/p>\n<p>Je\u017celi p\u00f3\u0142k\u0119 telefonu dla Ciebie okre\u015bla procesor, to Honor Power 2 b\u0119dzie \u015bredniakiem. Moim zdaniem nie da\u0142o si\u0119 wybra\u0107 lepszego SoC od MediaTeka Dimensity 8500. Je\u017celi tylko Honor nie zostanie mocno <a href=\"https:\/\/www.gsmmaniak.pl\/1620895\/nowe-telefony-mniej-ram-ze-wzgledu-na-podwyzki-cen-pamieci\/\" rel=\"nofollow noopener\" target=\"_blank\">dotkni\u0119ty przez szalone ceny RAMu<\/a>, to pewnie zobaczymy tu 12 GB pami\u0119ci operacyjnej. Pod tym wzgl\u0119dem b\u0119dzie rywalem dla<a href=\"https:\/\/www.gsmmaniak.pl\/1621249\/xiaomi-17-ultra-zadebiutuje-razem-z-redmi-turbo-5\/\" rel=\"nofollow noopener\" target=\"_blank\"> POCO X8 Pro<\/a>.<\/p>\n<p>Telefon z wielk\u0105 bateri\u0105 dobrze sprawdzi si\u0119 do szeroko poj\u0119tych multimedi\u00f3w, w tym do gier. Do tego przyda\u0142by si\u0119 dobry ekran i Honor Power 2 na papierze dowozi te oczekiwania. Mam tu na my\u015bli 6.79-calow\u0105 matryc\u0119 OLED o rozdzielczo\u015bci 1.5K. Kto\u015b m\u00f3g\u0142by narzeka\u0107, \u017ce to LTPS, a nie LTPO, ale moim zdaniem za takie pieni\u0105dze nie ma na to miejsca. Wa\u017cne, \u017ce wy\u015bwietlacz b\u0119dzie zupe\u0142nie p\u0142aski.<\/p>\n<p>Bardzo ch\u0119tnie pou\u017cywa\u0142bym takiego Honora, nawet je\u017celi tylko przez okres test\u00f3w. Szczerze m\u00f3wi\u0105c, to nie widz\u0119 na to specjalnych szans. Nie zapowiada si\u0119 bowiem, by Power 2 \u2013 wzorem poprzednika \u2013 doczeka\u0142 si\u0119 globalnej premiery.<\/p>\n<p>\u0179r\u00f3d\u0142o: <a href=\"https:\/\/x.com\/TechHome100\/status\/2000772604702155045\" rel=\"nofollow\">Tech Home<\/a>, opracowanie w\u0142asne<\/p>\n","protected":false},"excerpt":{"rendered":"Honor Power 2 bije rekordy swoj\u0105 bateri\u0105, nie skupi\u0105 si\u0119 na aparacie i b\u0119dzie tani. Co\u015b mi si\u0119&hellip;\n","protected":false},"author":2,"featured_media":156065,"comment_status":"","ping_status":"","sticky":false,"template":"","format":"standard","meta":{"footnotes":""},"categories":[20],"tags":[120,118,119,42,38,40,39,41,116,114,115,121,117],"class_list":{"0":"post-156064","1":"post","2":"type-post","3":"status-publish","4":"format-standard","5":"has-post-thumbnail","7":"category-nauka-i-technika","8":"tag-nauka","9":"tag-nauka-i-technika","10":"tag-naukatechnika","11":"tag-pl","12":"tag-poland","13":"tag-polish","14":"tag-polska","15":"tag-polski","16":"tag-science","17":"tag-science-and-technology","18":"tag-sciencetechnology","19":"tag-technika","20":"tag-technology"},"share_on_mastodon":{"url":"https:\/\/pubeurope.com\/@pl\/115735301581781939","error":""},"_links":{"self":[{"href":"https:\/\/www.europesays.com\/pl\/wp-json\/wp\/v2\/posts\/156064","targetHints":{"allow":["GET"]}}],"collection":[{"href":"https:\/\/www.europesays.com\/pl\/wp-json\/wp\/v2\/posts"}],"about":[{"href":"https:\/\/www.europesays.com\/pl\/wp-json\/wp\/v2\/types\/post"}],"author":[{"embeddable":true,"href":"https:\/\/www.europesays.com\/pl\/wp-json\/wp\/v2\/users\/2"}],"replies":[{"embeddable":true,"href":"https:\/\/www.europesays.com\/pl\/wp-json\/wp\/v2\/comments?post=156064"}],"version-history":[{"count":0,"href":"https:\/\/www.europesays.com\/pl\/wp-json\/wp\/v2\/posts\/156064\/revisions"}],"wp:featuredmedia":[{"embeddable":true,"href":"https:\/\/www.europesays.com\/pl\/wp-json\/wp\/v2\/media\/156065"}],"wp:attachment":[{"href":"https:\/\/www.europesays.com\/pl\/wp-json\/wp\/v2\/media?parent=156064"}],"wp:term":[{"taxonomy":"category","embeddable":true,"href":"https:\/\/www.europesays.com\/pl\/wp-json\/wp\/v2\/categories?post=156064"},{"taxonomy":"post_tag","embeddable":true,"href":"https:\/\/www.europesays.com\/pl\/wp-json\/wp\/v2\/tags?post=156064"}],"curies":[{"name":"wp","href":"https:\/\/api.w.org\/{rel}","templated":true}]}}