{"id":156072,"date":"2025-12-17T14:12:07","date_gmt":"2025-12-17T14:12:07","guid":{"rendered":"https:\/\/www.europesays.com\/pl\/156072\/"},"modified":"2025-12-17T14:12:07","modified_gmt":"2025-12-17T14:12:07","slug":"minister-sportu-mocno-o-radoslawie-piesiewiczu-trudno-z-kims-takim-rozmawiac","status":"publish","type":"post","link":"https:\/\/www.europesays.com\/pl\/156072\/","title":{"rendered":"Minister sportu mocno o Rados\u0142awie Piesiewiczu. &#8222;Trudno z kim\u015b takim rozmawia\u0107&#8221;"},"content":{"rendered":"<p class=\"Paragraph_desktopParagraph__Fd2e9\">Mo\u017ce okaza\u0107 si\u0119, \u017ce przedstawiciela polskiego ministerstwa sportu zabraknie na zimowych igrzyskach olimpijskich. Przynajmniej na razie wszystko na to wskazuje, bo zaproszenia ze strony PKOl, kt\u00f3ry odpowiada za kwesti\u0119 akredytacji, nie wida\u0107.<\/p>\n<p class=\"VideoPlayerText_videoPlayerText__zrtJk\">Dalszy ci\u0105g materia\u0142u pod wideo<\/p>\n<p class=\"Paragraph_desktopParagraph__Fd2e9\">\u2014 Zwyczajem ze strony Polskiego Komitetu Olimpijskiego by\u0142o zaproszenie przedstawicieli ministerstwa sportu na t\u0119 najwa\u017cniejsz\u0105 imprez\u0119 czterolecia. Tak by\u0142o zawsze. W tej chwili nie mamy \u017cadnego potwierdzenia ze strony Polskiego Komitetu Olimpijskiego w tym temacie. To by\u0142aby pewnie historyczna sytuacja, ale to nie ja zajmuj\u0119 si\u0119 akredytacjami. Zobaczymy, jak to si\u0119 potoczy, ale my\u015bl\u0119, \u017ce uczestnictwo ministra nie jest najwa\u017cniejsze \u2014 m\u00f3wi\u0142 Jakub Rutnicki w rozmowie z dziennikarzami.<\/p>\n<p class=\"Paragraph_desktopParagraph__Fd2e9\">\u2014 Nie chc\u0119 by\u0107 ma\u0142ostkowy. Oczywi\u015bcie wspieranie naszych sportowc\u00f3w na miejscu by\u0142oby dla mnie du\u017cym zaszczytem, ale je\u015bli nie b\u0119d\u0119 mia\u0142 takiej mo\u017cliwo\u015bci, nie widz\u0119 w tym problemu. Jestem po to, \u017ceby pomaga\u0107 w dzia\u0142aniu \u2014 dodawa\u0142, dopytywany o t\u0119 kwesti\u0119.<\/p>\n<p>Minister wprost o Rados\u0142awie Piesiewiczu: trudno z kim\u015b takim rozmawia\u0107<\/p>\n<p class=\"Paragraph_desktopParagraph__Fd2e9\">Podczas spotkania zorganizowanego z okazji zbli\u017caj\u0105cych si\u0119 igrzysk minister m\u00f3wi\u0142 r\u00f3wnie\u017c o kwotach przeznaczanych na polski sport, w tym przypadku w ods\u0142onie zimowej.<\/p>\n<p class=\"Paragraph_desktopParagraph__Fd2e9\">\u2014 Najwa\u017cniejsze jest to, \u017ceby\u015bmy tworzyli polskim zawodnikom odpowiednie warunki i to robimy. Chcemy dawa\u0107 przestrze\u0144 dla zawodnik\u00f3w, kibic\u00f3w i budowania odpowiedniej atmosfery. Je\u015bli chodzi o zwi\u0105zki zimowe, przez cztery lata Ministerstwo Sportu i Turystyki zaanga\u017cowa\u0142o ponad 100 mln z\u0142. W przysz\u0142ym roku to b\u0119dzie ponad 28 mln z\u0142. Oczywi\u015bcie to nie s\u0105 pieni\u0105dze ministerstwa, tylko nas, podatnik\u00f3w \u2014 m\u00f3wi\u0142 minister.<\/p>\n<p class=\"Paragraph_desktopParagraph__Fd2e9\">\u2014 Ja nie szukam zwady, zajmuj\u0119 si\u0119 zapewnianiem dobrych warunk\u00f3w polskim sportowcom. Tak jak obiecywali\u015bmy, konkursy by\u0142y og\u0142aszane wcze\u015bniej, \u017ceby pieni\u0105dze by\u0142y dedykowane jak najszybciej i ze swojej strony wywi\u0105zujemy si\u0119 z naszej roboty. Je\u017celi b\u0119dzie jakikolwiek problem, trzeba b\u0119dzie pom\u00f3c sportowcom w kwestii zakupu sprz\u0119tu, jeste\u015bmy otwarci. Je\u015bli PKOl nie b\u0119dzie w stanie wywi\u0105za\u0107 si\u0119 z pewnych kwestii, oczywi\u015bcie pomo\u017cemy \u2014 podkre\u015bla\u0142.<\/p>\n<p class=\"Paragraph_desktopParagraph__Fd2e9\">Gdy zapytali\u015bmy, jak obecnie wygl\u0105daj\u0105 relacje na linii ministerstwo sportu \u2014 PKOl, nie zabrak\u0142o mocnych s\u0142\u00f3w. \u2014 Zajmujemy si\u0119 rozwojem polskiego sportu, przygotowywaniem nowych program\u00f3w i projekt\u00f3w. Je\u015bli pan Rados\u0142aw Piesiewicz zajmuje si\u0119 tym, \u017ce chce zlikwidowa\u0107 Ministerstwo Sportu, kt\u00f3re przez wszystkie polskie zwi\u0105zki sportowe jest oceniane pozytywnie, to trudno rozmawia\u0107 z kim\u015b takim. Zajmuj\u0119 si\u0119 polskim sportem, a nie polityk\u0105, kt\u00f3ra w tej chwili odbywa si\u0119 w PKOl. My\u015bl\u0119, \u017ce \u015brodowisko sportowe patrzy na to do\u015b\u0107 dziwnie \u2014 us\u0142yszeli\u015bmy.<\/p>\n","protected":false},"excerpt":{"rendered":"Mo\u017ce okaza\u0107 si\u0119, \u017ce przedstawiciela polskiego ministerstwa sportu zabraknie na zimowych igrzyskach olimpijskich. Przynajmniej na razie wszystko na&hellip;\n","protected":false},"author":2,"featured_media":156073,"comment_status":"","ping_status":"","sticky":false,"template":"","format":"standard","meta":{"footnotes":""},"categories":[24],"tags":[2399,67,15349,15347,42,38,40,39,41,136,128,15346,47,127,135,126,4562],"class_list":{"0":"post-156072","1":"post","2":"type-post","3":"status-publish","4":"format-standard","5":"has-post-thumbnail","7":"category-sport","8":"tag-igrzyska_olimpijskie","9":"tag-intextvideo_splayer","10":"tag-jakub_rutnicki","11":"tag-pkol","12":"tag-pl","13":"tag-poland","14":"tag-polish","15":"tag-polska","16":"tag-polski","17":"tag-ps_detal_new","18":"tag-psv2","19":"tag-radoslaw_piesiewicz","20":"tag-screening_general","21":"tag-sport","22":"tag-sport_sport","23":"tag-sports","24":"tag-tka"},"share_on_mastodon":{"url":"https:\/\/pubeurope.com\/@pl\/115735320702794158","error":""},"_links":{"self":[{"href":"https:\/\/www.europesays.com\/pl\/wp-json\/wp\/v2\/posts\/156072","targetHints":{"allow":["GET"]}}],"collection":[{"href":"https:\/\/www.europesays.com\/pl\/wp-json\/wp\/v2\/posts"}],"about":[{"href":"https:\/\/www.europesays.com\/pl\/wp-json\/wp\/v2\/types\/post"}],"author":[{"embeddable":true,"href":"https:\/\/www.europesays.com\/pl\/wp-json\/wp\/v2\/users\/2"}],"replies":[{"embeddable":true,"href":"https:\/\/www.europesays.com\/pl\/wp-json\/wp\/v2\/comments?post=156072"}],"version-history":[{"count":0,"href":"https:\/\/www.europesays.com\/pl\/wp-json\/wp\/v2\/posts\/156072\/revisions"}],"wp:featuredmedia":[{"embeddable":true,"href":"https:\/\/www.europesays.com\/pl\/wp-json\/wp\/v2\/media\/156073"}],"wp:attachment":[{"href":"https:\/\/www.europesays.com\/pl\/wp-json\/wp\/v2\/media?parent=156072"}],"wp:term":[{"taxonomy":"category","embeddable":true,"href":"https:\/\/www.europesays.com\/pl\/wp-json\/wp\/v2\/categories?post=156072"},{"taxonomy":"post_tag","embeddable":true,"href":"https:\/\/www.europesays.com\/pl\/wp-json\/wp\/v2\/tags?post=156072"}],"curies":[{"name":"wp","href":"https:\/\/api.w.org\/{rel}","templated":true}]}}