{"id":156082,"date":"2025-12-17T14:17:09","date_gmt":"2025-12-17T14:17:09","guid":{"rendered":"https:\/\/www.europesays.com\/pl\/156082\/"},"modified":"2025-12-17T14:17:09","modified_gmt":"2025-12-17T14:17:09","slug":"piotr-glinski-boi-sie-szybkiej-kolei-jego-slowa-wywolaly-burze-drezyna-plus-2","status":"publish","type":"post","link":"https:\/\/www.europesays.com\/pl\/156082\/","title":{"rendered":"Piotr Gli\u0144ski boi si\u0119 szybkiej kolei? Jego s\u0142owa wywo\u0142a\u0142y burz\u0119. &#8222;Drezyna PLUS&#8221;"},"content":{"rendered":"<p class=\"ods-c-paragraph \">Pose\u0142 PiS, by\u0142y wicepremier Piotr Gli\u0144ski uderzy\u0142 w poniedzia\u0142ek w rozmowie z Polsat News w rz\u0105d Donalda Tuska. W swojej wypowiedzi nawi\u0105za\u0142 do<a href=\"https:\/\/wiadomosci.onet.pl\/kraj\/donald-tusk-oglosil-koniec-nazwy-cpk-ale-wiele-zostanie-po-staremu\/8rcl8k6\" id=\"842518ab-59de-4fa2-9a9e-8e6e0e31a5fd\" rel=\"nofollow noopener\" target=\"_blank\"> zmian, jakie obecny rz\u0105d wprowadzi\u0142 w projekcie Centralnego Portu Komunikacyjnego<\/a> (obecnie &#8222;Portu Polska&#8221;). \u2014 Tusk rz\u0105dzi \u017ale, wyrz\u0105dza olbrzymie szkody Polsce. CPK jest cofni\u0119te cztery lata i jest okrojone. Po co nam poci\u0105gi jad\u0105ce 350 km na godz.? Kto b\u0119dzie tym je\u017adzi\u0142? Ludzie si\u0119 b\u0119d\u0105 bali wsi\u0105\u015b\u0107 do takiego poci\u0105gu, w dzisiejszych czasach, kiedy mamy wojn\u0119 za granic\u0105 \u2014 stwierdzi\u0142 polityk.<\/p>\n<p>Dalszy ci\u0105g artyku\u0142u pod materia\u0142em wideo<\/p>\n<p> Co krytykuje Piotr Gli\u0144ski w projekcie CPK? <\/p>\n<p> Jakie argumenty u\u017cy\u0142 Gli\u0144ski w swojej wypowiedzi? <\/p>\n<p> Co na s\u0142owa Gli\u0144skiego odpowiedzia\u0142 Marcin Kierwi\u0144ski? <\/p>\n<p> Jaki jest stosunek Gli\u0144skiego do niemieckich poci\u0105g\u00f3w? <\/p>\n<p class=\"ods-c-paragraph \">Prowadz\u0105cy rozmow\u0119 Marcin Fijo\u0142ek dopytywa\u0142 pos\u0142a, czy aby &#8222;nie przesadza&#8221;. Gli\u0144ski stanowczo zaprzeczy\u0142. \u2014 Nie przesadzam, mamy polskie poci\u0105gi, kt\u00f3re je\u017cd\u017c\u0105 250, 230 km na godz. i trzy fabryki poci\u0105g\u00f3w, a oni kupuj\u0105 niemieckie poci\u0105gi. To jest ustawka, to jest skandal i to jest granda \u2014 stwierdzi\u0142.<\/p>\n<p>   Piotr Gli\u0144ski boi si\u0119 szybkiej jazdy? &#8222;Wol\u0119 spokojnie pojecha\u0107&#8221;<\/p>\n<p class=\"ods-c-paragraph \">Gli\u0144ski podkre\u015bli\u0142, \u017ce sam &#8222;woli spokojnie pojecha\u0107 w takich warunkach, kt\u00f3re s\u0105 przewidywalne&#8221;, zamiast p\u0119dzi\u0107 z tak wielk\u0105 pr\u0119dko\u015bci\u0105. \u2014 A przede wszystkim wszystko bym da\u0142, \u017ceby\u015bmy mogli je\u017adzi\u0107 polskimi poci\u0105gami, skoro s\u0105 trzy fabryki poci\u0105g\u00f3w w Polsce. A Tusk kupuje niemieckie \u2014 doda\u0142.<\/p>\n<p class=\"ods-c-paragraph \">By\u0142y wicepremier oceni\u0142 tak\u017ce, \u017ce Polska &#8222;traci szanse rozwojowe w wielu innych obszarach&#8221;. \u2014 Mieli\u015bmy w\u0142a\u015bnie kupi\u0107 dla Pesy fabryk\u0119 hiszpa\u0144sk\u0105 poci\u0105g\u00f3w. Tusk by\u0142 w to zaanga\u017cowany i co? I nic. To z Tuskiem tak jest, \u017ce nic nie dowozi. Nic nie dowozi dla Polski. Dla Niemiec jak najbardziej \u2014 zako\u0144czy\u0142 polityk.<\/p>\n<p>    S\u0142owa pos\u0142a wywo\u0142a\u0142y burz\u0119<\/p>\n<p class=\"ods-c-paragraph \">Wypowied\u017a by\u0142ego wicepremiera nie usz\u0142y uwadze polityk\u00f3w obecnego rz\u0105du. &#8222;S\u0105dzi\u0142em, \u017ce Pan Gli\u0144ski po tym, jak zosta\u0142 kiedy\u015b \u00bbpremierem z tableta\u00ab, nie boi si\u0119 nowoczesno\u015bci. Dzi\u015b jednak okaza\u0142o si\u0119, \u017ce boi si\u0119 szybkich poci\u0105g\u00f3w. W zamian polecam doro\u017ck\u0119. Spokojnie, malowniczo i tradycyjnie&#8221; \u2014 zadrwi\u0142 minister spraw wewn\u0119trznych i administracji Marcin Kierwi\u0144ski.<\/p>\n<p class=\"ods-c-paragraph \">&#8222;Pan Gli\u0144ski zaraz zakwestionuje samoloty. Lataj\u0105 szybciej, ni\u017c je\u017cd\u017c\u0105 poci\u0105gi i s\u0105 ci\u0119\u017csze od powietrza&#8221; \u2014 skomentowa\u0142 tak\u017ce minister koordynator s\u0142u\u017cb specjalnych Tomasz Siemoniak.<\/p>\n<p class=\"ods-c-paragraph \">Nie zabrak\u0142o tak\u017ce g\u0142osu z Ministerstwa Infrastruktury. &#8222;Drezyna PLUS. Oferta Piotra Gli\u0144skiego, wicepremiera, co si\u0119 boi je\u017adzi\u0107 szybk\u0105 kolej\u0105! Czyli wszystko si\u0119 wyja\u015bni\u0142o. Wiemy, dlaczego PiS nie potrafi\u0142o kupi\u0107 ekspresowych poci\u0105g\u00f3w pi\u0119trowych, taboru high-speed oraz dlaczego nie kupi\u0142 ani 1 metra kwadratowego ziemi pod Kolej Du\u017cych Pr\u0119dko\u015bci! P.S.: historia zna ju\u017c takich, kt\u00f3rzy mieli l\u0119k przed rozwojem technicznym. Dobrze, \u017ce w Polsce odsun\u0119li\u015bmy ich od w\u0142adzy&#8221; \u2014 napisa\u0142 szef resortu Dariusz Klimczak.<\/p>\n","protected":false},"excerpt":{"rendered":"Pose\u0142 PiS, by\u0142y wicepremier Piotr Gli\u0144ski uderzy\u0142 w poniedzia\u0142ek w rozmowie z Polsat News w rz\u0105d Donalda Tuska.&hellip;\n","protected":false},"author":2,"featured_media":156083,"comment_status":"","ping_status":"","sticky":false,"template":"","format":"standard","meta":{"footnotes":""},"categories":[12],"tags":[32,33,6052,5837,212,36,37,27,363,49,34,35,1680,28,31,48,25,295,46,16415,42,38,40,39,41,47,1246,29,30,26],"class_list":{"0":"post-156082","1":"post","2":"type-post","3":"status-publish","4":"format-standard","5":"has-post-thumbnail","7":"category-polska","8":"tag-breaking-news","9":"tag-breakingnews","10":"tag-cpk","11":"tag-dariusz_klimczak","12":"tag-donald_tusk","13":"tag-featured-news","14":"tag-featurednews","15":"tag-headlines","16":"tag-kolej_pociagi_transport_kolejowy","17":"tag-kraj","18":"tag-latest-news","19":"tag-latestnews","20":"tag-marcin_kierwinski","21":"tag-naglowki","22":"tag-najwazniejsze-artykuly","23":"tag-nat_styl","24":"tag-news","25":"tag-niemcy","26":"tag-omp","27":"tag-piotr_glinski","28":"tag-pl","29":"tag-poland","30":"tag-polish","31":"tag-polska","32":"tag-polski","33":"tag-screening_general","34":"tag-tomasz_siemoniak","35":"tag-top-stories","36":"tag-topstories","37":"tag-wiadomosci"},"share_on_mastodon":{"url":"https:\/\/pubeurope.com\/@pl\/115735340214513300","error":""},"_links":{"self":[{"href":"https:\/\/www.europesays.com\/pl\/wp-json\/wp\/v2\/posts\/156082","targetHints":{"allow":["GET"]}}],"collection":[{"href":"https:\/\/www.europesays.com\/pl\/wp-json\/wp\/v2\/posts"}],"about":[{"href":"https:\/\/www.europesays.com\/pl\/wp-json\/wp\/v2\/types\/post"}],"author":[{"embeddable":true,"href":"https:\/\/www.europesays.com\/pl\/wp-json\/wp\/v2\/users\/2"}],"replies":[{"embeddable":true,"href":"https:\/\/www.europesays.com\/pl\/wp-json\/wp\/v2\/comments?post=156082"}],"version-history":[{"count":0,"href":"https:\/\/www.europesays.com\/pl\/wp-json\/wp\/v2\/posts\/156082\/revisions"}],"wp:featuredmedia":[{"embeddable":true,"href":"https:\/\/www.europesays.com\/pl\/wp-json\/wp\/v2\/media\/156083"}],"wp:attachment":[{"href":"https:\/\/www.europesays.com\/pl\/wp-json\/wp\/v2\/media?parent=156082"}],"wp:term":[{"taxonomy":"category","embeddable":true,"href":"https:\/\/www.europesays.com\/pl\/wp-json\/wp\/v2\/categories?post=156082"},{"taxonomy":"post_tag","embeddable":true,"href":"https:\/\/www.europesays.com\/pl\/wp-json\/wp\/v2\/tags?post=156082"}],"curies":[{"name":"wp","href":"https:\/\/api.w.org\/{rel}","templated":true}]}}