{"id":156088,"date":"2025-12-17T14:21:14","date_gmt":"2025-12-17T14:21:14","guid":{"rendered":"https:\/\/www.europesays.com\/pl\/156088\/"},"modified":"2025-12-17T14:21:14","modified_gmt":"2025-12-17T14:21:14","slug":"realme-narzo-90-jest-tani-ma-baterie-7000-mah-i-maly-ekran","status":"publish","type":"post","link":"https:\/\/www.europesays.com\/pl\/156088\/","title":{"rendered":"realme Narzo 90 jest tani, ma bateri\u0119 7000 mAh i ma\u0142y ekran"},"content":{"rendered":"<p class=\"lead\">Oficjalnej premiery doczeka\u0142 si\u0119 realme Narzo 90 \u2013 do\u015b\u0107 nieoczekiwanie jeden z najlepiej wycenionych, tanich telefon\u00f3w tego roku. Bateria 7000 mAh, mniejszy ekran czy \u0142adny design kupi\u0105 mu wielu fan\u00f3w. Nie zdziwi\u0142bym si\u0119, gdyby r\u00f3wnie\u017c w Polsce.<\/p>\n<p>Tanie telefony zwyk\u0142e nie maj\u0105 hucznych premier, ale to nie znaczy, \u017ce nie warto im po\u015bwi\u0119ca\u0107 uwagi. Nawet, je\u015bli sami nie chcemy z nich korzysta\u0107 na co dzie\u0144, to w otoczeniu ka\u017cdego ManiaKa zawsze znajdzie si\u0119 kto\u015b, kto b\u0119dzie potrzebowa\u0142 porady w kwestii najlepszego telefonu za 600 czy 700 z\u0142otych. I teraz mo\u017cesz udzieli\u0107 mu prostej odpowiedzi \u2013 to realme Narzo 90.<\/p>\n<p>realme Narzo 90: ceny na premier\u0119<\/p>\n<p>Na pocz\u0105tek trzeba powiedzie\u0107 s\u0142owo na temat cen. realme Narzo 90 jest dost\u0119pny w dw\u00f3ch wersjach pojemno\u015bciowych i przy indyjskiej premierze ceny prezentuj\u0105 si\u0119 nast\u0119puj\u0105co:<\/p>\n<ul>\n<li>Wariant 6\/128 GB wyceniono na 15999 rupii. Daje to kwot\u0119 630 z\u0142otych.<\/li>\n<li>Wersja 8\/128 GB kosztuje 17499 INR, co przy obecnym kursie daje kwot\u0119 690 z\u0142otych.<\/li>\n<\/ul>\n<p><a href=\"https:\/\/www.gsmmaniak.pl\/wp-content\/uploads\/gsmmaniak\/2025\/12\/Zrzut-ekranu-2025-12-16-112403.png\" rel=\"lightbox-post4 nofollow noopener\" title=\"Galeria dla Zrzut ekranu 2025-12-16 112403\" target=\"_blank\"><img loading=\"lazy\" decoding=\"async\" aria-describedby=\"caption-attachment-1621629\" class=\"size-medium wp-image-1621629\" src=\"https:\/\/www.europesays.com\/pl\/wp-content\/uploads\/2025\/12\/Zrzut-ekranu-2025-12-16-112403-medium.png\" alt=\"realme Narzo 90\" width=\"500\" height=\"566\"   itemprop=\"image\" \/><\/a><\/p>\n<p id=\"caption-attachment-1621629\" class=\"wp-caption-text\">realme Narzo 90 \/ fot. producenta<\/p>\n<p>Nie da si\u0119 powiedzie\u0107, \u017ce realme Narzo 90 wygl\u0105da oryginalnie. Przypomina mi pi\u0119\u0107 poprzednich generacji iPhone\u2019a i przy tym, co Apple wymy\u015bli\u0142o w 2025 roku to ca\u0142kiem mi\u0142e skojarzenie. Abstrahuj\u0105c od kopiowania, trzeba uczciwie pochwali\u0107 grubo\u015b\u0107 ramek. S\u0105 tak cienkie, jak jeszcze kilka sezon\u00f3w temu te z flagowc\u00f3w. Bior\u0105c pod uwag\u0119 cen\u0119, to komplement najwy\u017cszych lot\u00f3w.<\/p>\n<p>7000 mAh, \u0142adowanie o mocy 60W i mniejszy ekran 120 Hz<\/p>\n<p>Przy zaledwie rynku patelniami o przek\u0105tnej 6.8 czy 6.9 cala ekran w realme Narzo 90 mo\u017ce wydawa\u0107 si\u0119 fajnym kompromisem pomi\u0119dzy kompaktami i wielkimi telefonami. 6.57-calowy panel wykonano w technologii AMOLED. Do tego mamy od\u015bwie\u017canie na poziomie 120 Hz. W tej cenie nie ma na co narzeka\u0107.<\/p>\n<p>Je\u017celi chodzi o zaplecze fotograficzne, to tak naprawd\u0119 nie ma o czym pisa\u0107. Wartym wspomnienia jest jedynie 50 MP sensor g\u0142\u00f3wny i funkcje AI. Gdzie\u015b trzeba by\u0142o poszuka\u0107 oszcz\u0119dno\u015bci i pad\u0142o w\u0142a\u015bnie na zaplecze fotograficzne. Wiem, \u017ce niekt\u00f3re starsze telefony w tym segmencie potrafi\u0105 zaoferowa\u0107 OIS, ale tu go nie u\u015bwiadczymy.<\/p>\n<p>Bateria wynagradza fotograficzne z nawi\u0105zk\u0105. Ogniwo nie do\u015b\u0107, \u017ce ma 7000 mAh, to jeszcze mo\u017cna je naprawd\u0119 szybko na\u0142adowa\u0107. Obecno\u015b\u0107 60W ograniczenia mocy \u0142adowania w telefonie za 600 z\u0142otych to co\u015b, czego nie da si\u0119 przeceni\u0107. By\u0142oby mi\u0142o, gdyby kto\u015b w Samsungu raczy\u0142 to zauwa\u017cy\u0107.<\/p>\n<p>Na koniec kilka s\u0142\u00f3w na temat wydajno\u015bci. Nazwanie procesora MediaTekiem Dimensity 6400-Ultra ma mniej wi\u0119cej tyle samo sensu, co naklejenie dw\u00f3ch bia\u0142ych pask\u00f3w na starego Golfa i udawanie, \u017ce b\u0119dzie przez to szybszy. Pod mask\u0105 nadal b\u0119dzie jednak maj\u0105cym niemal 4 lata Dimensity 6100. To po prostu tani uk\u0142ad dla telefon\u00f3w z 5G i tak trzeba go traktowa\u0107. Dobrze przynajmniej, \u017ce mamy tu 6 lub 8 GB RAM \u2013 <a href=\"https:\/\/www.gsmmaniak.pl\/1620895\/nowe-telefony-mniej-ram-ze-wzgledu-na-podwyzki-cen-pamieci\/\" rel=\"nofollow noopener\" target=\"_blank\">za rok to wcale nie musi by\u0107 standard<\/a>.<\/p>\n<blockquote class=\"wp-embedded-content\" data-secret=\"DGuJ5KDUyg\">\n<p><a href=\"https:\/\/www.gsmmaniak.pl\/1620895\/nowe-telefony-mniej-ram-ze-wzgledu-na-podwyzki-cen-pamieci\/\" rel=\"nofollow noopener\" target=\"_blank\">Je\u017celi kochasz smartfony tak jak ja, to nic gorszego dzisiaj nie zobaczysz. Powraca koszmar Androida, a ja znam winnego<\/a><\/p>\n<\/blockquote>\n<p>\u0179r\u00f3d\u0142o: <a href=\"https:\/\/www.realme.com\/in\/realme-narzo-90-5g\" rel=\"nofollow noopener\" target=\"_blank\">producenta<\/a>, opracowanie w\u0142asne<\/p>\n","protected":false},"excerpt":{"rendered":"Oficjalnej premiery doczeka\u0142 si\u0119 realme Narzo 90 \u2013 do\u015b\u0107 nieoczekiwanie jeden z najlepiej wycenionych, tanich telefon\u00f3w tego roku.&hellip;\n","protected":false},"author":2,"featured_media":156089,"comment_status":"","ping_status":"","sticky":false,"template":"","format":"standard","meta":{"footnotes":""},"categories":[20],"tags":[120,118,119,42,38,40,39,41,116,114,115,121,117],"class_list":{"0":"post-156088","1":"post","2":"type-post","3":"status-publish","4":"format-standard","5":"has-post-thumbnail","7":"category-nauka-i-technika","8":"tag-nauka","9":"tag-nauka-i-technika","10":"tag-naukatechnika","11":"tag-pl","12":"tag-poland","13":"tag-polish","14":"tag-polska","15":"tag-polski","16":"tag-science","17":"tag-science-and-technology","18":"tag-sciencetechnology","19":"tag-technika","20":"tag-technology"},"share_on_mastodon":{"url":"https:\/\/pubeurope.com\/@pl\/115735356297104765","error":""},"_links":{"self":[{"href":"https:\/\/www.europesays.com\/pl\/wp-json\/wp\/v2\/posts\/156088","targetHints":{"allow":["GET"]}}],"collection":[{"href":"https:\/\/www.europesays.com\/pl\/wp-json\/wp\/v2\/posts"}],"about":[{"href":"https:\/\/www.europesays.com\/pl\/wp-json\/wp\/v2\/types\/post"}],"author":[{"embeddable":true,"href":"https:\/\/www.europesays.com\/pl\/wp-json\/wp\/v2\/users\/2"}],"replies":[{"embeddable":true,"href":"https:\/\/www.europesays.com\/pl\/wp-json\/wp\/v2\/comments?post=156088"}],"version-history":[{"count":0,"href":"https:\/\/www.europesays.com\/pl\/wp-json\/wp\/v2\/posts\/156088\/revisions"}],"wp:featuredmedia":[{"embeddable":true,"href":"https:\/\/www.europesays.com\/pl\/wp-json\/wp\/v2\/media\/156089"}],"wp:attachment":[{"href":"https:\/\/www.europesays.com\/pl\/wp-json\/wp\/v2\/media?parent=156088"}],"wp:term":[{"taxonomy":"category","embeddable":true,"href":"https:\/\/www.europesays.com\/pl\/wp-json\/wp\/v2\/categories?post=156088"},{"taxonomy":"post_tag","embeddable":true,"href":"https:\/\/www.europesays.com\/pl\/wp-json\/wp\/v2\/tags?post=156088"}],"curies":[{"name":"wp","href":"https:\/\/api.w.org\/{rel}","templated":true}]}}