{"id":156093,"date":"2025-12-17T14:24:11","date_gmt":"2025-12-17T14:24:11","guid":{"rendered":"https:\/\/www.europesays.com\/pl\/156093\/"},"modified":"2025-12-17T14:24:11","modified_gmt":"2025-12-17T14:24:11","slug":"to-nie-czas-na-rozgrzebywanie-starych-grobow-gdy-ukraincy-musza-kopac-nowe-opinia","status":"publish","type":"post","link":"https:\/\/www.europesays.com\/pl\/156093\/","title":{"rendered":"&#8222;To nie czas na rozgrzebywanie starych grob\u00f3w, gdy Ukrai\u0144cy musz\u0105 kopa\u0107 nowe&#8221; [OPINIA]"},"content":{"rendered":"<ul class=\"UnorderedList_container__nmfSl\">\n<li class=\"UnorderedList_listElement__Py7xi UnorderedList_listElementDefault__oEOOV\">*Prezentowana tre\u015b\u0107 nie jest stanowiskiem Onetu, ale opini\u0105 autora. Tekst ukaza\u0142 si\u0119 w portalu Deon.pl. Materia\u0142 pokazujemy w ramach Programu Partnerskiego Onetu.<\/li>\n<\/ul>\n<ul class=\"UnorderedList_container__nmfSl\">\n<li class=\"UnorderedList_listElement__Py7xi\" data-id=\"ai-summary-link\">Du\u017co czytania, a ma\u0142o czasu? Sprawd\u017a\u00a0skr\u00f3t\u00a0artyku\u0142u<\/li>\n<\/ul>\n<p class=\"Paragraph_desktopParagraph__U31Gm\">Wac\u0142aw Oszajca SJ \u2014 jezuita, poeta i publicysta, absolwent KUL, wyk\u0142adowca homiletyki w Collegium Bobolanum Papieskiego Wydzia\u0142u Teologicznego. Nale\u017cy do Stowarzyszenia Pisarzy Polskich. Autor wielu ksi\u0105\u017cek, w tym kilku tom\u00f3w poetyckich.<\/p>\n<p class=\"Paragraph_desktopParagraph__U31Gm\">Partnerstwo nie polega na wykorzystywaniu trudnego po\u0142o\u017cenia, w jakim aktualnie znajduje si\u0119 nasz partner \u2014 czy rzeczywi\u015bcie tylko partner? \u2014 do podnoszenia spraw nawet wa\u017cnych, kt\u00f3re jednak mog\u0105 poczeka\u0107 i to z oczywistego powodu. Nasz partner, czy po prostu nar\u00f3d ukrai\u0144ski, od wielu lat zmaga si\u0119 ze \u015bmiertelnym zagro\u017ceniem, i je\u015bli co\u015b dobrego mo\u017cemy zrobi\u0107, to chwilowo od\u0142o\u017cy\u0107 na bok historyczne zasz\u0142o\u015bci, i na wszelkie sposoby wspiera\u0107 ten nar\u00f3d w jego walce o godne warunki, \u017cycie dla siebie, ale i dla nas.<\/p>\n<ul class=\"OchatFollowUps_wrapper__1ry7X\">\n<li class=\"OchatFollowUps_item__Dhyly OchatFollowUps_itemDesktop__R6aBv\">Jakie problemy akcentowane przez polskie spo\u0142ecze\u0144stwo s\u0105 wa\u017cne dla partnerstwa?<\/li>\n<li class=\"OchatFollowUps_item__Dhyly OchatFollowUps_itemDesktop__R6aBv\">Co wed\u0142ug autora oznacza partnerstwo w kontek\u015bcie tej sytuacji?<\/li>\n<li class=\"OchatFollowUps_item__Dhyly OchatFollowUps_itemDesktop__R6aBv\">Jakie s\u0105 konsekwencje domagania si\u0119 ekshumacji od Ukrainy?<\/li>\n<li class=\"OchatFollowUps_item__Dhyly OchatFollowUps_itemDesktop__R6aBv\">Dlaczego autor uwa\u017ca, \u017ce nie powinni\u015bmy por\u00f3wnywa\u0107 siebie z Ukrai\u0144cami?<\/li>\n<\/ul>\n<p class=\"Paragraph_desktopParagraph__U31Gm\">Aby tak si\u0119 sta\u0142o, partnerstwo nie wystarczy, trzeba znacznie mocniejszych wi\u0119z\u00f3w, kt\u00f3rych daleko szuka\u0107 nie musimy \u2014 wi\u0119z\u00f3w solidarno\u015bci. Czy pami\u0119tamy jeszcze kazanie Jana Paw\u0142a II do ludzi morza wyg\u0142oszone w 1986?: &#8222;W imi\u0119 przysz\u0142o\u015bci cz\u0142owieka i ludzko\u015bci trzeba by\u0142o wypowiedzie\u0107 to s\u0142owo \u00absolidarno\u015b\u0107\u00bb. Dzi\u015b p\u0142ynie ono szerok\u0105 fal\u0105 poprzez \u015bwiat, kt\u00f3ry rozumie, \u017ce nie mo\u017cemy \u017cy\u0107 wedle zasady \u00abwszyscy przeciw wszystkim\u00bb, ale tylko wedle zasady \u00abwszyscy z wszystkimi\u00bb, \u00abwszyscy dla wszystkich\u00bb&#8221;.<\/p>\n<p><img decoding=\"async\" class=\"Image_image__0tuHp Image_autoHeight__f2n87 \" height=\"587\" width=\"917\" src=\"https:\/\/www.europesays.com\/pl\/wp-content\/uploads\/2025\/12\/7fdk9kuTURBXy83MzVlOGI4NC1jYTNmLTQwMzctYmVjZC03Y2I2NDE1NThlZWIuanBlZ5OVAwAAzQOdzQJQlQLNA6wAwsOVAgDNA.jpeg\" alt=\"Wac\u0142aw Oszajca SJ\" loading=\"lazy\" \/>Deon.pl<\/p>\n<p>Wac\u0142aw Oszajca SJ<\/p>\n<p>&#8222;B\u00f3g jest s\u0119dzi\u0105 sprawiedliwym, kt\u00f3ry za dobro wynagradza, a za z\u0142o karze&#8221;. Oszajca SJ: &#8222;Druga prawda wiary&#8221; to herezja <\/p>\n<p class=\"Paragraph_desktopParagraph__U31Gm\">Ukrai\u0144cy dla nas to nie partnerzy, ale siostry i bracia, jak wszyscy ludzie w cz\u0142owiecze\u0144stwie, w pokrewie\u0144stwie etnicznym i kulturowym, przez wieki wsp\u00f3\u0142obywatele i wsp\u00f3\u0142wyznawcy w wierze chrze\u015bcija\u0144skiej, \u017cydowskiej i muzu\u0142ma\u0144skiej. Dlatego w obecnym czasie, bez wzgl\u0119du na powody, zmuszanie ich do ekshumacji, rozkopywania starych grob\u00f3w, gdy oni musz\u0105 kopa\u0107 nowe dla swoich syn\u00f3w i c\u00f3rek, rodzic\u00f3w, przyjaci\u00f3\u0142, jest nieludzkie. Tak samo, jak wypominanie i domaganie si\u0119 wdzi\u0119czno\u015bci. To Ukrai\u0144cy gin\u0105, a nie my, oni nas os\u0142aniaj\u0105 za cen\u0119 tysi\u0119cy zabitych \u2014 nie pr\u00f3bujmy wi\u0119c za ich plecami, i na ich koszt, kr\u0119ci\u0107 swoje interesy i interesiki pod pretekstem ws\u0142uchiwania si\u0119 w &#8222;akcentowane przez polskie spo\u0142ecze\u0144stwo problemy&#8221;. Kto tu komu powinien by\u0107 wdzi\u0119czny?<\/p>\n<p class=\"Paragraph_desktopParagraph__U31Gm\">A poniewa\u017c zacytowane na wst\u0119pie s\u0142owa wypowiedzia\u0142 cz\u0142owiek, mniejsza o urz\u0105d, jaki pe\u0142ni, kt\u00f3ry nieraz publicznie o\u015bwiadcza\u0142, \u017ce jest katolikiem, musz\u0119 zapyta\u0107, jak ma si\u0119 ta jego wypowied\u017a do wypowiedzi Paw\u0142a Aposto\u0142a?: &#8222;Bracia (\u2026) Jedni drugim no\u015bcie brzemiona, a tak wype\u0142nicie prawo Chrystusa. Je\u015bli kto\u015b s\u0105dzi, \u017ce jest kim\u015b wa\u017cnym, podczas gdy nim nie jest, sam siebie oszukuje. Ka\u017cdy niech os\u0105dza swoje czyny i w sobie niech znajduje pow\u00f3d do chluby, a nie w por\u00f3wnywaniu si\u0119 z innymi. Ka\u017cdy bowiem poniesie sw\u00f3j w\u0142asny ci\u0119\u017car&#8221; (Gal 6, 1-5).<\/p>\n<p class=\"Paragraph_desktopParagraph__U31Gm\">Oczywi\u015bcie, jak si\u0119 kto\u015b uprze, to i te s\u0142owa zamiast do siebie, jak chce Aposto\u0142, odniesie przeciw Ukrai\u0144com.<\/p>\n<p class=\"Paragraph_desktopParagraph__U31Gm\">&#8222;Jest czas zabijania i czas gojenia ran, czas burzenia i czas budowania (\u2026) Jest czas wojny i czas pokoju&#8221; (por. Koh 3, 1-10), st\u0105d dobrze jest wiedzie\u0107, w jakich czasie \u017cyjemy i po\u015br\u00f3d jakich ludzi jeste\u015bmy. Czy po stronie tych, kt\u00f3rzy zabijaj\u0105 i burz\u0105, czy tych opatruj\u0105cych rany duchowe, psychiczne i fizyczne, czy jeste\u015bmy po stronie z\u0142oczy\u0144cy, czy jego ofiar? \u0141atwo bowiem owo &#8222;akcentowanie spraw&#8221; przez polskie spo\u0142ecze\u0144stwo pomyli\u0107 z wol\u0105 Boga. Cyprian Norwid pozostawi\u0142 nam fraszk\u0119 pod tytu\u0142em &#8222;Dewocja&#8221;, kt\u00f3rej tre\u015b\u0107 odnosi si\u0119 do naszych zachowa\u0144 osobistych, ale i spo\u0142eczno-politycznych:<\/p>\n<p class=\"Paragraph_desktopParagraph__U31Gm\">Dewocja krzyczy: \u00abMichelet wychodzi z ko\u015bcio\u0142a\u00bb.<\/p>\n<p class=\"Paragraph_desktopParagraph__U31Gm\">Prawda; Dewocja tylko tego nie postrzeg\u0142a,<\/p>\n<p class=\"Paragraph_desktopParagraph__U31Gm\">\u017be za ko\u015bcio\u0142em c z \u0142 o w i e k o ratunek wo\u0142a,<\/p>\n<p class=\"Paragraph_desktopParagraph__U31Gm\">\u017be kona \u2014 \u017ce a\u017ceby krew go nie ubieg\u0142a,<\/p>\n<p class=\"Paragraph_desktopParagraph__U31Gm\">To ornat drze w pasy i zwi\u0105zuje rany<\/p>\n<p class=\"Paragraph_desktopParagraph__U31Gm\">*<\/p>\n<p class=\"Paragraph_desktopParagraph__U31Gm\">A faryzeusz mimo idzie zadumany\u2026<\/p>\n","protected":false},"excerpt":{"rendered":"*Prezentowana tre\u015b\u0107 nie jest stanowiskiem Onetu, ale opini\u0105 autora. Tekst ukaza\u0142 si\u0119 w portalu Deon.pl. Materia\u0142 pokazujemy w&hellip;\n","protected":false},"author":2,"featured_media":156094,"comment_status":"","ping_status":"","sticky":false,"template":"","format":"standard","meta":{"footnotes":""},"categories":[12],"tags":[32,33,31130,36,37,27,34,35,1816,28,31,53,25,52,68,51,57,55,42,38,40,39,41,47,29,30,50,26],"class_list":{"0":"post-156093","1":"post","2":"type-post","3":"status-publish","4":"format-standard","5":"has-post-thumbnail","7":"category-polska","8":"tag-breaking-news","9":"tag-breakingnews","10":"tag-deonpl","11":"tag-featured-news","12":"tag-featurednews","13":"tag-headlines","14":"tag-latest-news","15":"tag-latestnews","16":"tag-mm","17":"tag-naglowki","18":"tag-najwazniejsze-artykuly","19":"tag-new_header","20":"tag-news","21":"tag-onet3","22":"tag-onet3d","23":"tag-onet3d_2i","24":"tag-opinia","25":"tag-phx","26":"tag-pl","27":"tag-poland","28":"tag-polish","29":"tag-polska","30":"tag-polski","31":"tag-screening_general","32":"tag-top-stories","33":"tag-topstories","34":"tag-v2021","35":"tag-wiadomosci"},"share_on_mastodon":{"url":"https:\/\/pubeurope.com\/@pl\/115735368165855293","error":""},"_links":{"self":[{"href":"https:\/\/www.europesays.com\/pl\/wp-json\/wp\/v2\/posts\/156093","targetHints":{"allow":["GET"]}}],"collection":[{"href":"https:\/\/www.europesays.com\/pl\/wp-json\/wp\/v2\/posts"}],"about":[{"href":"https:\/\/www.europesays.com\/pl\/wp-json\/wp\/v2\/types\/post"}],"author":[{"embeddable":true,"href":"https:\/\/www.europesays.com\/pl\/wp-json\/wp\/v2\/users\/2"}],"replies":[{"embeddable":true,"href":"https:\/\/www.europesays.com\/pl\/wp-json\/wp\/v2\/comments?post=156093"}],"version-history":[{"count":0,"href":"https:\/\/www.europesays.com\/pl\/wp-json\/wp\/v2\/posts\/156093\/revisions"}],"wp:featuredmedia":[{"embeddable":true,"href":"https:\/\/www.europesays.com\/pl\/wp-json\/wp\/v2\/media\/156094"}],"wp:attachment":[{"href":"https:\/\/www.europesays.com\/pl\/wp-json\/wp\/v2\/media?parent=156093"}],"wp:term":[{"taxonomy":"category","embeddable":true,"href":"https:\/\/www.europesays.com\/pl\/wp-json\/wp\/v2\/categories?post=156093"},{"taxonomy":"post_tag","embeddable":true,"href":"https:\/\/www.europesays.com\/pl\/wp-json\/wp\/v2\/tags?post=156093"}],"curies":[{"name":"wp","href":"https:\/\/api.w.org\/{rel}","templated":true}]}}