{"id":156105,"date":"2025-12-17T14:30:28","date_gmt":"2025-12-17T14:30:28","guid":{"rendered":"https:\/\/www.europesays.com\/pl\/156105\/"},"modified":"2025-12-17T14:30:28","modified_gmt":"2025-12-17T14:30:28","slug":"memorandum-budapesztanskie-2-0-do-tego-trump-chce-zmusic-ukraine-opinia","status":"publish","type":"post","link":"https:\/\/www.europesays.com\/pl\/156105\/","title":{"rendered":"Memorandum budapeszta\u0144skie 2.0. Do tego Trump chce zmusi\u0107 Ukrain\u0119 [OPINIA]"},"content":{"rendered":"<p>Europejczycy i Amerykanie \u015bwi\u0119tuj\u0105 sukces berli\u0144skich negocjacji dotycz\u0105cych zako\u0144czenia rosyjskiej agresji na Ukrain\u0119. I rzeczywi\u015bcie \u2014 poczynili znaczne post\u0119py w zakresie opracowania gwarancji bezpiecze\u0144stwa dla Kijowa na wypadek ponownej agresji Moskwy. Europa chce przewodzi\u0107 koalicji pa\u0144stw ch\u0119tnych podj\u0105\u0107 si\u0119 tego zadania.<\/p>\n<p>Jak zawsze diabe\u0142 tkwi jednak w szczeg\u00f3\u0142ach. Sformu\u0142owania zawarte w deklaracji ko\u0144cowej s\u0105 stosunkowo konkretne, je\u015bli chodzi o pomoc w zabezpieczeniu Ukrainy na morzu i ochron\u0119 jej przestrzeni powietrznej. Stosunkowo du\u017co niejasno\u015bci budzi jednak kwestia, kt\u00f3ra faktycznie zadecyduje o jej przysz\u0142o\u015bci \u2014 a mianowicie gwarancji dla jej terytorium l\u0105dowego.<\/p>\n<p class=\"ods-c-paragraph \">Europejczycy wspominaj\u0105 jedynie niejasno i na marginesie o ewentualnych operacjach na terenie Ukrainy, najwyra\u017aniej w czasie pokoju. W przypadku wybuchu ponownego konfliktu mowa jest o &#8222;dzia\u0142aniach maj\u0105cych przywr\u00f3ci\u0107 pok\u00f3j i bezpiecze\u0144stwo&#8221;. Mog\u0105 one &#8222;obejmowa\u0107 u\u017cycie si\u0142 zbrojnych, wsparcie wywiadowcze i logistyczne oraz dzia\u0142ania gospodarcze i dyplomatyczne&#8221;. R\u00f3wnie niejasne jest zapewnienie Amerykan\u00f3w o &#8222;wsparciu&#8221; w tym si\u0142 europejskich.<\/p>\n<p class=\"ods-c-paragraph \">Administracja Trumpa przedstawia to jako <a href=\"https:\/\/wiadomosci.onet.pl\/swiat\/jest-szansa-na-bezpieczna-ukraine-amerykanscy-urzednicy-zdradzaja-kulisy-rozmow\/qevwcxb\" id=\"dd528e66-c701-4d0e-a3bb-75611fa20c6b\" rel=\"nofollow noopener\" target=\"_blank\">gwarancje bezpiecze\u0144stwa zbli\u017cone do tych, kt\u00f3re s\u0105 zapisane w art. 5 traktatu NATO<\/a>. Pomimo wszystkich post\u0119p\u00f3w w rozmowach jest to jednak ogromna przesada. Dlatego bardziej interesuj\u0105ce jest przyjrzenie si\u0119 przes\u0142aniom politycznym p\u0142yn\u0105cym z porozumienia berli\u0144skiego. Europejczycy chc\u0105 w ten spos\u00f3b zasygnalizowa\u0107 Waszyngtonowi, \u017ce s\u0105 gotowi wnie\u015b\u0107 istotny wk\u0142ad w trwa\u0142y pok\u00f3j w Ukrainie, \u017ce chc\u0105 by\u0107 cz\u0119\u015bci\u0105 rozwi\u0105zania, a nie \u2014 z punktu widzenia administracji Trumpa \u2014 cz\u0119\u015bci\u0105 problemu.<\/p>\n<p class=\"ods-c-paragraph \">Znacznie bardziej w\u0105tpliwe jest natomiast to, co administracja Trumpa chcia\u0142a osi\u0105gn\u0105\u0107 w Berlinie. Promocja rzekomo solidnych gwarancji bezpiecze\u0144stwa ma bowiem na celu zwi\u0119kszenie presji na Ukrain\u0119, by zgodzi\u0142a si\u0119 na <a href=\"https:\/\/wiadomosci.onet.pl\/swiat\/w-tej-kwestii-wolodymyr-zelenski-nie-zamierza-sie-ugiac-nie-uznamy-donbasu-za\/v1ejtg7\" id=\"157ae1b2-7ce5-4b4c-843e-226da29b39d7\" rel=\"nofollow noopener\" target=\"_blank\">rosyjskie \u017c\u0105danie bezkrwawej kapitulacji pozosta\u0142ej cz\u0119\u015bci Donbasu.<\/a> Przes\u0142anie jest nast\u0119puj\u0105ce: je\u015bli zdob\u0119dziecie gwarancje bezpiecze\u0144stwa, to ufortyfikowany pas w Donbasie nie b\u0119dzie ju\u017c wam potrzebny.<\/p>\n<p>Niejasne gwarancje bezpiecze\u0144stwa<\/p>\n<p class=\"ods-c-paragraph \">W rzeczywisto\u015bci jednak nie zwi\u0119kszy\u0142oby to bezpiecze\u0144stwa Ukrainy, a znacznie mu zagrozi\u0142o. Bo kto naprawd\u0119 wierzy w to, \u017ce w razie powa\u017cnego zagro\u017cenia mo\u017cna polega\u0107 na gwarancjach bezpiecze\u0144stwa s\u0142abych militarnie kraj\u00f3w europejskich i prorosyjskiej administracji Trumpa? Pod jego rz\u0105dami Amerykanie stali si\u0119 tak niewiarygodnym partnerem, \u017ce Europejczycy nie mog\u0105 by\u0107 nawet pewni tego, czy w przypadku rosyjskiej agresji Stany Zjednoczone stan\u0119\u0142yby w obronie partner\u00f3w z NATO.<\/p>\n<p>   <img decoding=\"async\" src=\"https:\/\/www.europesays.com\/pl\/wp-content\/uploads\/2025\/12\/QZ0k9lBaHR0cHM6Ly9vY2RuLmV1L3B1bHNjbXMvTURBXy82ZDk1ZDdmNzI5MjRjYzQ4OWQ0OWZjNzZkOWU5MDcyZi5qcGeRlQLNB.jpeg\" height=\"627\" width=\"940\" alt=\"W\u0142adimir Putin i Donald Trump, Alaska, 15 sierpnia 2025 r. \" loading=\"lazy\" class=\"ods-c-image__img ods-c-image__img--viewport-width\"\/><\/p>\n<p>W\u0142adimir Putin i Donald Trump, Alaska, 15 sierpnia 2025 r.Andrew Harnik \/ Staff \/ Getty Images<\/p>\n<p class=\"ods-c-paragraph \">Kto w tej sytuacji powa\u017cnie wierzy w to, \u017ce Amerykanie na powa\u017cnie zaanga\u017cuj\u0105 si\u0119 w ochron\u0119 Ukrainy w przypadku ponownego ataku ze strony Rosji? Niejasne gwarancje bezpiecze\u0144stwa <a href=\"https:\/\/wiadomosci.onet.pl\/swiat\/szczyt-pokojowy-w-berlinie-mamy-90-procent-co-wiemy-na-ten-moment\/t2pbkz7\" id=\"b8f9dde3-a71b-4fe8-a1b7-43ac664b339e\" rel=\"nofollow noopener\" target=\"_blank\">sformu\u0142owane w Berlinie<\/a> mog\u0105 wi\u0119c stanowi\u0107 jedynie niewielk\u0105 cz\u0119\u015b\u0107 \u015brodk\u00f3w odstraszaj\u0105cych przed przysz\u0142\u0105 agresj\u0105 Rosji. G\u0142\u00f3wny ci\u0119\u017car swojej obrony Ukraina b\u0119dzie musia\u0142a ponosi\u0107 sama. A do tego zachodni Donbas jest jej niezb\u0119dny. <\/p>\n<p class=\"ods-c-paragraph \">Po <a href=\"https:\/\/www.onet.pl\/informacje\/sestry\/krymski-precedens-legalizacja-okupacji-a-bezpieczenstwo-i-prawo-miedzynarodowe\/zqvrmky,0666d3f1\" id=\"81936345-765a-4b14-85b3-123916107823\" rel=\"nofollow noopener\" target=\"_blank\">rosyjskiej inwazji na wschodni\u0105 Ukrain\u0119 i Krym w 2014 r.<\/a> przekszta\u0142ci\u0142a ona zachodni Donbas w fortec\u0119 z kilkoma liniami obronnymi. W ci\u0105gu prawie czterech lat wojny Rosjanom nie uda\u0142o si\u0119 zdoby\u0107 tego pasa fortecznego. Teraz pr\u00f3buj\u0105 tego dokona\u0107 drog\u0105 polityczn\u0105 \u2014 przy pomocy rz\u0105du USA, kt\u00f3ry chce zako\u0144czy\u0107 wojn\u0119 za wszelk\u0105 cen\u0119.<\/p>\n<p>Pi\u0142ka po stronie Rosji<\/p>\n<p class=\"ods-c-paragraph \">Oddanie Donbasu bez walki oznacza\u0142oby jednak nara\u017cenie kolejnych setek tysi\u0119cy Ukrai\u0144c\u00f3w na represje rosyjskiego re\u017cimu oraz jego morderc\u00f3w i oprawc\u00f3w. Ponadto Ukrai\u0144cy musieliby wycofa\u0107 si\u0119 na linie, kt\u00f3re dotychczas by\u0142y s\u0142abo ufortyfikowane i trudniejsze do obrony ze wzgl\u0119d\u00f3w geograficznych.<\/p>\n<p class=\"ods-c-paragraph \">Podobnie jak w przypadku <a href=\"https:\/\/wiadomosci.onet.pl\/politico\/memorandum-budapesztenskie-czyli-jak-ukraina-oddala-swoja-bron-atomowa\/q95ves2\" id=\"17f9cc0c-4c6c-4444-a9fc-1d7677e2eeb5\" rel=\"nofollow noopener\" target=\"_blank\">memorandum budapeszte\u0144skiego<\/a> sprzed 30 lat, Ukraina ponownie stoi w obliczu niebezpiecze\u0144stwa, \u017ce Stany Zjednoczone zmusz\u0105 j\u0105 do rezygnacji z pot\u0119\u017cnych \u015brodk\u00f3w obrony militarnej. W\u00f3wczas by\u0142y to bomby atomowe, bombowce strategiczne i rakiety dalekiego zasi\u0119gu \u2014 teraz mo\u017ce to by\u0107 Donbas. Kij\u00f3w mo\u017ce by\u0107 zmuszony zrzec si\u0119 go w zamian za gwarancje bezpiecze\u0144stwa, kt\u00f3re tym razem s\u0105 wprawdzie silniejsze, ale nadal zbyt ma\u0142o wiarygodne.<\/p>\n<p class=\"ods-c-paragraph \">To jest negatywna wiadomo\u015b\u0107 p\u0142yn\u0105ca z Berlina: Stany Zjednoczone najwyra\u017aniej nadal s\u0105 zdecydowane wywiera\u0107 presj\u0119 na Ukrain\u0119, a jednocze\u015bnie ulega\u0107 absurdalnym \u017c\u0105daniom Rosji dotycz\u0105cym rezygnacji przez ni\u0105 z Donbasu.<\/p>\n<p class=\"ods-c-paragraph \">Teraz jednak pi\u0142ka zn\u00f3w znajduje si\u0119 po stronie Rosjan, kt\u00f3rzy jasno wyrazili swoje niezadowolenie z wynik\u00f3w rozm\u00f3w w Berlinie. Nie s\u0105 oni bowiem zainteresowani pokojem, kt\u00f3ry m\u00f3g\u0142by zagwarantowa\u0107 przetrwanie i suwerenno\u015b\u0107 Ukrainy.<\/p>\n","protected":false},"excerpt":{"rendered":"Europejczycy i Amerykanie \u015bwi\u0119tuj\u0105 sukces berli\u0144skich negocjacji dotycz\u0105cych zako\u0144czenia rosyjskiej agresji na Ukrain\u0119. I rzeczywi\u015bcie \u2014 poczynili znaczne&hellip;\n","protected":false},"author":2,"featured_media":156106,"comment_status":"","ping_status":"","sticky":false,"template":"","format":"standard","meta":{"footnotes":""},"categories":[14],"tags":[56,32,33,27,76,34,35,28,31,48,25,46,40,41,87,47,80,29,30,415,26,82,83,84],"class_list":{"0":"post-156105","1":"post","2":"type-post","3":"status-publish","4":"format-standard","5":"has-post-thumbnail","7":"category-swiat","8":"tag-article_premium","9":"tag-breaking-news","10":"tag-breakingnews","11":"tag-headlines","12":"tag-inwazja_rosji_na_ukraine","13":"tag-latest-news","14":"tag-latestnews","15":"tag-naglowki","16":"tag-najwazniejsze-artykuly","17":"tag-nat_styl","18":"tag-news","19":"tag-omp","20":"tag-polish","21":"tag-polski","22":"tag-rosja","23":"tag-screening_general","24":"tag-swiat","25":"tag-top-stories","26":"tag-topstories","27":"tag-ukraina","28":"tag-wiadomosci","29":"tag-world","30":"tag-world-news","31":"tag-worldnews"},"share_on_mastodon":{"url":"https:\/\/pubeurope.com\/@pl\/115735391631175748","error":""},"_links":{"self":[{"href":"https:\/\/www.europesays.com\/pl\/wp-json\/wp\/v2\/posts\/156105","targetHints":{"allow":["GET"]}}],"collection":[{"href":"https:\/\/www.europesays.com\/pl\/wp-json\/wp\/v2\/posts"}],"about":[{"href":"https:\/\/www.europesays.com\/pl\/wp-json\/wp\/v2\/types\/post"}],"author":[{"embeddable":true,"href":"https:\/\/www.europesays.com\/pl\/wp-json\/wp\/v2\/users\/2"}],"replies":[{"embeddable":true,"href":"https:\/\/www.europesays.com\/pl\/wp-json\/wp\/v2\/comments?post=156105"}],"version-history":[{"count":0,"href":"https:\/\/www.europesays.com\/pl\/wp-json\/wp\/v2\/posts\/156105\/revisions"}],"wp:featuredmedia":[{"embeddable":true,"href":"https:\/\/www.europesays.com\/pl\/wp-json\/wp\/v2\/media\/156106"}],"wp:attachment":[{"href":"https:\/\/www.europesays.com\/pl\/wp-json\/wp\/v2\/media?parent=156105"}],"wp:term":[{"taxonomy":"category","embeddable":true,"href":"https:\/\/www.europesays.com\/pl\/wp-json\/wp\/v2\/categories?post=156105"},{"taxonomy":"post_tag","embeddable":true,"href":"https:\/\/www.europesays.com\/pl\/wp-json\/wp\/v2\/tags?post=156105"}],"curies":[{"name":"wp","href":"https:\/\/api.w.org\/{rel}","templated":true}]}}