{"id":156118,"date":"2025-12-17T14:38:11","date_gmt":"2025-12-17T14:38:11","guid":{"rendered":"https:\/\/www.europesays.com\/pl\/156118\/"},"modified":"2025-12-17T14:38:11","modified_gmt":"2025-12-17T14:38:11","slug":"polak-zatrzymany-na-lotnisku-w-krakowie-przez-jeden-blad-nie-polecial-na-wakacje-onet","status":"publish","type":"post","link":"https:\/\/www.europesays.com\/pl\/156118\/","title":{"rendered":"Polak zatrzymany na lotnisku w Krakowie. Przez jeden b\u0142\u0105d nie polecia\u0142 na wakacje &#8211; Onet"},"content":{"rendered":"<ol>\n<li><a href=\"https:\/\/news.google.com\/rss\/articles\/CBMi0AFBVV95cUxQRkJpMGYwZThkblp4Zl9BY0g5TTRFSm0tMHo0ZzNITUJHMlM5NWJPTVNOWWpaei1FUnVBN1U0M1JJQmlob2JfTVFIRGFFVjJDdjMwZDFNWWJsREdWYW5sVjVTZjJvVl85VjkwNlNiczZzTU1ZWDF5ZHo0WDRjZjZ1aGFPTTFpVnphTjJVQmZKYnZaQlh2Q2N6eXEzYTZLVDd4a2dXbUNvQ1FvME1DWjdUOU9XVFV3OGFiOXZONGozMHloMUt5cDdrY0Y0bC1UdllW?oc=5\" target=\"_blank\" rel=\"nofollow noopener\">Polak zatrzymany na lotnisku w Krakowie. Przez jeden b\u0142\u0105d nie polecia\u0142 na wakacje<\/a>&nbsp;&nbsp;Onet<\/li>\n<li><a href=\"https:\/\/news.google.com\/rss\/articles\/CBMirgFBVV95cUxQMWFnX3JlTG9va2JUUk1SVUlSV05valI3RG9NZEhUdDZHSEc2aWRVMWVaUlM0Zk50NTJDbFlrQ3dZNFVLMVJZN1pUYWctdkMtTEV1OEtrckZqcVVzNXFIRDhXT2toX2xJT2o3QnRObjlOYjM5azdkUVYwOGp0cHJPMkgzWThscWRPVjBBY0FvQU9Tb2xsR1lfSktldGZhNDhHTzRhanZkR2VkS2lRUVE?oc=5\" target=\"_blank\" rel=\"nofollow noopener\">Katowice-Pyrzowice. Podr\u00f3\u017c zako\u0144czyli, zanim j\u0105 zacz\u0119li. Z powodu paszport\u00f3w<\/a>&nbsp;&nbsp;TVN24<\/li>\n<li><a href=\"https:\/\/news.google.com\/rss\/articles\/CBMirwFBVV95cUxPQXVlaEJUMERvNTNDSGVYYzZ3LTk2cThHVWw2QWlhYVhtdEpzRDFIb0xpSkJucVlkYjEta19PSzR1bzV0dVFFQkJnQmZRcFdCcldnc2ozcERqSHJUOHdYbDBGUG0zMHBJXzF4TFA0OHNOQVBtcldkUG5ER25kYzIxREhtOVkyRHZScThRWlczWng3cVhzVWtacWh2eWZ3Ti1OdlFnYkY3NjVxcXVSWlU0?oc=5\" target=\"_blank\" rel=\"nofollow noopener\">Stra\u017c Graniczna nie zezwoli\u0142a na wyjazd z kraju<\/a>&nbsp;&nbsp;Komenda G\u0142\u00f3wna Stra\u017cy Granicznej<\/li>\n<li><a href=\"https:\/\/news.google.com\/rss\/articles\/CBMipgFBVV95cUxQRlcxSE1XanBlR0QzMkdfZUxGcXNSYTBVUzJMbTNJcVdlTkVjckRiSDFXZHVkbjFEc3ptZnEzUzhtUC0xY1REWEFoVTh0SW9tZ1lUeXFiZ2VJMzQyT2NhdEVuUi14RHg3U01tcWRDNGNDa0c2dWN6SHBZSjZLbXVhNS1lWG1rR2lwSTYwV1J6N1dWOXZ6UXltZzQ3eXB2Q1d5anRzbzd3?oc=5\" target=\"_blank\" rel=\"nofollow noopener\">Szuka\u0142 go s\u0105d w Cieszynie. Gruzin z listem go\u0144czym zatrzymany na lotnisku<\/a>&nbsp;&nbsp;OX.pl<\/li>\n<li><a href=\"https:\/\/news.google.com\/rss\/articles\/CBMiqwFBVV95cUxNNlVmc0RVaTZnMlhXblFjYlZMUk9KSVVBVXNZenByUmNSZXJteXdhT1ZZRDNiRWVnUmZXX2pwUjhNeDZjaFM4aHBxRGxYYko5azhMRHZSbUdwVy1IUXlWd0I1clJLQkE5endjY1RwaFA5NGVXLWZOd3VKWUZ4RW5JSlpMY3ZoOVBsVWE5bGtnak9leUpNNDRzQW53YkxNUGZ2VlVLNFhtaHUyVTQ?oc=5\" target=\"_blank\" rel=\"nofollow noopener\">Zatrzymany na lotnisku po powrocie z Londynu. By\u0142 poszukiwany przez prokuratur\u0119<\/a>&nbsp;&nbsp;\u017bycie Cz\u0119stochowy i powiatu<\/li>\n<\/ol>\n","protected":false},"excerpt":{"rendered":"Polak zatrzymany na lotnisku w Krakowie. Przez jeden b\u0142\u0105d nie polecia\u0142 na wakacje&nbsp;&nbsp;Onet Katowice-Pyrzowice. Podr\u00f3\u017c zako\u0144czyli, zanim j\u0105&hellip;\n","protected":false},"author":2,"featured_media":156119,"comment_status":"","ping_status":"","sticky":false,"template":"","format":"standard","meta":{"footnotes":""},"categories":[12],"tags":[32,33,36,37,8889,27,20631,34,35,1816,28,31,53,25,52,68,51,55,42,38,40,39,41,47,29,30,50,26],"class_list":{"0":"post-156118","1":"post","2":"type-post","3":"status-publish","4":"format-standard","5":"has-post-thumbnail","7":"category-polska","8":"tag-breaking-news","9":"tag-breakingnews","10":"tag-featured-news","11":"tag-featurednews","12":"tag-glos24","13":"tag-headlines","14":"tag-krakow_bloczek_regionalny_wiadomosci","15":"tag-latest-news","16":"tag-latestnews","17":"tag-mm","18":"tag-naglowki","19":"tag-najwazniejsze-artykuly","20":"tag-new_header","21":"tag-news","22":"tag-onet3","23":"tag-onet3d","24":"tag-onet3d_2i","25":"tag-phx","26":"tag-pl","27":"tag-poland","28":"tag-polish","29":"tag-polska","30":"tag-polski","31":"tag-screening_general","32":"tag-top-stories","33":"tag-topstories","34":"tag-v2021","35":"tag-wiadomosci"},"share_on_mastodon":{"url":"https:\/\/pubeurope.com\/@pl\/115735422901516828","error":""},"_links":{"self":[{"href":"https:\/\/www.europesays.com\/pl\/wp-json\/wp\/v2\/posts\/156118","targetHints":{"allow":["GET"]}}],"collection":[{"href":"https:\/\/www.europesays.com\/pl\/wp-json\/wp\/v2\/posts"}],"about":[{"href":"https:\/\/www.europesays.com\/pl\/wp-json\/wp\/v2\/types\/post"}],"author":[{"embeddable":true,"href":"https:\/\/www.europesays.com\/pl\/wp-json\/wp\/v2\/users\/2"}],"replies":[{"embeddable":true,"href":"https:\/\/www.europesays.com\/pl\/wp-json\/wp\/v2\/comments?post=156118"}],"version-history":[{"count":0,"href":"https:\/\/www.europesays.com\/pl\/wp-json\/wp\/v2\/posts\/156118\/revisions"}],"wp:featuredmedia":[{"embeddable":true,"href":"https:\/\/www.europesays.com\/pl\/wp-json\/wp\/v2\/media\/156119"}],"wp:attachment":[{"href":"https:\/\/www.europesays.com\/pl\/wp-json\/wp\/v2\/media?parent=156118"}],"wp:term":[{"taxonomy":"category","embeddable":true,"href":"https:\/\/www.europesays.com\/pl\/wp-json\/wp\/v2\/categories?post=156118"},{"taxonomy":"post_tag","embeddable":true,"href":"https:\/\/www.europesays.com\/pl\/wp-json\/wp\/v2\/tags?post=156118"}],"curies":[{"name":"wp","href":"https:\/\/api.w.org\/{rel}","templated":true}]}}