{"id":156132,"date":"2025-12-17T14:46:18","date_gmt":"2025-12-17T14:46:18","guid":{"rendered":"https:\/\/www.europesays.com\/pl\/156132\/"},"modified":"2025-12-17T14:46:18","modified_gmt":"2025-12-17T14:46:18","slug":"tomasz-terlikowski-krytykuje-prezydenta-po-decyzji-w-sprawie-chanuki-nie-wystepuje-jako-katolik","status":"publish","type":"post","link":"https:\/\/www.europesays.com\/pl\/156132\/","title":{"rendered":"Tomasz Terlikowski krytykuje prezydenta po decyzji w sprawie Chanuki. &#8222;Nie wyst\u0119puje jako katolik&#8221;"},"content":{"rendered":"<p class=\"ods-c-paragraph \"><a href=\"https:\/\/plejada.pl\/temat\/tomasz-terlikowski-dziennikarz\/rkvcfb9\" id=\"71f17577-e0f3-44e9-9d03-2c4a4fc735e2\" rel=\"nofollow noopener\" target=\"_blank\">Tomasz Terlikowski<\/a> w opublikowanym na Facebooku fragmencie swojej opinii dla Wirtualnej Polski pisze wprost o &#8222;alt-rightyzacji prawicy&#8221;, kt\u00f3rej widocznym znakiem ma by\u0107 w\u0142a\u015bnie brak chanukowego rytua\u0142u w Pa\u0142acu prezydenckim. Jak podkre\u015bla, przez lata zapalanie \u015bwiec chanukowych w tym miejscu by\u0142o wyra\u017anym sygna\u0142em, \u017ce Polska postrzega siebie jako wsp\u00f3lnot\u0119 wielokulturow\u0105 i wieloreligijn\u0105, zdoln\u0105 do symbolicznego uznania obecno\u015bci obywateli r\u00f3\u017cnych wyzna\u0144 i tradycji.<\/p>\n<p class=\"ods-c-paragraph \">Zdaniem publicysty rezygnacja z tego gestu nie jest wyrazem neutralno\u015bci \u015bwiatopogl\u0105dowej, lecz przeciwnie \u2013 zaw\u0119\u017ceniem znaczenia Pa\u0142acu Prezydenckiego do osobistych przekona\u0144 religijnych urz\u0119duj\u0105cego prezydenta. Terlikowski przypomina, \u017ce Pa\u0142ac nie jest przestrzeni\u0105 prywatnej pobo\u017cno\u015bci, ale miejscem, w kt\u00f3rym &#8222;uobecnia si\u0119 majestat i bogactwo Rzeczypospolitej&#8221;, a wi\u0119c pa\u0144stwa wszystkich obywateli, nie tylko wi\u0119kszo\u015bci.<\/p>\n<blockquote class=\"ods-o-quota\">\n<p class=\"ods-o-quota__paragraph\">Pa\u0142ac Prezydencki jest symboliczn\u0105 przestrzeni\u0105, w kt\u00f3rej uobecnia si\u0119 majestat i bogactwo Rzeczypospolitej, a nie w\u0105sko poj\u0119ta, osobista to\u017csamo\u015b\u0107 konkretnego prezydenta. Jego wiara lub jej brak, jego osobiste pogl\u0105dy nie maj\u0105 znaczenia, bo wa\u017cne jest to, jakie pa\u0144stwo chce budowa\u0107 i jakie uobecnia\u0107. Dlatego naprawd\u0119 szkoda, \u017ce Karol Nawrocki z tego wa\u017cnego symbolu zrezygnowa\u0142<\/p>\n<\/blockquote>\n<p class=\"ods-c-paragraph \">\u2014 pisze Tomasz Terlikowski. <\/p>\n<p>Dalszy ci\u0105g artyku\u0142u pod materia\u0142em wideo<\/p>\n<p> Co Tomasz Terlikowski s\u0105dzi o decyzji prezydenta Nawrockiego? <\/p>\n<p> Jakie s\u0105 argumenty Terlikowskiego dotycz\u0105ce wielokulturowo\u015bci w Polsce? <\/p>\n<p> Co oznacza rezygnacja z zapalenia \u015bwiec chanukowych w Pa\u0142acu Prezydenckim? <\/p>\n<p> Jakie zmiany w polskiej debacie publicznej zauwa\u017ca Tomasz Terlikowski? <\/p>\n<p>  Tomasz Terlikowski krytykuje prezydenta po decyzji o \u015bwi\u0119towaniu Chanuki. &#8222;Nie wyst\u0119puje w Pa\u0142acu jako katolik &#8222;<\/p>\n<p class=\"ods-c-paragraph \">Szczeg\u00f3lne miejsce w krytyce Tomasza Terlikowskiego zajmuje argumentacja samego prezydenta, kt\u00f3ry w rozmowie z RMF FM t\u0142umaczy\u0142 swoj\u0105 decyzj\u0119 &#8222;powa\u017cnym traktowaniem warto\u015bci chrze\u015bcija\u0144skich&#8221;. Publicysta uznaje to uzasadnienie za problematyczne, zar\u00f3wno teologicznie, jak i historycznie. Zwraca uwag\u0119, \u017ce Ko\u015bci\u00f3\u0142 katolicki nie tylko nie zakazuje symbolicznego upami\u0119tniania innych tradycji religijnych, ale wr\u0119cz akcentuje znaczenie dialogu mi\u0119dzyreligijnego i szacunku dla wielokulturowo\u015bci. Przypomina r\u00f3wnie\u017c fakt cz\u0119sto pomijany w debacie publicznej: Chanuk\u0119 obchodzi\u0142 sam Jezus Chrystus wraz ze swoimi uczniami.<\/p>\n<blockquote class=\"ods-o-quota\">\n<p class=\"ods-o-quota__paragraph\">Czy rozumienie przez Karola Nawrockiego &#8222;warto\u015bci chrze\u015bcija\u0144skich&#8221; jest zgodne z tym, jak pojmuje je Ko\u015bci\u00f3\u0142, kt\u00f3rego prezydent jest wiernym. Odpowied\u017a na tak postawione pytanie jest, delikatnie rzecz ujmuj\u0105c, nieszczeg\u00f3lnie korzystna dla prezydenta. Tak si\u0119 bowiem sk\u0142ada, \u017ce nie ma nic niezgodnego z tradycj\u0105 katolick\u0105 w upami\u0119tnieniu czy symbolicznym dowarto\u015bciowaniu innych tradycji ni\u017c katolicka. (&#8230;) Warto te\u017c przypomina\u0107 prezydentowi i jego otoczeniu, \u017ce Chanuk\u0119 \u015bwi\u0119towa\u0142 tak\u017ce Jezus Chrystus i jego uczniowie.<\/p>\n<\/blockquote>\n<p class=\"ods-c-paragraph \">&#8222;A w zwi\u0105zku z tym nie ma \u017cadnych powod\u00f3w, by uznawa\u0107 je za \u015bwi\u0119ta sprzeczne z warto\u015bciami chrze\u015bcija\u0144skimi. I wreszcie kwestia kluczowa \u2013 niezale\u017cnie od osobistych pogl\u0105d\u00f3w prezydenta \u2013 nie wyst\u0119puje w Pa\u0142acu Prezydenckim jako katolik (nawet je\u015bli do\u015b\u0107 w\u0105sko rozumiej\u0105cy swoj\u0105 wiar\u0119) Karol Nawrocki, ale jako reprezentant Rzeczypospolitej, a w tej swoje miejsce maj\u0105 ludzie r\u00f3\u017cnych wyzna\u0144, religii i tradycji. Zapalenie \u015bwiec dokonywa\u0142o si\u0119 w\u0142a\u015bnie z takiego powodu, a nie by by\u0107 \u015bwiadectwem osobistych pogl\u0105d\u00f3w religijnych prezydent\u00f3w&#8221; \u2014 pisze Tomasz Terlikowski. <\/p>\n<p>   <img decoding=\"async\" src=\"https:\/\/www.europesays.com\/pl\/wp-content\/uploads\/2025\/12\/Zx-k9lBaHR0cHM6Ly9vY2RuLmV1L3B1bHNjbXMvTURBXy85ODllYmMwODQxYzAwYTBmYTU5ODI1ZThlOWZhMDM1Yi5qcGeRlQLNB.jpeg\" height=\"627\" width=\"940\" alt=\"Tomasz Terlikowski w podka\u015bcie Wojew\u00f3dzki K\u0119dzierski\" loading=\"lazy\" class=\"ods-c-image__img ods-c-image__img--viewport-width\"\/><\/p>\n<p>Tomasz Terlikowski w podka\u015bcie Wojew\u00f3dzki K\u0119dzierskiMaciej Kr\u00fcger \/ Onet<\/p>\n<p> Tomasz Terlikowski o przesuwaniu kolejnych granic. &#8222;Niebezpieczne dla przysz\u0142o\u015bci Polski&#8221;<\/p>\n<p class=\"ods-c-paragraph \">W opinii Tomasza Terlikowskiego decyzja prezydenta ma jednak wymiar znacznie szerszy ni\u017c sp\u00f3r o interpretacj\u0119 katolicyzmu. Jest ona \u2013 jak pisze \u2013 elementem zmiany klimatu politycznego i spo\u0142ecznego w Polsce. Coraz wyra\u017aniej widoczna staje si\u0119 niech\u0119\u0107 wobec r\u00f3\u017cnorodno\u015bci religijnej, a granice akceptacji dla anty\u017cydowskich i antysemickich narracji ulegaj\u0105 przesuni\u0119ciu. Publicysta wskazuje tu zar\u00f3wno na dzia\u0142alno\u015b\u0107 <a href=\"https:\/\/plejada.pl\/temat\/grzegorz-braun-polityk-rezyser\/92qvdjh\" id=\"f1b2e627-189f-49ae-9341-c4599ec4567e\" rel=\"nofollow noopener\" target=\"_blank\">Grzegorza Brauna<\/a>, jak i na milczenie cz\u0119\u015bci \u015brodowisk katolickich wobec jego gest\u00f3w, co \u2013 zdaniem Terlikowskiego \u2013 prowadzi do normalizacji skrajnych postaw.<\/p>\n<p class=\"ods-c-paragraph \">Autor nie oszcz\u0119dza tak\u017ce dawnego obozu w\u0142adzy. Zauwa\u017ca, \u017ce polityczna i moralna &#8222;szczepionka&#8221; przeciwko antysemityzmowi, kt\u00f3r\u0105 w Prawie i Sprawiedliwo\u015bci mia\u0142 wpoi\u0107 <a href=\"https:\/\/plejada.pl\/temat\/lech-kaczynski-prezydent\/3vpbyp3\" id=\"6d9f0a04-9000-4d3f-aa24-886138165987\" rel=\"nofollow noopener\" target=\"_blank\">Lech Kaczy\u0144ski<\/a>, przestaje dzia\u0142a\u0107. Narracje kojarzone z Romanem Dmowskim, przywr\u00f3cone do debaty przez Konfederacj\u0119 i Konfederacj\u0119 Korony Polskiej, nie spotykaj\u0105 si\u0119 dzi\u015b z jednoznacznym sprzeciwem ze strony PiS.<\/p>\n<blockquote class=\"ods-o-quota\">\n<p class=\"ods-o-quota__paragraph\">A nie chce i nie potrafi, bo nie tylko obawia si\u0119 utraty cz\u0119\u015bci sympatii politycznych, ale te\u017c \u2013 jak si\u0119 zdaje \u2013 straci\u0142o \u015bwiadomo\u015b\u0107, jak niebezpieczne dla przysz\u0142o\u015bci Polski mo\u017ce by\u0107 tolerowanie tego rodzaju my\u015blenia i emocji. I niestety tak\u017ce w to zjawisko wpisuje si\u0119 decyzja prezydenta Karola Nawrockiego, by nie zapala\u0107 chanukowych \u015bwiec. <\/p>\n<\/blockquote>\n<p class=\"ods-c-paragraph \">&#8222;Ten brak to tak\u017ce smutny symboliczny dow\u00f3d na dalsze odchodzenie PiS od tradycji (dobrej) Lecha Kaczy\u0144skiego i zmierzanie w kierunku alt-prawicy&#8221; \u2014 dodaje publicysta.<\/p>\n<p class=\"ods-c-paragraph \">W tym kontek\u015bcie brak chanukowych \u015bwiec w Pa\u0142acu Prezydenckim staje si\u0119 \u2013 w uj\u0119ciu Tomasza Terlikowskiego nie tylko decyzj\u0105 symboliczn\u0105, ale r\u00f3wnie\u017c znakiem ostrzegawczym. Oznacza bowiem odchodzenie od wizji Polski jako wsp\u00f3lnoty otwartej i pluralistycznej na rzecz pa\u0144stwa definiowanego przez jedn\u0105, dominuj\u0105c\u0105 to\u017csamo\u015b\u0107. A to, jak podkre\u015bla publicysta, jest zmian\u0105, kt\u00f3rej konsekwencje mog\u0105 si\u0119ga\u0107 znacznie dalej ni\u017c jeden nieodbyty rytua\u0142.<\/p>\n<p><img decoding=\"async\" src=\"https:\/\/www.europesays.com\/pl\/wp-content\/uploads\/2025\/12\/seMk9lBaHR0cHM6Ly9vY2RuLmV1L3B1bHNjbXMvTURBXy9iM2IxYzI4Yzk1NGU3YTg0Y2EwMzExODU4OGMwMGNlYS5qcGeRlQLNB.jpeg\" height=\"627\" width=\"940\" alt=\"Karol Nawrocki\" loading=\"lazy\" class=\"ods-c-image__img ods-c-image__img--viewport-width\"\/><\/p>\n<p>Karol NawrockiJarek Praszkiewicz \/ PAP<\/p>\n<p class=\"ods-c-paragraph \">Dzi\u0119kujemy, \u017ce przeczyta\u0142a\u015b\/e\u015b nasz artyku\u0142 do ko\u0144ca. W serwisie Plejada.pl ka\u017cdego dnia piszemy o najwa\u017cniejszych wydarzeniach show-biznesowych. B\u0105d\u017a na bie\u017c\u0105co! <a rel=\"nofollow noopener\" href=\"https:\/\/profile.google.com\/cp\/Cg0vZy8xMWJ6X19wdHBx\" id=\"ebf7caf9-3fac-45fe-a56c-686f48d310f1\" target=\"_blank\">Obserwuj<\/a> Plejad\u0119 w Google. Odwied\u017a nas tak\u017ce na <a rel=\"nofollow noopener\" href=\"https:\/\/www.facebook.com\/plejadapl\" id=\"d8a2600e-423a-49d2-b174-a5f016ea2f1f\" target=\"_blank\">Facebooku<\/a>, <a rel=\"nofollow noopener\" href=\"https:\/\/www.instagram.com\/plejadapl\/\" id=\"92879af6-db85-45e9-835e-1abd21692eca\" target=\"_blank\">Instagramie<\/a>, <a rel=\"nofollow noopener\" href=\"https:\/\/www.youtube.com\/c\/plejada\" id=\"5ae4c26b-6875-414d-95d0-19befd42ba21\" target=\"_blank\">YouTubie<\/a> oraz <a rel=\"nofollow noopener\" href=\"https:\/\/www.tiktok.com\/@plejada_pl\" id=\"585a185d-f225-4a1d-8ef2-fc5086bab3f8\" target=\"_blank\">TikToku<\/a>.<\/p>\n<p class=\"ods-c-paragraph \">Chcesz podzieli\u0107 si\u0119 ciekawym newsem lub zaproponowa\u0107 temat? Skontaktuj si\u0119 z nami, pisz\u0105c maila na adres: <a rel=\"nofollow noopener\" href=\"https:\/\/plejada.pl\/newsy\/tomasz-terlikowski-krytykuje-prezydenta-po-decyzji-w-sprawie-chanuki-nie-wystepuje\/mailto:plejada@redakcjaonet.pl\" id=\"29467a7a-88c1-4796-9be7-bb966f649c87\" target=\"_blank\">plejada@redakcjaon<\/a><a href=\"https:\/\/et.pl\" id=\"00f6f784-529d-4a72-bac8-445ce74b1dd0\" rel=\"nofollow noopener\" target=\"_blank\">et.pl<\/a>.<\/p>\n<p><script async src=\"\/\/www.instagram.com\/embed.js\"><\/script><script async src=\"\/\/www.tiktok.com\/embed.js\"><\/script><\/p>\n","protected":false},"excerpt":{"rendered":"Tomasz Terlikowski w opublikowanym na Facebooku fragmencie swojej opinii dla Wirtualnej Polski pisze wprost o &#8222;alt-rightyzacji prawicy&#8221;, kt\u00f3rej&hellip;\n","protected":false},"author":2,"featured_media":156133,"comment_status":"","ping_status":"","sticky":false,"template":"","format":"standard","meta":{"footnotes":""},"categories":[5],"tags":[2159,32,33,36,37,1008,27,9118,43,1006,34,35,20388,28,31,48,25,125,46,42,38,40,39,41,25865,47,30163,29,30,26,2665,31133],"class_list":{"0":"post-156132","1":"post","2":"type-post","3":"status-publish","4":"format-standard","5":"has-post-thumbnail","7":"category-naglowki","8":"tag-andrzej_duda","9":"tag-breaking-news","10":"tag-breakingnews","11":"tag-featured-news","12":"tag-featurednews","13":"tag-grzegorz_braun","14":"tag-headlines","15":"tag-jezus_chrystus","16":"tag-karol_nawrocki","17":"tag-konfederacja","18":"tag-latest-news","19":"tag-latestnews","20":"tag-lech_kaczynski","21":"tag-naglowki","22":"tag-najwazniejsze-artykuly","23":"tag-nat_styl","24":"tag-news","25":"tag-newsy","26":"tag-omp","27":"tag-pl","28":"tag-poland","29":"tag-polish","30":"tag-polska","31":"tag-polski","32":"tag-rebrand_ai_tst0","33":"tag-screening_general","34":"tag-tomasz_terlikowski","35":"tag-top-stories","36":"tag-topstories","37":"tag-wiadomosci","38":"tag-wiara","39":"tag-wielokulturowosc"},"share_on_mastodon":{"url":"","error":"Validation failed: Text character limit of 500 exceeded"},"_links":{"self":[{"href":"https:\/\/www.europesays.com\/pl\/wp-json\/wp\/v2\/posts\/156132","targetHints":{"allow":["GET"]}}],"collection":[{"href":"https:\/\/www.europesays.com\/pl\/wp-json\/wp\/v2\/posts"}],"about":[{"href":"https:\/\/www.europesays.com\/pl\/wp-json\/wp\/v2\/types\/post"}],"author":[{"embeddable":true,"href":"https:\/\/www.europesays.com\/pl\/wp-json\/wp\/v2\/users\/2"}],"replies":[{"embeddable":true,"href":"https:\/\/www.europesays.com\/pl\/wp-json\/wp\/v2\/comments?post=156132"}],"version-history":[{"count":0,"href":"https:\/\/www.europesays.com\/pl\/wp-json\/wp\/v2\/posts\/156132\/revisions"}],"wp:featuredmedia":[{"embeddable":true,"href":"https:\/\/www.europesays.com\/pl\/wp-json\/wp\/v2\/media\/156133"}],"wp:attachment":[{"href":"https:\/\/www.europesays.com\/pl\/wp-json\/wp\/v2\/media?parent=156132"}],"wp:term":[{"taxonomy":"category","embeddable":true,"href":"https:\/\/www.europesays.com\/pl\/wp-json\/wp\/v2\/categories?post=156132"},{"taxonomy":"post_tag","embeddable":true,"href":"https:\/\/www.europesays.com\/pl\/wp-json\/wp\/v2\/tags?post=156132"}],"curies":[{"name":"wp","href":"https:\/\/api.w.org\/{rel}","templated":true}]}}