{"id":156210,"date":"2025-12-17T15:34:09","date_gmt":"2025-12-17T15:34:09","guid":{"rendered":"https:\/\/www.europesays.com\/pl\/156210\/"},"modified":"2025-12-17T15:34:09","modified_gmt":"2025-12-17T15:34:09","slug":"katarzyna-pelczynska-nalecz-z-psem-w-sejmie-posel-pis-ostro-komentuje","status":"publish","type":"post","link":"https:\/\/www.europesays.com\/pl\/156210\/","title":{"rendered":"Katarzyna Pe\u0142czy\u0144ska-Na\u0142\u0119cz z psem w Sejmie. Pose\u0142 PiS ostro komentuje"},"content":{"rendered":"<p class=\"ods-c-paragraph \">W \u015brod\u0119 Sejm <a href=\"https:\/\/wiadomosci.onet.pl\/kraj\/sejm-zaglosuje-nad-prezydenckim-wetem-chodzi-o-ustawe-lancuchowa\/8ddp6tk\" id=\"4572f022-ec60-4c15-81bc-1f6096382536\" rel=\"nofollow noopener\" target=\"_blank\">spr\u00f3buje obali\u0107 weto Karola Nawrockiego w sprawie tzw. ustawy \u0142a\u0144cuchowej<\/a>. W my\u015bl przepis\u00f3w koalicja rz\u0105dz\u0105ca b\u0119dzie potrzebowa\u0142a do tego zwyci\u0119stwa w g\u0142osowaniu wi\u0119kszo\u015bci\u0105 3\/5 g\u0142os\u00f3w przy obecno\u015bci na sali co najmniej po\u0142owy ustawowej liczby pos\u0142\u00f3w.<\/p>\n<p>Dalszy ci\u0105g artyku\u0142u pod materia\u0142em wideo<\/p>\n<p> Dlaczego pos\u0142anka Pe\u0142czy\u0144ska-Na\u0142\u0119cz przyprowadzi\u0142a psa do Sejmu? <\/p>\n<p> Co s\u0105dzi Janusz Cieszy\u0144ski o akcji z psem? <\/p>\n<p> Jakie jest przeznaczenie ustawy \u0142a\u0144cuchowej? <\/p>\n<p> Dlaczego Nawrocki zawetowa\u0142 ustaw\u0119? <\/p>\n<p class=\"ods-c-paragraph \"><a href=\"https:\/\/wiadomosci.onet.pl\/kraj\/sejm-zaglosuje-nad-prezydenckim-wetem-chodzi-o-ustawe-lancuchowa\/8ddp6tk\" id=\"61a9f469-1641-44be-8c25-b7ddf89a1610\" rel=\"nofollow noopener\" target=\"_blank\">Nawrocki zawetowa\u0142 ustaw\u0119, bo w jego ocenie jej przepisy by\u0142y \u017ale przygotowane<\/a>, a proponowane normy niemo\u017cliwe do spe\u0142nienia. Propozycja zak\u0142ada\u0142a, \u017ce psy o masie ponad 30 kg musz\u0105 mie\u0107 kojce o powierzchni 20 m kw. &#8222;Kojce wielko\u015bci miejskich kawalerek to absurd&#8221; \u2014 powiedzia\u0142 prezydent.<\/p>\n<p>    Katarzyna Pe\u0142czy\u0144ska-Na\u0142\u0119cz wzi\u0119\u0142a do Sejmu psa<\/p>\n<p class=\"ods-c-paragraph \">Przed g\u0142osowaniem do Sejmu swojego psa wzi\u0119\u0142a odpowiedzialna za fundusze i polityk\u0119 regionaln\u0105 ministra Katarzyna Pe\u0142czy\u0144ska-Na\u0142\u0119cz. \u2014 Pies dzi\u015b jest tutaj wraz ze mn\u0105, bo dzi\u015b w Sejmie jest bardzo wa\u017cne g\u0142osowanie. Mam nadziej\u0119, \u017ce dzi\u0119ki temu gestowi pos\u0142owie zobacz\u0105 i wyobra\u017c\u0105 sobie, jak zwierz\u0119ta cierpi\u0105 na \u0142a\u0144cuchu. M\u00f3j Sherlock nigdy nie by\u0142 na \u0142a\u0144cuchu. Sko\u0144czymy z tym [z \u0142a\u0144cuchami] \u2014 m\u00f3wi\u0142a sejmowym dziennikarzom.<\/p>\n<p class=\"ods-c-paragraph \">Gest ministry z ramienia Polski 2050 skomentowa\u0142 na platformie X pose\u0142 PiS Janusz Cieszy\u0144ski. &#8222;Kiedy dzi\u015b w Sejmie Katarzyna Pe\u0142czy\u0144ska robi\u0142a propagand\u0119, obok trz\u0105s\u0142 si\u0119 ze stresu piesek, kt\u00f3rego przyprowadzi\u0142a jako \u017cywy rekwizyt. Nast\u0119pnie zabra\u0142a przera\u017conego zwierzaka do kamer&#8221; \u2014 napisa\u0142 na X.<\/p>\n<p class=\"ods-c-paragraph \">Jak doda\u0142, &#8222;wycieraj\u0105 sobie buzie mi\u0142o\u015bci\u0105 do zwierz\u0105t, a w praktyce kochaj\u0105 ogl\u0105da\u0107 swoje twarze&#8221;.<\/p>\n","protected":false},"excerpt":{"rendered":"W \u015brod\u0119 Sejm spr\u00f3buje obali\u0107 weto Karola Nawrockiego w sprawie tzw. ustawy \u0142a\u0144cuchowej. W my\u015bl przepis\u00f3w koalicja rz\u0105dz\u0105ca&hellip;\n","protected":false},"author":2,"featured_media":156211,"comment_status":"","ping_status":"","sticky":false,"template":"","format":"standard","meta":{"footnotes":""},"categories":[12],"tags":[32,33,36,37,27,18129,43,1657,49,34,35,28,31,48,25,46,42,38,40,39,202,41,47,29,30,26],"class_list":{"0":"post-156210","1":"post","2":"type-post","3":"status-publish","4":"format-standard","5":"has-post-thumbnail","7":"category-polska","8":"tag-breaking-news","9":"tag-breakingnews","10":"tag-featured-news","11":"tag-featurednews","12":"tag-headlines","13":"tag-janusz_cieszynski","14":"tag-karol_nawrocki","15":"tag-katarzyna_pelczynska_nalecz","16":"tag-kraj","17":"tag-latest-news","18":"tag-latestnews","19":"tag-naglowki","20":"tag-najwazniejsze-artykuly","21":"tag-nat_styl","22":"tag-news","23":"tag-omp","24":"tag-pl","25":"tag-poland","26":"tag-polish","27":"tag-polska","28":"tag-polska_2050","29":"tag-polski","30":"tag-screening_general","31":"tag-top-stories","32":"tag-topstories","33":"tag-wiadomosci"},"share_on_mastodon":{"url":"https:\/\/pubeurope.com\/@pl\/115735643142812665","error":""},"_links":{"self":[{"href":"https:\/\/www.europesays.com\/pl\/wp-json\/wp\/v2\/posts\/156210","targetHints":{"allow":["GET"]}}],"collection":[{"href":"https:\/\/www.europesays.com\/pl\/wp-json\/wp\/v2\/posts"}],"about":[{"href":"https:\/\/www.europesays.com\/pl\/wp-json\/wp\/v2\/types\/post"}],"author":[{"embeddable":true,"href":"https:\/\/www.europesays.com\/pl\/wp-json\/wp\/v2\/users\/2"}],"replies":[{"embeddable":true,"href":"https:\/\/www.europesays.com\/pl\/wp-json\/wp\/v2\/comments?post=156210"}],"version-history":[{"count":0,"href":"https:\/\/www.europesays.com\/pl\/wp-json\/wp\/v2\/posts\/156210\/revisions"}],"wp:featuredmedia":[{"embeddable":true,"href":"https:\/\/www.europesays.com\/pl\/wp-json\/wp\/v2\/media\/156211"}],"wp:attachment":[{"href":"https:\/\/www.europesays.com\/pl\/wp-json\/wp\/v2\/media?parent=156210"}],"wp:term":[{"taxonomy":"category","embeddable":true,"href":"https:\/\/www.europesays.com\/pl\/wp-json\/wp\/v2\/categories?post=156210"},{"taxonomy":"post_tag","embeddable":true,"href":"https:\/\/www.europesays.com\/pl\/wp-json\/wp\/v2\/tags?post=156210"}],"curies":[{"name":"wp","href":"https:\/\/api.w.org\/{rel}","templated":true}]}}