{"id":156212,"date":"2025-12-17T15:35:11","date_gmt":"2025-12-17T15:35:11","guid":{"rendered":"https:\/\/www.europesays.com\/pl\/156212\/"},"modified":"2025-12-17T15:35:11","modified_gmt":"2025-12-17T15:35:11","slug":"katastrofa-smolenska-jest-ruch-prokuratury-w-sprawie-sledztwa-i-antoniego-macierewicza-onet","status":"publish","type":"post","link":"https:\/\/www.europesays.com\/pl\/156212\/","title":{"rendered":"Katastrofa smole\u0144ska. Jest ruch prokuratury w sprawie \u015bledztwa i Antoniego Macierewicza &#8211; Onet"},"content":{"rendered":"<ol>\n<li><a href=\"https:\/\/news.google.com\/rss\/articles\/CBMi0gFBVV95cUxPb1VXTi1sa1AzcHpxUnd1QTlsaGM5U2hwb1FMWlFQUElJY1BRRlROeTJlbW81eW5sQTFKdGpQWm04QnU1SDUzajBnTG9SUmRxUy0tX0lVNVB4dlBRdWdFdFVXLXQzak4tNi1WVHFuQ3BsVWZ1MUlWVHpHTmJDa2dmRTBJdzJCZVdMQVF0MmVOVDhYcmxUOG5CbUpVMmxuLVFtSEFSZE5yaGZZcll1bjZ1cGRSOHA5cUVTY2hlNzQ3VlFFMUc0d2t6SXJCb1I1WWc1bnc?oc=5\" target=\"_blank\" rel=\"nofollow noopener\">Katastrofa smole\u0144ska. Jest ruch prokuratury w sprawie \u015bledztwa i Antoniego Macierewicza<\/a>&nbsp;&nbsp;Onet<\/li>\n<li><a href=\"https:\/\/news.google.com\/rss\/articles\/CBMiswFBVV95cUxQMHNxTGx4Z1NJT2RocDNNTnU1UkVOUmYxUnVrclR3djJsNEZaYWVXS2ZyS2hIUWJaenZGRHdFVVloVElKRlU2N250QlhCZG1TQkoxUGNud1ZHcHo3ZkkzWWxVUE9mNGlqRjVYU1hEa204QlRZR0R5dTJXTjJVdkZzWWJ2emhkOEpHZUx6TER6NmZ4dzhlenpYamhxblZ3Mk1rSUpNUmJlUXpYQmFUV1JiTEpXZw?oc=5\" target=\"_blank\" rel=\"nofollow noopener\">Antoniemu Macierewiczowi grozi kara wi\u0119zienia. Nowe informacje z prokuratury<\/a>&nbsp;&nbsp;Wydarzenia w INTERIA.PL<\/li>\n<li><a href=\"https:\/\/news.google.com\/rss\/articles\/CBMiqgFBVV95cUxQeTd3bmd5ZUNJYTA4dXp6c0FjY3hFUnZNT0htZWxHVERmS1pFQk9TUGgxbV9pLV85U1ppNHZvbHpaWWZNVnlFVk1ldjNfNGlQdFg2RE45SzhEbm1yV1dxcG4tQWVhZXA3RmlZZnBZOTRkRU1KeEczbHJTcngtOW80X2xROTJWOUk3OUdjSkppLUtJTkJjMGJWTFZNdmhPRUJLekpMX2FIZjZVUQ?oc=5\" target=\"_blank\" rel=\"nofollow noopener\">Prokuratura Krajowa: Jest akt oskar\u017cenia przeciwko Macierewiczowi<\/a>&nbsp;&nbsp;Wyborcza.pl<\/li>\n<li><a href=\"https:\/\/news.google.com\/rss\/articles\/CBMirAFBVV95cUxON0NZalNNeHQ0R1g0azNHUmlEQ0l4S3ZMVWdVZzhUU0huZ2JkLTZvb1dEWThjNUF2OEpPN0lTQl9ETGY3NWxIOFdyNEx5VlJKTHFjVzVpaGp2XzR2Qjhzb2ZzWlU0VFpoTy1pbko1TmtocmhUZklGSFllaEJLVW16OTZXWDAwMmQ1YTdHaG1nUFRWTU1Ib3lPV1dLRzZpTzdzNWtQdTZZeTkxdmdm?oc=5\" target=\"_blank\" rel=\"nofollow noopener\">Akt oskar\u017cenia wobec Antoniego Macierewicza. Prokuratura zabra\u0142a g\u0142os<\/a>&nbsp;&nbsp;Onet Wiadomo\u015bci<\/li>\n<li><a href=\"https:\/\/news.google.com\/rss\/articles\/CBMiqAFBVV95cUxOV2hnd09rdlZrdTFCdjZZVDhxNDJ4Y2k5RGIySFQtR1pMZ2hGbEtsOTc0OGZxaDhmQVdBUU9rZk1LZThsbHpVUmFsR2tVUmlFRUZzWlVIMGFvalJ2Ynd2dXBIRkJ1czJIX1JSX3AxSzk3QVozN2pGakVkNlBmRjREdG9ZQWVhTm90ejlWdWhZWnlMOTRjOHp1clJmQk1FTDlNY1poQTFHYTU?oc=5\" target=\"_blank\" rel=\"nofollow noopener\">Antoni Macierewicz oskar\u017cony. Uzasadnienie tajne<\/a>&nbsp;&nbsp;RMF24<\/li>\n<\/ol>\n","protected":false},"excerpt":{"rendered":"Katastrofa smole\u0144ska. Jest ruch prokuratury w sprawie \u015bledztwa i Antoniego Macierewicza&nbsp;&nbsp;Onet Antoniemu Macierewiczowi grozi kara wi\u0119zienia. Nowe informacje&hellip;\n","protected":false},"author":2,"featured_media":156213,"comment_status":"","ping_status":"","sticky":false,"template":"","format":"standard","meta":{"footnotes":""},"categories":[5],"tags":[7491,32,33,36,37,27,7451,34,35,28,31,53,25,52,68,51,55,42,38,40,39,41,47,29,30,65,50,26],"class_list":{"0":"post-156212","1":"post","2":"type-post","3":"status-publish","4":"format-standard","5":"has-post-thumbnail","7":"category-naglowki","8":"tag-antoni_macierewicz","9":"tag-breaking-news","10":"tag-breakingnews","11":"tag-featured-news","12":"tag-featurednews","13":"tag-headlines","14":"tag-katastrofa_smolenska_10_kwietnia_2010_r","15":"tag-latest-news","16":"tag-latestnews","17":"tag-naglowki","18":"tag-najwazniejsze-artykuly","19":"tag-new_header","20":"tag-news","21":"tag-onet3","22":"tag-onet3d","23":"tag-onet3d_2i","24":"tag-phx","25":"tag-pl","26":"tag-poland","27":"tag-polish","28":"tag-polska","29":"tag-polski","30":"tag-screening_general","31":"tag-top-stories","32":"tag-topstories","33":"tag-update_me","34":"tag-v2021","35":"tag-wiadomosci"},"share_on_mastodon":{"url":"https:\/\/pubeurope.com\/@pl\/115735647047120482","error":""},"_links":{"self":[{"href":"https:\/\/www.europesays.com\/pl\/wp-json\/wp\/v2\/posts\/156212","targetHints":{"allow":["GET"]}}],"collection":[{"href":"https:\/\/www.europesays.com\/pl\/wp-json\/wp\/v2\/posts"}],"about":[{"href":"https:\/\/www.europesays.com\/pl\/wp-json\/wp\/v2\/types\/post"}],"author":[{"embeddable":true,"href":"https:\/\/www.europesays.com\/pl\/wp-json\/wp\/v2\/users\/2"}],"replies":[{"embeddable":true,"href":"https:\/\/www.europesays.com\/pl\/wp-json\/wp\/v2\/comments?post=156212"}],"version-history":[{"count":0,"href":"https:\/\/www.europesays.com\/pl\/wp-json\/wp\/v2\/posts\/156212\/revisions"}],"wp:featuredmedia":[{"embeddable":true,"href":"https:\/\/www.europesays.com\/pl\/wp-json\/wp\/v2\/media\/156213"}],"wp:attachment":[{"href":"https:\/\/www.europesays.com\/pl\/wp-json\/wp\/v2\/media?parent=156212"}],"wp:term":[{"taxonomy":"category","embeddable":true,"href":"https:\/\/www.europesays.com\/pl\/wp-json\/wp\/v2\/categories?post=156212"},{"taxonomy":"post_tag","embeddable":true,"href":"https:\/\/www.europesays.com\/pl\/wp-json\/wp\/v2\/tags?post=156212"}],"curies":[{"name":"wp","href":"https:\/\/api.w.org\/{rel}","templated":true}]}}