{"id":156216,"date":"2025-12-17T15:37:14","date_gmt":"2025-12-17T15:37:14","guid":{"rendered":"https:\/\/www.europesays.com\/pl\/156216\/"},"modified":"2025-12-17T15:37:14","modified_gmt":"2025-12-17T15:37:14","slug":"mam-talent-z-nowym-jurorem-agustin-egurrola-zabral-glos-emocje-sa-ogromne","status":"publish","type":"post","link":"https:\/\/www.europesays.com\/pl\/156216\/","title":{"rendered":"Mam talent!&#8221; z nowym jurorem. Agustin Egurrola zabra\u0142 g\u0142os. &#8222;Emocje s\u0105 ogromne"},"content":{"rendered":"<p class=\"ods-c-paragraph \">&#8222;<a href=\"https:\/\/plejada.pl\/temat\/mam-talent-program-telewizyjny\/kldyq95\" id=\"a2c38156-62f1-4d8e-8364-c070ca358abf\" rel=\"nofollow noopener\" target=\"_blank\">Mam talent!<\/a>&#8221; bezapelacyjnie ju\u017c od kilkunastu lat jest najpopularniejszym i najch\u0119tniej ogl\u0105danym talent show w polskiej telewizji. Liczba widz\u00f3w, kt\u00f3rzy zasiadaj\u0105 przed telewizorami, co sezon jest liczona w milionach, a w programie wy\u0142oniono ju\u017c niejedn\u0105 gwiazd\u0119. Cho\u0107 sk\u0142ad ekipy &#8222;Mam talent!&#8221; przez lata ulega\u0142 wielu zmianom, postaciami, kt\u00f3re od pocz\u0105tku s\u0105 zwi\u0105zane z formatem, pozostaj\u0105 Agnieszka Chyli\u0144ska i Marcin Prokop. Wiosn\u0105 2026 r. za sto\u0142em jurorskim zasi\u0105dzie w\u0142a\u015bnie wspomniana dw\u00f3jka, a tak\u017ce Julia Wieniawa i Agustin Egurrola. Widzowie talent show dobrze znaj\u0105 choreografa, poniewa\u017c by\u0142 on cz\u0119\u015bci\u0105 sk\u0142adu jurorskiego w latach 2013-2019.<\/p>\n<p>Dalszy ci\u0105g artyku\u0142u pod materia\u0142em wideo<\/p>\n<p> Kiedy Agustin Egurrola wraca do 'Mam Talent&#8217;? <\/p>\n<p> Jakie niespodzianki zapowiada Agustin Egurrola? <\/p>\n<p> Kto jeszcze zasi\u0105dzie za sto\u0142em jurorskim w 'Mam Talent&#8217;? <\/p>\n<p> Dlaczego Agustin Egurrola przeszed\u0142 do Telewizji Polskiej? <\/p>\n<p>  &#8222;Mam talent!&#8221; z nowym jurorem. Agustin Egurrola zabra\u0142 g\u0142os: wielka rado\u015b\u0107<\/p>\n<p class=\"ods-c-paragraph \"><a href=\"https:\/\/plejada.pl\/temat\/agustin-egurrola\/yx5pd54\" id=\"cecb4b38-cabc-42da-8180-3e57e47cc390\" rel=\"nofollow noopener\" target=\"_blank\">Agustin Egurrola<\/a> nie ukrywa pozytywnych emocji zwi\u0105zanych z powrotem do &#8222;Mam talent!&#8221;. Choreograf przyznaje, \u017ce jest niezwykle szcz\u0119\u015bliwy, a widzowie mog\u0105 liczy\u0107 na nowo\u015bci i niejedn\u0105 niespodziank\u0119 w ramach jego powrotu do programu.<\/p>\n<blockquote class=\"ods-o-quota\">\n<p class=\"ods-o-quota__paragraph\">Oczywi\u015bcie, \u017ce emocje s\u0105 ogromne. Wielka rado\u015b\u0107, taki powr\u00f3t do domu. Nie by\u0142o mnie sze\u015b\u0107 lat, wi\u0119c jestem ogromne szcz\u0119\u015bliwy i b\u0119d\u0119 si\u0119 stara\u0142, \u017ceby ten program nabra\u0142 nowego blasku. To wszystko jest niespodziank\u0105, prosz\u0119 czeka\u0107. Na pewno b\u0119dzie mn\u00f3stwo niespodzianek, dlatego trzeba ogl\u0105da\u0107 program<\/p>\n<\/blockquote>\n<p class=\"ods-c-paragraph \">\u2014 wyjawia w rozmowie z Plejad\u0105.<\/p>\n<p class=\"ods-c-paragraph \">W 2021 r. Agustin Egurrola po latach wsp\u00f3\u0142pracy ze stacj\u0105 TVN zwi\u0105za\u0142 si\u0119 z Telewizj\u0105 Polsk\u0105, gdzie pojawi\u0142 si\u0119 w programach &#8222;Dance Dance Dance&#8221; i &#8222;You Can Dance \u2014 Nowa generacja&#8221; w roli jurora. Przej\u015bcie choreografa do konkurencyjnej stacji spotka\u0142o si\u0119 z oburzeniem opinii publicznej i wywo\u0142a\u0142o spore kontrowersje. Na pytanie, czy TVN wybaczy\u0142 mu &#8222;skok w bok&#8221; do TVP, tancerz odpowiada, \u017ce &#8222;nie by\u0142o na ten temat \u017cadnych rozm\u00f3w&#8221; ani negocjacji.<\/p>\n<blockquote class=\"ods-o-quota\">\n<p class=\"ods-o-quota__paragraph\">Ja my\u015bl\u0119, \u017ce to w og\u00f3le nie by\u0142o tematem \u017cadnej rozmowy. My\u015bl\u0119, \u017ce wszyscy s\u0105 bardzo zadowoleni i \u017ce to b\u0119dzie fajna edycja. Jest tak, jak by\u0142o<\/p>\n<\/blockquote>\n<p class=\"ods-c-paragraph \">\u2014 stwierdza w rozmowie z Plejad\u0105.<\/p>\n<p><img decoding=\"async\" src=\"https:\/\/www.europesays.com\/pl\/wp-content\/uploads\/2025\/12\/xqGk9lBaHR0cHM6Ly9vY2RuLmV1L3B1bHNjbXMvTURBXy9lMjgwZmQxYTY1NmJiOTRlMWRkN2JiODlmOGI0Y2EyMC5qcGeSlQMAA.jpeg\" height=\"625\" width=\"940\" alt=\"Jurorzy &quot;Mam talent!&quot; (2017 r.)\" loading=\"lazy\" class=\"ods-c-image__img ods-c-image__img--viewport-width\"\/><\/p>\n<p>Jurorzy &#8222;Mam talent!&#8221; (2017 r.)Piotr Andrzejczak \/ MW Media<\/p>\n<p> <img decoding=\"async\" src=\"https:\/\/www.europesays.com\/pl\/wp-content\/uploads\/2025\/12\/_J1k9lBaHR0cHM6Ly9vY2RuLmV1L3B1bHNjbXMvTURBXy8wMjVmODM2MmEwZGY0ZTM5ODdkZTNjZTQ5MTUzYzIwZi5qcGeSlQMAA.jpeg\" height=\"627\" width=\"940\" alt=\"Jurorzy &quot;Mam talent!&quot; (2019 r.)\" loading=\"lazy\" class=\"ods-c-image__img ods-c-image__img--viewport-width\"\/><\/p>\n<p>Jurorzy &#8222;Mam talent!&#8221; (2019 r.)Pawe\u0142 Wrzecion \/ MW Media<\/p>\n<p> <img decoding=\"async\" src=\"https:\/\/www.europesays.com\/pl\/wp-content\/uploads\/2025\/12\/N5Zk9lBaHR0cHM6Ly9vY2RuLmV1L3B1bHNjbXMvTURBXy8xMGVhMzJlZDkxNjUwMDU2NWEwYmE4OGU4YTM2OWZmZS5qcGeSlQMAA.jpeg\" height=\"626\" width=\"940\" alt=\"Jurorzy &quot;Mam talent!&quot; (2013 r.)\" loading=\"lazy\" class=\"ods-c-image__img ods-c-image__img--viewport-width\"\/><\/p>\n<p>Jurorzy &#8222;Mam talent!&#8221; (2013 r.)Pawe\u0142 Wrzecion \/ MW Media<\/p>\n<p> <img decoding=\"async\" src=\"https:\/\/www.europesays.com\/pl\/wp-content\/uploads\/2025\/12\/32Bk9lBaHR0cHM6Ly9vY2RuLmV1L3B1bHNjbXMvTURBXy9mYjAxNDI2MWM4Y2MyNjhlMDZkNjM2MzdlYzA3ODA0ZS5qcGeSlQMAA.jpeg\" height=\"625\" width=\"940\" alt=\"Jurorzy &quot;Mam talent!&quot; (2015 r.)\" loading=\"lazy\" class=\"ods-c-image__img ods-c-image__img--viewport-width\"\/><\/p>\n<p>Jurorzy &#8222;Mam talent!&#8221; (2015 r.)Piotr Andrzejczak \/ MW Media<\/p>\n<p class=\"ods-c-paragraph \">Dzi\u0119kujemy, \u017ce przeczyta\u0142a\u015b\/e\u015b nasz artyku\u0142 do ko\u0144ca. W serwisie Plejada.pl ka\u017cdego dnia piszemy o najwa\u017cniejszych wydarzeniach show-biznesowych. B\u0105d\u017a na bie\u017c\u0105co! <a rel=\"nofollow noopener\" href=\"https:\/\/profile.google.com\/cp\/Cg0vZy8xMWJ6X19wdHBx\" id=\"7db14578-a39e-4e9b-a2a2-ebaf8496e978\" target=\"_blank\">Obserwuj<\/a> Plejad\u0119 w Google. Odwied\u017a nas tak\u017ce na <a rel=\"nofollow noopener\" href=\"https:\/\/www.facebook.com\/plejadapl\" id=\"cf7425c1-a410-40ce-802e-bcf1c719d299\" target=\"_blank\">Facebooku<\/a>, <a rel=\"nofollow noopener\" href=\"https:\/\/www.instagram.com\/plejadapl\/\" id=\"f37b372c-55d4-48c1-8fad-658d7321efb9\" target=\"_blank\">Instagramie<\/a>, <a rel=\"nofollow noopener\" href=\"https:\/\/www.youtube.com\/c\/plejada\" id=\"ac377000-bc76-42b7-9e3f-3487fd1a67ff\" target=\"_blank\">YouTubie<\/a> oraz <a rel=\"nofollow noopener\" href=\"https:\/\/www.tiktok.com\/@plejada_pl\" id=\"a0bb8472-cb28-4db2-acc8-9ff4f4350c7a\" target=\"_blank\">TikToku<\/a>.<\/p>\n<p class=\"ods-c-paragraph \">Chcesz podzieli\u0107 si\u0119 ciekawym newsem lub zaproponowa\u0107 temat? Skontaktuj si\u0119 z nami, pisz\u0105c maila na adres: <a rel=\"nofollow noopener\" href=\"https:\/\/plejada.pl\/newsy\/mam-talent-z-nowym-jurorem-agustin-egurrola-zabral-glos-emocje-sa-ogromne\/mailto:plejada@redakcjaonet.pl\" id=\"b7b42884-6400-46e2-9bf2-8f52adfc5dad\" target=\"_blank\">plejada@redakcjaon<\/a><a href=\"https:\/\/et.pl\" id=\"c47dafe3-23ba-44c2-ab3d-2e120297ef24\" rel=\"nofollow noopener\" target=\"_blank\">et.pl<\/a>.<\/p>\n<p><script async src=\"\/\/www.instagram.com\/embed.js\"><\/script><script async src=\"\/\/www.tiktok.com\/embed.js\"><\/script><\/p>\n","protected":false},"excerpt":{"rendered":"&#8222;Mam talent!&#8221; bezapelacyjnie ju\u017c od kilkunastu lat jest najpopularniejszym i najch\u0119tniej ogl\u0105danym talent show w polskiej telewizji. Liczba&hellip;\n","protected":false},"author":2,"featured_media":156217,"comment_status":"","ping_status":"","sticky":false,"template":"","format":"standard","meta":{"footnotes":""},"categories":[22],"tags":[16832,31101,122,48,125,46,42,38,40,39,41,25199,123,47,318,338],"class_list":{"0":"post-156216","1":"post","2":"type-post","3":"status-publish","4":"format-standard","5":"has-post-thumbnail","7":"category-rozrywka","8":"tag-_mam_talent_","9":"tag-agustin_egurrola","10":"tag-entertainment","11":"tag-nat_styl","12":"tag-newsy","13":"tag-omp","14":"tag-pl","15":"tag-poland","16":"tag-polish","17":"tag-polska","18":"tag-polski","19":"tag-rebrand_ai_tst1","20":"tag-rozrywka","21":"tag-screening_general","22":"tag-tvn","23":"tag-tylko_w_plejadzie"},"share_on_mastodon":{"url":"https:\/\/pubeurope.com\/@pl\/115735655019010646","error":""},"_links":{"self":[{"href":"https:\/\/www.europesays.com\/pl\/wp-json\/wp\/v2\/posts\/156216","targetHints":{"allow":["GET"]}}],"collection":[{"href":"https:\/\/www.europesays.com\/pl\/wp-json\/wp\/v2\/posts"}],"about":[{"href":"https:\/\/www.europesays.com\/pl\/wp-json\/wp\/v2\/types\/post"}],"author":[{"embeddable":true,"href":"https:\/\/www.europesays.com\/pl\/wp-json\/wp\/v2\/users\/2"}],"replies":[{"embeddable":true,"href":"https:\/\/www.europesays.com\/pl\/wp-json\/wp\/v2\/comments?post=156216"}],"version-history":[{"count":0,"href":"https:\/\/www.europesays.com\/pl\/wp-json\/wp\/v2\/posts\/156216\/revisions"}],"wp:featuredmedia":[{"embeddable":true,"href":"https:\/\/www.europesays.com\/pl\/wp-json\/wp\/v2\/media\/156217"}],"wp:attachment":[{"href":"https:\/\/www.europesays.com\/pl\/wp-json\/wp\/v2\/media?parent=156216"}],"wp:term":[{"taxonomy":"category","embeddable":true,"href":"https:\/\/www.europesays.com\/pl\/wp-json\/wp\/v2\/categories?post=156216"},{"taxonomy":"post_tag","embeddable":true,"href":"https:\/\/www.europesays.com\/pl\/wp-json\/wp\/v2\/tags?post=156216"}],"curies":[{"name":"wp","href":"https:\/\/api.w.org\/{rel}","templated":true}]}}