{"id":156230,"date":"2025-12-17T15:46:11","date_gmt":"2025-12-17T15:46:11","guid":{"rendered":"https:\/\/www.europesays.com\/pl\/156230\/"},"modified":"2025-12-17T15:46:11","modified_gmt":"2025-12-17T15:46:11","slug":"luminar-oglasza-upadlosc-po-utracie-kontraktu-z-volvo-lider-rozwiazan-lidar-ma-powazne-problemy","status":"publish","type":"post","link":"https:\/\/www.europesays.com\/pl\/156230\/","title":{"rendered":"Luminar og\u0142asza upad\u0142o\u015b\u0107 po utracie kontraktu z Volvo. Lider rozwi\u0105za\u0144 LiDAR ma powa\u017cne problemy"},"content":{"rendered":"<ul class=\"ods-m-bullet-list\">\n<li class=\"ods-a-bullet ods-a-bullet--bold\"> Luminar Technologies og\u0142osi\u0142o upad\u0142o\u015b\u0107 po utracie kluczowego kontraktu z Volvo <\/li>\n<li class=\"ods-a-bullet ods-a-bullet--bold\"> Firma zmaga si\u0119 z zobowi\u0105zaniami si\u0119gaj\u0105cymi nawet 1 mld dol. i planuje sprzeda\u017c dzia\u0142u LiDAR <\/li>\n<li class=\"ods-a-bullet ods-a-bullet--bold\"> W ramach post\u0119powania upad\u0142o\u015bciowego sprzedano sp\u00f3\u0142k\u0119 Luminar Semiconductor za 110 mln dol <\/li>\n<li class=\"ods-a-bullet ods-a-bullet--bold\"> Zach\u0119camy do oddawania g\u0142os\u00f3w w ankiecie, kt\u00f3ra znajduje si\u0119 na ko\u0144cu artyku\u0142u <\/li>\n<li id=\"ods-a-bullet-czat-ai-summary\" data-section=\"ochat-summary-link\" class=\"ods-a-bullet ods-a-bullet--czatai\"> <a href=\"#\"><br \/>\n    Du\u017co czytania, a ma\u0142o czasu? Sprawd\u017a skr\u00f3t artyku\u0142u<br \/>\n<\/a> <\/li>\n<\/ul>\n<p> Skr\u00f3t przygotowany przez Onet Czat z AI, mo\u017ce zawiera\u0107 b\u0142\u0119dy. <\/p>\n<ul class=\"ods-m-inline-summary-container__list\">\n<li class=\"ods-m-inline-summary-container__list-item\"> Luminar Technologies, producent rozwi\u0105za\u0144 LiDAR, og\u0142osi\u0142 upad\u0142o\u015b\u0107 po utracie kontraktu z Volvo. <\/li>\n<li class=\"ods-m-inline-summary-container__list-item\"> Zobowi\u0105zania firmy szacowane s\u0105 na 500 milion\u00f3w do 1 miliarda dolar\u00f3w, a maj\u0105tek na 100-500 milion\u00f3w dolar\u00f3w. <\/li>\n<li class=\"ods-m-inline-summary-container__list-item\"> W ramach post\u0119powania upad\u0142o\u015bciowego Luminar sprzeda\u0142 swoj\u0105 sp\u00f3\u0142k\u0119 zale\u017cn\u0105 Luminar Semiconductor za 110 milion\u00f3w dolar\u00f3w. <\/li>\n<li class=\"ods-m-inline-summary-container__list-item\"> Volvo postanowi\u0142o wycofa\u0107 czujniki LiDAR w swoich modelach ES90 i EX90, co przyczyni\u0142o si\u0119 do zako\u0144czenia wsp\u00f3\u0142pracy. <\/li>\n<li class=\"ods-m-inline-summary-container__list-item\"> Luminar planuje kontynuowa\u0107 dzia\u0142alno\u015b\u0107 operacyjn\u0105 oraz wyp\u0142aty wynagrodze\u0144 dla pracownik\u00f3w podczas procesu upad\u0142o\u015bciowego. <\/li>\n<\/ul>\n<p>SPIS TRE\u015aCI<\/p>\n<ol class=\"ods-a-table-of-content__items\">\n<li class=\"ods-a-table-of-content__item\"><a href=\"#toc-jakie-sa-konsekwencje-decyzji-volvo-dla-luminar-technologies\" class=\"ods-a-table-of-content__link\">Jakie s\u0105 konsekwencje decyzji Volvo dla Luminar Technologies?<\/a><\/li>\n<li class=\"ods-a-table-of-content__item\"><a href=\"#toc-jaki-dzial-firmy-sprzedaje-luminar-technologies\" class=\"ods-a-table-of-content__link\">Jaki dzia\u0142 firmy sprzedaje Luminar Technologies?<\/a><\/li>\n<\/ol>\n<p class=\"ods-c-paragraph \">Wniosek o ochron\u0119 przed wierzycielami zosta\u0142 z\u0142o\u017cony przez Luminar Technologies na pocz\u0105tku tygodnia w S\u0105dzie Okr\u0119gowym Po\u0142udniowego Teksasu. Z dokument\u00f3w s\u0105dowych wynika, \u017ce maj\u0105tek firmy szacowany jest na 100\u2013500 mln dol. (nawet ok. 1,8 mld z\u0142), podczas gdy jej zobowi\u0105zania mieszcz\u0105 si\u0119 w przedziale od 500 mln do 1 mld dol do ok. 3,6 mld z\u0142). W ramach post\u0119powania upad\u0142o\u015bciowego Luminar Technologies zamierza sprzeda\u0107 sw\u00f3j dzia\u0142 zajmuj\u0105cy si\u0119 technologi\u0105 LiDAR, a ju\u017c teraz podpisa\u0142 umow\u0119 na sprzeda\u017c sp\u00f3\u0142ki zale\u017cnej Luminar Semiconductor za 110 mln dol. (ok. 395 mln z\u0142).<\/p>\n<p>Dalszy ci\u0105g artyku\u0142u pod materia\u0142em wideo<\/p>\n<p> Jakie by\u0142y zobowi\u0105zania Luminar Technologies? <\/p>\n<p> Co planuje sprzeda\u0107 Luminar Technologies? <\/p>\n<p> Jaka by\u0142a przyczyna zako\u0144czenia wsp\u00f3\u0142pracy z Volvo? <\/p>\n<p> Czy Luminar Technologies kontynuuje dzia\u0142alno\u015b\u0107 operacyjn\u0105? <\/p>\n<p class=\"ods-c-paragraph \">Firma zapewnia, \u017ce mimo trudnej sytuacji finansowej b\u0119dzie kontynuowa\u0107 dzia\u0142alno\u015b\u0107 operacyjn\u0105, w tym dostawy sprz\u0119tu i oprogramowania LiDAR do klient\u00f3w oraz wyp\u0142aty wynagrodze\u0144 i \u015bwiadcze\u0144 pracownikom przez ca\u0142y czas trwania procesu upad\u0142o\u015bciowego.<\/p>\n<p>   Jakie s\u0105 konsekwencje decyzji Volvo dla Luminar Technologies?<\/p>\n<p class=\"ods-c-paragraph \">W listopadzie Volvo og\u0142osi\u0142o, \u017ce w modelach ES90 i EX90 z roku modelowego 2026 nie b\u0119dzie ju\u017c dost\u0119pny czujnik LiDAR. Szwedzki producent t\u0142umaczy\u0142 t\u0119 decyzj\u0119 oczekiwaniami klient\u00f3w oraz ograniczon\u0105 dost\u0119pno\u015bci\u0105 sprz\u0119tu LiDAR. Dodatkowo Volvo wskaza\u0142o, \u017ce Luminar Technologies nie wywi\u0105za\u0142 si\u0119 z warunk\u00f3w umowy, co mia\u0142o wp\u0142yw na zako\u0144czenie wsp\u00f3\u0142pracy.<\/p>\n<p><img decoding=\"async\" src=\"https:\/\/www.europesays.com\/pl\/wp-content\/uploads\/2025\/12\/jSEk9lBaHR0cHM6Ly9vY2RuLmV1L3B1bHNjbXMvTURBXy9hZDFhMmNhMDc1NWM4M2MyNjQ4OWMyMTM0ZDNhYTYwZi5qcGeRlQLNB.jpeg\" height=\"924\" width=\"940\" alt=\"Volvo ES90\" loading=\"lazy\" class=\"ods-c-image__img ods-c-image__img--viewport-width\"\/><\/p>\n<p>Volvo ES90Volvo<\/p>\n<p class=\"ods-c-paragraph \">Nag\u0142e za\u0142amanie sytuacji Luminar Technologies nast\u0105pi\u0142o nied\u0142ugo po odej\u015bciu za\u0142o\u017cyciela Austina Russella ze stanowiska prezesa, co mia\u0142o miejsce siedem miesi\u0119cy temu. Firma, kt\u00f3ra debiutowa\u0142a na gie\u0142dzie pi\u0119\u0107 lat temu z wycen\u0105 przekraczaj\u0105c\u0105 3 mld dol., w kr\u00f3tkim czasie znalaz\u0142a si\u0119 w powa\u017cnych tarapatach finansowych.<\/p>\n<p>Jaki dzia\u0142 firmy sprzedaje Luminar Technologies?<\/p>\n<p class=\"ods-c-paragraph \">W ramach post\u0119powania upad\u0142o\u015bciowego Luminar Technologies planuje sprzeda\u017c swojego kluczowego dzia\u0142u technologicznego. Firma ju\u017c podpisa\u0142a umow\u0119 na sprzeda\u017c sp\u00f3\u0142ki zale\u017cnej Luminar Semiconductor za 110 mln dol. w got\u00f3wce. Prezes Luminar Technologies, Paul Ricci, przekaza\u0142, \u017ce po szczeg\u00f3\u0142owej analizie dost\u0119pnych mo\u017cliwo\u015bci zarz\u0105d uzna\u0142, i\u017c najlepszym rozwi\u0105zaniem b\u0119dzie sprzeda\u017c firmy pod nadzorem s\u0105du. Doda\u0142 r\u00f3wnie\u017c, \u017ce w trakcie tego procesu priorytetem pozostaje utrzymanie jako\u015bci, niezawodno\u015bci i poziomu obs\u0142ugi, do kt\u00f3rych przyzwyczajeni s\u0105 klienci.<\/p>\n<p>   <img decoding=\"async\" src=\"https:\/\/www.europesays.com\/pl\/wp-content\/uploads\/2025\/12\/biCk9lBaHR0cHM6Ly9vY2RuLmV1L3B1bHNjbXMvTURBXy85M2YzM2U0YWQ0Yjc4YmEwNmU4NWM0OWFiZmVmY2NhMi5qcGeRlQLNB.jpeg\" height=\"496\" width=\"940\" alt=\"Lidar Luminar\" loading=\"lazy\" class=\"ods-c-image__img ods-c-image__img--viewport-width\"\/><\/p>\n<p>Lidar LuminarVolvo<\/p>\n<p class=\"ods-c-paragraph \">Luminar Technologies zapowiada, \u017ce mimo trwaj\u0105cego post\u0119powania upad\u0142o\u015bciowego b\u0119dzie kontynuowa\u0107 dostawy sprz\u0119tu i oprogramowania LiDAR oraz wyp\u0142aca\u0107 wynagrodzenia pracownikom. Firma podkre\u015bla, \u017ce w ostatnich sze\u015bciu miesi\u0105cach podj\u0119to zdecydowane dzia\u0142ania maj\u0105ce na celu popraw\u0119 dyscypliny operacyjnej, uproszczenie struktury koszt\u00f3w i precyzyjniejsze okre\u015blenie kierunk\u00f3w strategicznych. Jednak, jak zaznaczy\u0142 Ricci, zobowi\u0105zania z przesz\u0142o\u015bci oraz tempo wdra\u017cania technologii na rynku utrudnia\u0142y prowadzenie dzia\u0142alno\u015bci w spos\u00f3b zr\u00f3wnowa\u017cony.<\/p>\n","protected":false},"excerpt":{"rendered":"Luminar Technologies og\u0142osi\u0142o upad\u0142o\u015b\u0107 po utracie kluczowego kontraktu z Volvo Firma zmaga si\u0119 z zobowi\u0105zaniami si\u0119gaj\u0105cymi nawet 1&hellip;\n","protected":false},"author":2,"featured_media":156231,"comment_status":"","ping_status":"","sticky":false,"template":"","format":"standard","meta":{"footnotes":""},"categories":[16],"tags":[210,113,112,31138,48,46,42,38,40,39,41,25199,47,9996,26],"class_list":{"0":"post-156230","1":"post","2":"type-post","3":"status-publish","4":"format-standard","5":"has-post-thumbnail","7":"category-biznes","8":"tag-aktualnosci","9":"tag-biznes","10":"tag-business","11":"tag-lidar","12":"tag-nat_styl","13":"tag-omp","14":"tag-pl","15":"tag-poland","16":"tag-polish","17":"tag-polska","18":"tag-polski","19":"tag-rebrand_ai_tst1","20":"tag-screening_general","21":"tag-volvo","22":"tag-wiadomosci"},"share_on_mastodon":{"url":"https:\/\/pubeurope.com\/@pl\/115735690609801874","error":""},"_links":{"self":[{"href":"https:\/\/www.europesays.com\/pl\/wp-json\/wp\/v2\/posts\/156230","targetHints":{"allow":["GET"]}}],"collection":[{"href":"https:\/\/www.europesays.com\/pl\/wp-json\/wp\/v2\/posts"}],"about":[{"href":"https:\/\/www.europesays.com\/pl\/wp-json\/wp\/v2\/types\/post"}],"author":[{"embeddable":true,"href":"https:\/\/www.europesays.com\/pl\/wp-json\/wp\/v2\/users\/2"}],"replies":[{"embeddable":true,"href":"https:\/\/www.europesays.com\/pl\/wp-json\/wp\/v2\/comments?post=156230"}],"version-history":[{"count":0,"href":"https:\/\/www.europesays.com\/pl\/wp-json\/wp\/v2\/posts\/156230\/revisions"}],"wp:featuredmedia":[{"embeddable":true,"href":"https:\/\/www.europesays.com\/pl\/wp-json\/wp\/v2\/media\/156231"}],"wp:attachment":[{"href":"https:\/\/www.europesays.com\/pl\/wp-json\/wp\/v2\/media?parent=156230"}],"wp:term":[{"taxonomy":"category","embeddable":true,"href":"https:\/\/www.europesays.com\/pl\/wp-json\/wp\/v2\/categories?post=156230"},{"taxonomy":"post_tag","embeddable":true,"href":"https:\/\/www.europesays.com\/pl\/wp-json\/wp\/v2\/tags?post=156230"}],"curies":[{"name":"wp","href":"https:\/\/api.w.org\/{rel}","templated":true}]}}