{"id":156279,"date":"2025-12-17T16:12:14","date_gmt":"2025-12-17T16:12:14","guid":{"rendered":"https:\/\/www.europesays.com\/pl\/156279\/"},"modified":"2025-12-17T16:12:14","modified_gmt":"2025-12-17T16:12:14","slug":"anna-mucha-wygrala-w-sadzie-prezent-swiateczny","status":"publish","type":"post","link":"https:\/\/www.europesays.com\/pl\/156279\/","title":{"rendered":"Anna Mucha wygra\u0142a w s\u0105dzie. &#8222;Prezent \u015bwi\u0105teczny&#8221;"},"content":{"rendered":"<p class=\"ods-c-paragraph \"><a href=\"https:\/\/plejada.pl\/temat\/anna-mucha-aktorka\/g11e3hb\" id=\"e0098df0-b459-4a82-92cc-453fd7840712\" rel=\"nofollow noopener\" target=\"_blank\">Anna Mucha <\/a>podzieli\u0142a si\u0119 na Instagramie radosn\u0105 nowin\u0105 \u2014 w pierwszej instancji wygra\u0142a spraw\u0119 dotycz\u0105c\u0105 kredytu we frankach szwajcarskich. Cho\u0107 to dopiero pocz\u0105tek s\u0105dowej batalii, aktorka nie kryje satysfakcji i nazywa wyrok &#8222;\u015bwi\u0105tecznym prezentem&#8221;.<\/p>\n<p class=\"ods-c-paragraph \">Polecamy: <a href=\"https:\/\/plejada.pl\/newsy\/anna-mucha-w-walkach-na-antenie-dzien-dobry-tvn-o-tej-porze-tak-wygladac\/29fjee5\" id=\"9d8e2c64-9593-4487-b70a-09a8998013dd\" rel=\"nofollow noopener\" target=\"_blank\">Anna Mucha wskoczy\u0142a do kuchni &#8222;Dzie\u0144 dobry TVN&#8221;&#8230; w wa\u0142kach i szlafroku. &#8222;Stara\u0142am si\u0119&#8221;<\/a><\/p>\n<p class=\"ods-c-paragraph \">Anna Mucha 17 grudnia podzieli\u0142a si\u0119 nagraniem, na kt\u00f3rym wida\u0107 j\u0105 w pe\u0142ni rozpromienion\u0105 i szcz\u0119\u015bliw\u0105.<\/p>\n<blockquote class=\"ods-o-quota\">\n<p class=\"ods-o-quota__paragraph\">Kochani, co to jest za passa! Chcia\u0142am w\u0142a\u015bnie powiedzie\u0107, \u017ce uda\u0142o mi si\u0119 wygra\u0107 pierwsz\u0105 spraw\u0119. Ja wiem, \u017ce jest to pierwszy secik, je\u017celi chodzi o spraw\u0119 frankow\u0105<\/p>\n<\/blockquote>\n<p class=\"ods-c-paragraph \">\u2014 powiedzia\u0142a.<\/p>\n<p>Dalszy ci\u0105g artyku\u0142u pod materia\u0142em wideo<\/p>\n<p> Jak\u0105 spraw\u0119 wygra\u0142a Anna Mucha? <\/p>\n<p> Co aktorka przekaza\u0142a innym frankowiczom? <\/p>\n<p> Jak Anna Mucha okre\u015bli\u0142a wyrok s\u0105du? <\/p>\n<p> Kto jeszcze ma problemy z kredytami we frankach? <\/p>\n<p>  Anna Mucha wygra\u0142a w s\u0105dzie<\/p>\n<p class=\"ods-c-paragraph \">P\u00f3\u017aniej aktorka zwr\u00f3ci\u0142a si\u0119 do frankowicz\u00f3w.<\/p>\n<blockquote class=\"ods-o-quota\">\n<p class=\"ods-o-quota__paragraph\">Zach\u0119cam was bardzo serdecznie do tego, \u017ceby\u015bcie przejrzeli swoje umowy kredytowe. \u017beby\u015bcie zobaczyli, czy po prostu przypadkiem nie kryje si\u0119 tam taki pi\u0119kny prezent \u015bwi\u0105teczny<\/p>\n<\/blockquote>\n<blockquote class=\"ods-o-quota\">\n<p class=\"ods-o-quota__paragraph\"> kto tak ta\u0144czy z rana, kto tak ta\u0144czy z rana? Ja i kancelaria<\/p>\n<\/blockquote>\n<p class=\"ods-c-paragraph \">\u2014 doda\u0142a.<\/p>\n<p class=\"ods-c-paragraph \">W\u015br\u00f3d os\u00f3b zmagaj\u0105cych si\u0119 z kredytami we frankach znale\u017ali si\u0119 r\u00f3wnie\u017c Edyta Olsz\u00f3wka, Tomasz Karolak, Joanna Racewicz, Robert Moskwa, Ewa Kasprzyk i Borys Szyc.<\/p>\n<p class=\"ods-c-paragraph \">Przeczytaj tak\u017ce: <a href=\"https:\/\/plejada.pl\/zdjecia-gwiazd\/zjawiskowa-anna-mucha-na-25-leciu-m-jak-milosc-gleboki-dekolt-przykul-uwage\/74mms8v\" id=\"35feb320-6654-411a-be74-ea7e1ebd1b5d\" rel=\"nofollow noopener\" target=\"_blank\">Zjawiskowa Anna Mucha na 25-leciu &#8222;M jak mi\u0142o\u015b\u0107&#8221;. G\u0142\u0119boki dekolt przyku\u0142 uwag\u0119<\/a><\/p>\n<p><img decoding=\"async\" src=\"https:\/\/www.europesays.com\/pl\/wp-content\/uploads\/2025\/12\/O2rk9lBaHR0cHM6Ly9vY2RuLmV1L3B1bHNjbXMvTURBXy8xYWI5ODM5MjQ1YTgzZDJjYzhlYjNkYjhmZjkwZWQwYS5wbmeRlQLNA.jpeg\" height=\"529\" width=\"940\" alt=\"InstaStory z profilu Anny Muchy\" loading=\"lazy\" class=\"ods-c-image__img ods-c-image__img--vertical\"\/><\/p>\n<p>InstaStory z profilu Anny MuchyInstagram<\/p>\n<p class=\"ods-c-paragraph \">Dzi\u0119kujemy, \u017ce przeczyta\u0142a\u015b\/e\u015b nasz artyku\u0142 do ko\u0144ca. W serwisie Plejada.pl ka\u017cdego dnia piszemy o najwa\u017cniejszych wydarzeniach show-biznesowych. B\u0105d\u017a na bie\u017c\u0105co! <a rel=\"nofollow noopener\" href=\"https:\/\/profile.google.com\/cp\/Cg0vZy8xMWJ6X19wdHBx\" id=\"1d456b0d-fd3f-4407-a434-1b09b22bb94a\" target=\"_blank\">Obserwuj<\/a> Plejad\u0119 w Wiadomo\u015bciach Google. Odwied\u017a nas tak\u017ce na <a rel=\"nofollow noopener\" href=\"https:\/\/www.facebook.com\/plejadapl\" id=\"0ce6fe23-3c63-4404-b74b-2cc72417d1d3\" target=\"_blank\">Facebooku<\/a>, <a rel=\"nofollow noopener\" href=\"https:\/\/www.instagram.com\/plejadapl\/\" id=\"1044a329-f826-47b0-9678-4e0826ef8d46\" target=\"_blank\">Instagramie<\/a>, <a rel=\"nofollow noopener\" href=\"https:\/\/www.youtube.com\/c\/plejada\" id=\"b4cfa727-ba90-4287-98e2-54951f64f8b4\" target=\"_blank\">YouTube<\/a> oraz <a rel=\"nofollow noopener\" href=\"https:\/\/www.tiktok.com\/@plejada_pl\" id=\"ffd81920-0f2b-47e6-8cdc-deb916bac15a\" target=\"_blank\">TikToku<\/a>.<\/p>\n<p class=\"ods-c-paragraph \">Chcesz podzieli\u0107 si\u0119 ciekawym newsem lub zaproponowa\u0107 temat? Skontaktuj si\u0119 z nami, pisz\u0105c e-maila na adres: <a rel=\"nofollow noopener\" href=\"https:\/\/plejada.pl\/newsy\/anna-mucha-wygrala-w-sadzie-prezent-swiateczny\/mailto:plejada@redakcjaonet.pl\" id=\"de938314-a0c0-4e95-a7ab-cae3e75136da\" target=\"_blank\">plejada@redakcjaonet.pl<\/a>.<\/p>\n<p><script async src=\"\/\/www.instagram.com\/embed.js\"><\/script><script async src=\"\/\/www.tiktok.com\/embed.js\"><\/script><\/p>\n","protected":false},"excerpt":{"rendered":"Anna Mucha podzieli\u0142a si\u0119 na Instagramie radosn\u0105 nowin\u0105 \u2014 w pierwszej instancji wygra\u0142a spraw\u0119 dotycz\u0105c\u0105 kredytu we frankach&hellip;\n","protected":false},"author":2,"featured_media":156280,"comment_status":"","ping_status":"","sticky":false,"template":"","format":"standard","meta":{"footnotes":""},"categories":[22],"tags":[6951,122,48,125,46,42,38,40,39,41,25865,123,47],"class_list":{"0":"post-156279","1":"post","2":"type-post","3":"status-publish","4":"format-standard","5":"has-post-thumbnail","7":"category-rozrywka","8":"tag-anna_mucha","9":"tag-entertainment","10":"tag-nat_styl","11":"tag-newsy","12":"tag-omp","13":"tag-pl","14":"tag-poland","15":"tag-polish","16":"tag-polska","17":"tag-polski","18":"tag-rebrand_ai_tst0","19":"tag-rozrywka","20":"tag-screening_general"},"share_on_mastodon":{"url":"https:\/\/pubeurope.com\/@pl\/115735792980550137","error":""},"_links":{"self":[{"href":"https:\/\/www.europesays.com\/pl\/wp-json\/wp\/v2\/posts\/156279","targetHints":{"allow":["GET"]}}],"collection":[{"href":"https:\/\/www.europesays.com\/pl\/wp-json\/wp\/v2\/posts"}],"about":[{"href":"https:\/\/www.europesays.com\/pl\/wp-json\/wp\/v2\/types\/post"}],"author":[{"embeddable":true,"href":"https:\/\/www.europesays.com\/pl\/wp-json\/wp\/v2\/users\/2"}],"replies":[{"embeddable":true,"href":"https:\/\/www.europesays.com\/pl\/wp-json\/wp\/v2\/comments?post=156279"}],"version-history":[{"count":0,"href":"https:\/\/www.europesays.com\/pl\/wp-json\/wp\/v2\/posts\/156279\/revisions"}],"wp:featuredmedia":[{"embeddable":true,"href":"https:\/\/www.europesays.com\/pl\/wp-json\/wp\/v2\/media\/156280"}],"wp:attachment":[{"href":"https:\/\/www.europesays.com\/pl\/wp-json\/wp\/v2\/media?parent=156279"}],"wp:term":[{"taxonomy":"category","embeddable":true,"href":"https:\/\/www.europesays.com\/pl\/wp-json\/wp\/v2\/categories?post=156279"},{"taxonomy":"post_tag","embeddable":true,"href":"https:\/\/www.europesays.com\/pl\/wp-json\/wp\/v2\/tags?post=156279"}],"curies":[{"name":"wp","href":"https:\/\/api.w.org\/{rel}","templated":true}]}}