{"id":156289,"date":"2025-12-17T16:17:14","date_gmt":"2025-12-17T16:17:14","guid":{"rendered":"https:\/\/www.europesays.com\/pl\/156289\/"},"modified":"2025-12-17T16:17:14","modified_gmt":"2025-12-17T16:17:14","slug":"partia-brauna-wyprzedzila-konfederacje-zwiezly-komentarz-radoslawa-sikorskiego-onet","status":"publish","type":"post","link":"https:\/\/www.europesays.com\/pl\/156289\/","title":{"rendered":"Partia Brauna wyprzedzi\u0142a Konfederacj\u0119. Zwi\u0119z\u0142y komentarz Rados\u0142awa Sikorskiego &#8211; Onet"},"content":{"rendered":"<ol>\n<li><a href=\"https:\/\/news.google.com\/rss\/articles\/CBMi2AFBVV95cUxNdE1BWDdHUmZhS29QdGpjZ2FCbGxWMmZCOVNxRmxSSWM5UDN3WE4yZmtTNlpkS2xUNm04VnhCNGFQalljRmR5Y2JmTVUyd3lyOFkzM0FqdnJVOHU5UXZSV1VnZ1poczQtay1kTkhkNndjcFhBREtid0NPVnl3VkFzRl9HLVdaWG5pa0RvTncxSDZaLXNJWF9NT2NrN3BxN18xczBOV1dScHRPZXN5aHVqQ2hZLXA1dTMyS1FGb2NHQ3ZJb2RWTmdTNkpFbFIzeGJVVldZWWRvNDE?oc=5\" target=\"_blank\" rel=\"nofollow noopener\">Partia Brauna wyprzedzi\u0142a Konfederacj\u0119. Zwi\u0119z\u0142y komentarz Rados\u0142awa Sikorskiego<\/a>&nbsp;&nbsp;Onet<\/li>\n<li><a href=\"https:\/\/news.google.com\/rss\/articles\/CBMiugFBVV95cUxQVVd3UDVfSnVCM3ZodmhNSkNvNnNoUXBJelNfUHhFa0VrbEwyNnA1Vkk2WVpyQ3djdUFqUUlNZGZaalpDWFRCa0hXQzJLMmNJWk9icWUtczFmTnVvUHJJMzZkdWhDT1hwR3N6bk8walNlREV2MHU2SnlMMFZSLWhDQkpFRGFGVWhIczA1TlBUZGQ2U3VoTmpjcEp5azl6eXRDU1RPdFVSQWN2RFF2aVNGY3dSYi1BbFBDX3c?oc=5\" target=\"_blank\" rel=\"nofollow noopener\">&#8222;Mentzen pope\u0142ni\u0142 grzech pychy&#8221;. By\u0142y polityk Konfederacji o sensacyjnym sonda\u017cu<\/a>&nbsp;&nbsp;Gazeta<\/li>\n<li><a href=\"https:\/\/news.google.com\/rss\/articles\/CBMisgFBVV95cUxQVmw5VndSY3FmOTBrYzlXbEtLZk1PSjczaHlIRnJxOVZaUFdwaEpINWtTaVhRa2hoMFZ1c3R0ek41akgtUmlEX25OX0d6TWloNUt2alJOM2dXV1FhdE8xLS1VQldxQ0tZaWx1WEtIQ3g5TmVfUFVYOEM2d1lCSkJnMjdRSFJ4NzV3V2xscVBaVXNiQ0x1SVV2NE43dGdXbHp6Zi1lYjFRLTNxdF92c1lvRzB3?oc=5\" target=\"_blank\" rel=\"nofollow noopener\">&#8222;Jeste\u015bmy gotowi&#8221;. Bosak komentuje sensacyjny sonda\u017c z Braunem na podium<\/a>&nbsp;&nbsp;WP Wiadomo\u015bci<\/li>\n<li><a href=\"https:\/\/news.google.com\/rss\/articles\/CBMiswFBVV95cUxQLU9JN0otNnVmUnRoQ2NIamFTT2kzVjU0cHI5SDVXa08yUEwzNEwxZlBRQW5QZVlzdWdZek9mYS1HNTk1ZUc1NS14TVcxZGh4RFhYMTNEbEc4V1VxQzFiSDBvcHBpbzV6NGFXYVVYN3dFa3pCem02cHd6azVISzRNa1FvdnZPZWlOOXl0bnh0OEpDOHcwbHZwdWc4LWtHRU1mRVZwX0lTOHpvUmZ5bk1EdzE1VQ?oc=5\" target=\"_blank\" rel=\"nofollow noopener\">Sensacja w najnowszym sonda\u017cu. Partia Brauna wyprzeda Konfederacj\u0119. W oczy rzuca si\u0119 jedna grupa wyborc\u00f3w<\/a>&nbsp;&nbsp;Wydarzenia w INTERIA.PL<\/li>\n<li><a href=\"https:\/\/news.google.com\/rss\/articles\/CBMiwAFBVV95cUxPeHB3Mm80a2NMMU1WT2Z6NWlGVjkzWGJNcWhhV1NoTkNpblo4MFFjMEs5TURrTGh3bVdBWEtSQ2hIU3JVbFc5R2pTNEZUSVF4enhwUkxHSHRSM3N3Szg5N2hBcnNIZkMzQ0VmdjNfVE03dXlEaExXc0tJTTBrUWZMMWZNVjlnRUxlZkdpRm5iLWg3TVppdFQ2SWxnTnoyODlNOUZraE50RUlIcW1LdVhmOXM1a0o1ZXl4SlNiYXRMVUE?oc=5\" target=\"_blank\" rel=\"nofollow noopener\">Braun straszy z podium sonda\u017cu, ale w Konfederacji si\u0119 nie boj\u0105. &#8222;Mamy dobre relacje&#8221;<\/a>&nbsp;&nbsp;Gazeta<\/li>\n<\/ol>\n","protected":false},"excerpt":{"rendered":"Partia Brauna wyprzedzi\u0142a Konfederacj\u0119. Zwi\u0119z\u0142y komentarz Rados\u0142awa Sikorskiego&nbsp;&nbsp;Onet &#8222;Mentzen pope\u0142ni\u0142 grzech pychy&#8221;. By\u0142y polityk Konfederacji o sensacyjnym sonda\u017cu&nbsp;&nbsp;Gazeta&hellip;\n","protected":false},"author":2,"featured_media":156290,"comment_status":"","ping_status":"","sticky":false,"template":"","format":"standard","meta":{"footnotes":""},"categories":[5],"tags":[32,33,36,37,66,7514,27,67,867,34,35,28,31,53,25,52,68,51,55,42,38,40,39,41,1534,47,29,30,50,26],"class_list":{"0":"post-156289","1":"post","2":"type-post","3":"status-publish","4":"format-standard","5":"has-post-thumbnail","7":"category-naglowki","8":"tag-breaking-news","9":"tag-breakingnews","10":"tag-featured-news","11":"tag-featurednews","12":"tag-give_me_perspective","13":"tag-grzegorz_braun_polityk_rezyser","14":"tag-headlines","15":"tag-intextvideo_splayer","16":"tag-konfederacja_partia_polityczna","17":"tag-latest-news","18":"tag-latestnews","19":"tag-naglowki","20":"tag-najwazniejsze-artykuly","21":"tag-new_header","22":"tag-news","23":"tag-onet3","24":"tag-onet3d","25":"tag-onet3d_2i","26":"tag-phx","27":"tag-pl","28":"tag-poland","29":"tag-polish","30":"tag-polska","31":"tag-polski","32":"tag-radoslaw_sikorski_polityk","33":"tag-screening_general","34":"tag-top-stories","35":"tag-topstories","36":"tag-v2021","37":"tag-wiadomosci"},"share_on_mastodon":{"url":"","error":"Validation failed: Text character limit of 500 exceeded"},"_links":{"self":[{"href":"https:\/\/www.europesays.com\/pl\/wp-json\/wp\/v2\/posts\/156289","targetHints":{"allow":["GET"]}}],"collection":[{"href":"https:\/\/www.europesays.com\/pl\/wp-json\/wp\/v2\/posts"}],"about":[{"href":"https:\/\/www.europesays.com\/pl\/wp-json\/wp\/v2\/types\/post"}],"author":[{"embeddable":true,"href":"https:\/\/www.europesays.com\/pl\/wp-json\/wp\/v2\/users\/2"}],"replies":[{"embeddable":true,"href":"https:\/\/www.europesays.com\/pl\/wp-json\/wp\/v2\/comments?post=156289"}],"version-history":[{"count":0,"href":"https:\/\/www.europesays.com\/pl\/wp-json\/wp\/v2\/posts\/156289\/revisions"}],"wp:featuredmedia":[{"embeddable":true,"href":"https:\/\/www.europesays.com\/pl\/wp-json\/wp\/v2\/media\/156290"}],"wp:attachment":[{"href":"https:\/\/www.europesays.com\/pl\/wp-json\/wp\/v2\/media?parent=156289"}],"wp:term":[{"taxonomy":"category","embeddable":true,"href":"https:\/\/www.europesays.com\/pl\/wp-json\/wp\/v2\/categories?post=156289"},{"taxonomy":"post_tag","embeddable":true,"href":"https:\/\/www.europesays.com\/pl\/wp-json\/wp\/v2\/tags?post=156289"}],"curies":[{"name":"wp","href":"https:\/\/api.w.org\/{rel}","templated":true}]}}