{"id":156303,"date":"2025-12-17T16:24:12","date_gmt":"2025-12-17T16:24:12","guid":{"rendered":"https:\/\/www.europesays.com\/pl\/156303\/"},"modified":"2025-12-17T16:24:12","modified_gmt":"2025-12-17T16:24:12","slug":"europa-ma-plan-przy-pilnowaniu-rosjan-niemcy-sa-gotowi-strzelac","status":"publish","type":"post","link":"https:\/\/www.europesays.com\/pl\/156303\/","title":{"rendered":"Europa ma plan przy pilnowaniu Rosjan. Niemcy s\u0105 gotowi strzela\u0107"},"content":{"rendered":"<p class=\"hyphenate \" data-text-len=\"556\" data-scroll=\"paragraph_2\">W\u015br\u00f3d gwarancji bezpiecze\u0144stwa dla <a href=\"https:\/\/forsal.pl\/tagi\/ukraina\" id=\"acd7d32f-656c-4601-a014-95aaaa474f1e\" title=\"Ukraina\" rel=\"nofollow noopener\" target=\"_blank\">Ukrainy<\/a>, uzgodnionych mi\u0119dzy USA i Europ\u0105, znajduje si\u0119 kierowana przez Europ\u0119 i wspierana przez USA wojskowa misja ch\u0119tnych do tego kraj\u00f3w, dzia\u0142aj\u0105ca tak\u017ce na terytorium Ukrainy \u2014 wynika o\u015bwiadczenia kraj\u00f3w europejskich po szczycie w Berlinie. Uczestnicy rozm\u00f3w zgodzili si\u0119 tak\u017ce, \u017ce zapewni\u0105 wsparcie w utrzymaniu liczebno\u015bci armii na poziomie 800 tys. \u017co\u0142nierzy.<\/p>\n<p>    Misja pokojowa na Ukrainie. Niemcy s\u0105 gotowi wys\u0142a\u0107 swoje wojska<\/p>\n<p class=\"hyphenate \" data-text-len=\"482\" data-scroll=\"paragraph_4\">Do misji takiej mog\u0142oby doj\u015b\u0107 oczywi\u015bcie dopiero po zawarciu pokoju. W praktyce oznacza\u0142oby to, \u017ce europejskie si\u0142y nie pe\u0142ni\u0142yby jedynie funkcji doradczej czy szkoleniowej, lecz mia\u0142yby realny mandat do reagowania na potencjalne naruszenia zawieszenia broni przez Rosj\u0119. \u2013 Zabezpieczyliby\u015bmy stref\u0119 zdemilitaryzowan\u0105 mi\u0119dzy walcz\u0105cymi stronami i, m\u00f3wi\u0105c bardzo konkretnie, reagowaliby\u015bmy r\u00f3wnie\u017c na rosyjskie wtargni\u0119cia i ataki \u2013 podkre\u015bla Fredrich Merz.<\/p>\n<p class=\"hyphenate \" data-text-len=\"298\" data-scroll=\"paragraph_5\">Kanclerz Niemiec dodaje, \u017ce decyzje maj\u0105 fundamentalne znaczenie dla bezpiecze\u0144stwa ca\u0142ego regionu. \u2013 Je\u017celi nie podejmiemy teraz decyzji, kt\u00f3re mog\u0142yby powstrzyma\u0107 post\u0119p rosyjskiej armii, to kiedy to zrobimy? \u2013 pyta Merz, wskazuj\u0105c na konieczno\u015b\u0107 podj\u0119cia zdecydowanych krok\u00f3w ju\u017c teraz.<\/p>\n<p>    Rosja m\u00f3wi &#8222;nie&#8221;, Europa szykuje \u017co\u0142nierzy, aby przypilnowa\u0107 pokoju<\/p>\n<p class=\"hyphenate \" data-text-len=\"487\" data-scroll=\"paragraph_7\">Problem polega na tym, \u017ce Rosja nie zgodzi\u0142a si\u0119 dot\u0105d ani na zawieszenie broni, ani na obecno\u015b\u0107 zachodnich wojsk na <a href=\"https:\/\/forsal.pl\/tagi\/ukraina\" id=\"07898329-2cf4-4dd2-b40f-e68191d53fd7\" title=\"Ukraina\" rel=\"nofollow noopener\" target=\"_blank\">Ukrainie<\/a>. Kreml konsekwentnie traktuje takie propozycje jako prowokacj\u0119. Jednak wypowiedzi Merza pokazuj\u0105, \u017ce Europa coraz wyra\u017aniej przygotowuje si\u0119 na scenariusz, w kt\u00f3rym pok\u00f3j b\u0119dzie musia\u0142 by\u0107 pilnowany obecno\u015bci\u0105 europejskich wojsk na Ukrainie.<\/p>\n<p class=\"hyphenate \" data-text-len=\"426\" data-scroll=\"paragraph_9\">To my\u015blenie wynika z do\u015bwiadczenia ostatnich lat. Porozumienia mi\u0144skie okaza\u0142o si\u0119 bowiem iluzj\u0105. Dzi\u015b w Berlinie, Pary\u017cu czy Brukseli coraz cz\u0119\u015bciej s\u0142ycha\u0107 przekonanie, \u017ce je\u015bli <a href=\"https:\/\/forsal.pl\/tagi\/rosja\" id=\"b96ead6a-afba-4bb9-870e-2b4bd297ec56\" title=\"Rosja\" rel=\"nofollow noopener\" target=\"_blank\">Rosja<\/a> ma respektowa\u0107 jakiekolwiek ustalenia, musi wiedzie\u0107, i\u017c ich z\u0142amanie spotka si\u0119 z natychmiastow\u0105 i zdecydowan\u0105 odpowiedzi\u0105.<\/p>\n<p>    Europa zapowiada misj\u0119 pokojow\u0105 w Ukrainie. Oczy zwr\u00f3cone na USA<\/p>\n<p class=\"hyphenate \" data-text-len=\"444\" data-scroll=\"paragraph_11\">Reuters ocenia, \u017ce pokojowa misja na Ukrainie nie by\u0142aby cz\u0119\u015bci\u0105 <a href=\"https:\/\/forsal.pl\/tagi\/nato\" id=\"49b02a9e-9241-42de-8b9f-87aade490cb3\" title=\"NATO\" rel=\"nofollow noopener\" target=\"_blank\">NATO<\/a>. Kluczowe b\u0119dzie wsparcie USA w postaci doradztwa, logistyki i \u015brodk\u00f3w wojskowych, kt\u00f3re pozwol\u0105 europejskim si\u0142om funkcjonowa\u0107 skutecznie i reagowa\u0107 na zagro\u017cenia. \u2013 Nie chodzi tylko o s\u0142owa, ale o realne \u015brodki i obecno\u015b\u0107 na miejscu \u2013 zaznacza Merz.<\/p>\n<p class=\"hyphenate \" data-text-len=\"492\" data-scroll=\"paragraph_12\">Kanclerz Niemiec podkre\u015bla r\u00f3wnie\u017c znaczenie finansowania. \u2013 Musimy dzia\u0142a\u0107 teraz, aby <a href=\"https:\/\/forsal.pl\/tagi\/ukraina\" id=\"652dd74a-d2a4-4b9e-bcc9-47e7c2b3847f\" title=\"Ukraina\" rel=\"nofollow noopener\" target=\"_blank\">Ukraina<\/a> mog\u0142a utrzyma\u0107 armi\u0119 i przygotowa\u0107 si\u0119 na przysz\u0142e zagro\u017cenia \u2013 uwa\u017ca. Reuters wskazuje, \u017ce plan wykorzystania zamro\u017conych rosyjskich aktyw\u00f3w do finansowania obrony Ukrainy jest jednym z element\u00f3w d\u0142ugofalowej strategii, maj\u0105cej zapewni\u0107 bezpiecze\u0144stwo kraju przynajmniej do 2028 roku.<\/p>\n","protected":false},"excerpt":{"rendered":"W\u015br\u00f3d gwarancji bezpiecze\u0144stwa dla Ukrainy, uzgodnionych mi\u0119dzy USA i Europ\u0105, znajduje si\u0119 kierowana przez Europ\u0119 i wspierana przez&hellip;\n","protected":false},"author":2,"featured_media":156304,"comment_status":"","ping_status":"","sticky":false,"template":"","format":"standard","meta":{"footnotes":""},"categories":[5],"tags":[32,33,36,37,27,34,35,28,31,25,42,38,40,39,41,29,30,26],"class_list":{"0":"post-156303","1":"post","2":"type-post","3":"status-publish","4":"format-standard","5":"has-post-thumbnail","7":"category-naglowki","8":"tag-breaking-news","9":"tag-breakingnews","10":"tag-featured-news","11":"tag-featurednews","12":"tag-headlines","13":"tag-latest-news","14":"tag-latestnews","15":"tag-naglowki","16":"tag-najwazniejsze-artykuly","17":"tag-news","18":"tag-pl","19":"tag-poland","20":"tag-polish","21":"tag-polska","22":"tag-polski","23":"tag-top-stories","24":"tag-topstories","25":"tag-wiadomosci"},"share_on_mastodon":{"url":"https:\/\/pubeurope.com\/@pl\/115735839877776434","error":""},"_links":{"self":[{"href":"https:\/\/www.europesays.com\/pl\/wp-json\/wp\/v2\/posts\/156303","targetHints":{"allow":["GET"]}}],"collection":[{"href":"https:\/\/www.europesays.com\/pl\/wp-json\/wp\/v2\/posts"}],"about":[{"href":"https:\/\/www.europesays.com\/pl\/wp-json\/wp\/v2\/types\/post"}],"author":[{"embeddable":true,"href":"https:\/\/www.europesays.com\/pl\/wp-json\/wp\/v2\/users\/2"}],"replies":[{"embeddable":true,"href":"https:\/\/www.europesays.com\/pl\/wp-json\/wp\/v2\/comments?post=156303"}],"version-history":[{"count":0,"href":"https:\/\/www.europesays.com\/pl\/wp-json\/wp\/v2\/posts\/156303\/revisions"}],"wp:featuredmedia":[{"embeddable":true,"href":"https:\/\/www.europesays.com\/pl\/wp-json\/wp\/v2\/media\/156304"}],"wp:attachment":[{"href":"https:\/\/www.europesays.com\/pl\/wp-json\/wp\/v2\/media?parent=156303"}],"wp:term":[{"taxonomy":"category","embeddable":true,"href":"https:\/\/www.europesays.com\/pl\/wp-json\/wp\/v2\/categories?post=156303"},{"taxonomy":"post_tag","embeddable":true,"href":"https:\/\/www.europesays.com\/pl\/wp-json\/wp\/v2\/tags?post=156303"}],"curies":[{"name":"wp","href":"https:\/\/api.w.org\/{rel}","templated":true}]}}