{"id":156311,"date":"2025-12-17T16:28:09","date_gmt":"2025-12-17T16:28:09","guid":{"rendered":"https:\/\/www.europesays.com\/pl\/156311\/"},"modified":"2025-12-17T16:28:09","modified_gmt":"2025-12-17T16:28:09","slug":"ministerstwo-infrastruktury-chce-pociagow-drogowych-w-polsce-jest-projekt","status":"publish","type":"post","link":"https:\/\/www.europesays.com\/pl\/156311\/","title":{"rendered":"Ministerstwo Infrastruktury chce &#8222;poci\u0105g\u00f3w drogowych&#8221; w Polsce. Jest projekt"},"content":{"rendered":"<ul class=\"ods-m-bullet-list\">\n<li class=\"ods-a-bullet ods-a-bullet--bold\"> Ministerstwo Infrastruktury planuje wprowadzenie pilota\u017cowego programu testowania wyd\u0142u\u017conych ci\u0119\u017car\u00f3wek na polskich drogach <\/li>\n<li class=\"ods-a-bullet ods-a-bullet--bold\"> Nowe przepisy umo\u017cliwi\u0105 legalizacj\u0119 pojazd\u00f3w typu EMS, kt\u00f3re przekraczaj\u0105 obecne limity d\u0142ugo\u015bci i masy <\/li>\n<li class=\"ods-a-bullet ods-a-bullet--bold\"> Program ma trwa\u0107 co najmniej pi\u0119\u0107 lat, z mo\u017cliwo\u015bci\u0105 przed\u0142u\u017cenia, a jego nadzorem zajmie si\u0119 Instytut Badawczy Dr\u00f3g i Most\u00f3w <\/li>\n<li class=\"ods-a-bullet ods-a-bullet--bold\"> Zach\u0119camy do oddawania g\u0142os\u00f3w w ankiecie, kt\u00f3ra znajduje si\u0119 pod artyku\u0142em <\/li>\n<li id=\"ods-a-bullet-czat-ai-summary\" data-section=\"ochat-summary-link\" class=\"ods-a-bullet ods-a-bullet--czatai\"> <a href=\"#\"><br \/>\n    Du\u017co czytania, a ma\u0142o czasu? Sprawd\u017a skr\u00f3t artyku\u0142u<br \/>\n<\/a> <\/li>\n<\/ul>\n<p> Skr\u00f3t przygotowany przez Onet Czat z AI, mo\u017ce zawiera\u0107 b\u0142\u0119dy. <\/p>\n<ul class=\"ods-m-inline-summary-container__list\">\n<li class=\"ods-m-inline-summary-container__list-item\"> Ministerstwo Infrastruktury planuje wprowadzenie pilota\u017cowego programu testowania &#8222;poci\u0105g\u00f3w drogowych&#8221; w Polsce. <\/li>\n<li class=\"ods-m-inline-summary-container__list-item\"> Nowe przepisy maj\u0105 umo\u017cliwi\u0107 legalizacj\u0119 wyd\u0142u\u017conych ci\u0119\u017car\u00f3wek, kt\u00f3re przekraczaj\u0105 dotychczasowe limity d\u0142ugo\u015bci i masy. <\/li>\n<li class=\"ods-m-inline-summary-container__list-item\"> Program ma trwa\u0107 co najmniej pi\u0119\u0107 lat, z mo\u017cliwo\u015bci\u0105 przed\u0142u\u017cenia, i b\u0119dzie nadzorowany przez Instytut Badawczy Dr\u00f3g i Most\u00f3w. <\/li>\n<li class=\"ods-m-inline-summary-container__list-item\"> Przewo\u017anicy mog\u0105 liczy\u0107 na oszcz\u0119dno\u015bci w zakresie koszt\u00f3w paliwa i op\u0142at drogowych, a tak\u017ce rozwi\u0105zanie problemu niedoboru kierowc\u00f3w. <\/li>\n<li class=\"ods-m-inline-summary-container__list-item\"> Wprowadzenie pojazd\u00f3w typu EMS wi\u0105\u017ce si\u0119 z rocznymi op\u0142atami wynosz\u0105cymi maksymalnie 8000 z\u0142 za pojazd, waloryzowanymi zgodnie z wska\u017anikiem GUS-u. <\/li>\n<\/ul>\n<p>SPIS TRE\u015aCI<\/p>\n<ol class=\"ods-a-table-of-content__items\">\n<li class=\"ods-a-table-of-content__item\"><a href=\"#toc-na-polskie-trasy-wyjada-pociagi-drogowe-na-razie-w-formie-pilotazu\" class=\"ods-a-table-of-content__link\">Na polskie trasy wyjad\u0105 &#8222;poci\u0105gi drogowe&#8221;. Na razie w formie pilota\u017cu<\/a><\/li>\n<li class=\"ods-a-table-of-content__item\"><a href=\"#toc-przedsiebiorcy-beda-placic-za-pociagi-drogowe-znamy-kwote\" class=\"ods-a-table-of-content__link\">Przedsi\u0119biorcy b\u0119d\u0105 p\u0142aci\u0107 za &#8222;poci\u0105gi drogowe&#8221;. Znamy kwot\u0119<\/a><\/li>\n<li class=\"ods-a-table-of-content__item\"><a href=\"#toc-ile-czasu-bedzie-trwac-pilotaz-z-ems-ami-pociagami-drogowymi\" class=\"ods-a-table-of-content__link\">Ile czasu b\u0119dzie trwa\u0107 pilota\u017c z EMS-ami (poci\u0105gami drogowymi)?<\/a><\/li>\n<\/ol>\n<p class=\"ods-c-paragraph \"><a href=\"https:\/\/www.auto-swiat.pl\/wiadomosci\/aktualnosci\/inspektorzy-itd-dostrzegli-na-drodze-stonoge-odkryli-brudne-tajemnice\/q8ew65n\" id=\"6c26e2cb-f266-492e-a543-8d3025345d12\" rel=\"nofollow noopener\" target=\"_blank\">Wyd\u0142u\u017cone ci\u0119\u017car\u00f3wki (tzw. poci\u0105gi drogowe)<\/a> to dla Polak\u00f3w egzotyczny widok, ale takie zestawy niebawem pojawi\u0105 si\u0119 na naszych drogach. Polska Agencja Prasowa (PAP) informuje, \u017ce we wtorek 16 grudnia w rz\u0105dowym wykazie prac legislacyjnych pojawi\u0142y si\u0119 za\u0142o\u017cenia projektu zmiany ustawy Prawo o ruchu drogowym oraz ustawy o Rz\u0105dowym Funduszu Rozwoju Dr\u00f3g. Dokument przygotowa\u0142o Ministerstwo Infrastruktury.<\/p>\n<p>Dalszy ci\u0105g artyku\u0142u pod materia\u0142em wideo<\/p>\n<p> Jakie pojazdy b\u0119d\u0105 testowane w Polsce? <\/p>\n<p> Kto zajmie si\u0119 nadzorem nad pilota\u017cem? <\/p>\n<p> Na jak d\u0142ugo planowany jest program testowy? <\/p>\n<p> Ile wynosi dodatkowa op\u0142ata za pojazdy typu EMS? <\/p>\n<p>  Na polskie trasy wyjad\u0105 &#8222;poci\u0105gi drogowe&#8221;. Na razie w formie pilota\u017cu<\/p>\n<p class=\"ods-c-paragraph \">Resort zamierza wprowadzi\u0107 pilota\u017cowy program testowania pojazd\u00f3w nienormatywnych na polskich drogach. Dzi\u0119ki temu projektowi zostanie umo\u017cliwiona legalizacja zestaw\u00f3w ci\u0119\u017carowych z dodatkow\u0105 przyczep\u0105. Ci\u0119\u017car\u00f3wki wykorzystywane do transportu towar\u00f3w b\u0119d\u0105 mog\u0142y by\u0107 d\u0142u\u017csze ni\u017c dotychczas.<\/p>\n<p class=\"ods-c-paragraph \">Nowe przepisy maj\u0105 da\u0107 ministrowi w\u0142a\u015bciwemu ds. transportu mo\u017cliwo\u015b\u0107 wydawania rozporz\u0105dze\u0144, kt\u00f3re okre\u015bl\u0105 zasady tego programu. Celem tego programu jest poprawa efektywno\u015bci transportu drogowego i jednoczesne <a href=\"https:\/\/www.auto-swiat.pl\/wiadomosci\/aktualnosci\/nie-bedzie-twardego-zakazu-sprzedazy-aut-spalinowych-po-2035-r-nowe-wytyczne-ue\/n240hxh\" id=\"67d37b02-10ef-4971-ae00-e78ebcc3bb46\" rel=\"nofollow noopener\" target=\"_blank\">ograniczenie emisji gaz\u00f3w cieplarnianych<\/a>. Co wiemy o nim ju\u017c teraz?<\/p>\n<p><img decoding=\"async\" src=\"https:\/\/www.europesays.com\/pl\/wp-content\/uploads\/2025\/12\/stck9lBaHR0cHM6Ly9vY2RuLmV1L3B1bHNjbXMvTURBXy85YTMxNzc1MGQ3ZWIyMzMxMDVjMGFlNDg1MDAwZGQwNy5qcGeRlQLNB.jpeg\" height=\"577\" width=\"940\" alt=\"Ci\u0119\u017car\u00f3wki na parkingu\" loading=\"lazy\" class=\"ods-c-image__img ods-c-image__img--viewport-width\"\/><\/p>\n<p>Ci\u0119\u017car\u00f3wki na parkinguPhotoRK \/ Shutterstock<\/p>\n<p> Przedsi\u0119biorcy b\u0119d\u0105 p\u0142aci\u0107 za &#8222;poci\u0105gi drogowe&#8221;. Znamy kwot\u0119<\/p>\n<p class=\"ods-c-paragraph \">Nowy typ pojazd\u00f3w na polskich drogach b\u0119dzie wyst\u0119powa\u0142 pod oznaczeniem EMS, kt\u00f3re t\u0142umaczy si\u0119 jako &#8222;zesp\u00f3\u0142 pojazd\u00f3w z co najmniej jedn\u0105 przyczep\u0105 lub naczep\u0105, przekraczaj\u0105cych obecne limity d\u0142ugo\u015bci i masy&#8221;. Przyk\u0142adem s\u0105 te\u017c naczepy o wyd\u0142u\u017conej powierzchni \u0142adunkowej do 14,9 m, zamiast obecnych 13,6 m. Wprowadzenia pojazd\u00f3w typu EMS od lat domaga si\u0119 bran\u017ca transportowa.<\/p>\n<p class=\"ods-c-paragraph \">Dlaczego? Przewo\u017anicy upatruj\u0105 w tym szans\u0119 nie tylko na znacz\u0105ce oszcz\u0119dno\u015bci (np. na paliwie i op\u0142atach drogowych), ale te\u017c rozwi\u0105zanie narastaj\u0105cego problemu niedoboru kierowc\u00f3w zawodowych. Pojazdy typu EMS b\u0119d\u0105 obj\u0119te dodatkow\u0105 op\u0142at\u0105 wynosz\u0105c\u0105 maksymalnie 8000 z\u0142 rocznie za pojazd. Kwota ta ma by\u0107 waloryzowana zgodnie ze wska\u017anikiem GUS-u.<\/p>\n<p>   <img decoding=\"async\" src=\"https:\/\/www.europesays.com\/pl\/wp-content\/uploads\/2025\/12\/plik9lBaHR0cHM6Ly9vY2RuLmV1L3B1bHNjbXMvTURBXy9iZjZkYzY4MzllODZiYmU5NDk3ZDY3YTEwY2Y2M2JkNS5qcGeSlQMAA.jpeg\" height=\"529\" width=\"940\" alt=\"Nowy typ pojazd\u00f3w ma rozwi\u0105za\u0107 problem niedoboru kierowc\u00f3w zawodowych\" loading=\"lazy\" class=\"ods-c-image__img ods-c-image__img--viewport-width\"\/><\/p>\n<p>Nowy typ pojazd\u00f3w ma rozwi\u0105za\u0107 problem niedoboru kierowc\u00f3w zawodowychMiguel Perfectti \/ Shutterstock<\/p>\n<p class=\"ods-c-paragraph \">Sprawd\u017a te\u017c: <a href=\"https:\/\/www.auto-swiat.pl\/wiadomosci\/aktualnosci\/inspektorzy-itd-zatrzymali-litewskiego-tira-przy-granicy-z-niemcami-nie-przewozil\/dzh2y0e\" id=\"139b9b84-f194-437d-8d97-466b84c76afe\" rel=\"nofollow noopener\" target=\"_blank\">Litewska ci\u0119\u017car\u00f3wka pod lup\u0105 ITD. Funkcjonariusze uznali towar za z\u0142om<\/a><\/p>\n<p>Ile czasu b\u0119dzie trwa\u0107 pilota\u017c z EMS-ami (poci\u0105gami drogowymi)?<\/p>\n<p class=\"ods-c-paragraph \">W projekcie zosta\u0142 przedstawiony szkic regulacji dotycz\u0105cych czasowej rejestracji pojazd\u00f3w nienormatywnych typu EMS. Prawodawcy zadbali o to, \u017ceby przedsi\u0119biorcy bior\u0105cy udzia\u0142 w pilota\u017cu nie byli nara\u017ceni na ryzyko przedwczesnego wycofywania pojazd\u00f3w z eksploatacji \u2014 program ma trwa\u0107 co najmniej pi\u0119\u0107 lat, a do tego b\u0119dzie mo\u017cliwe przed\u0142u\u017cenie go.<\/p>\n<p class=\"ods-c-paragraph \">Organizacj\u0105 i nadzorem tego pilota\u017cu zajmie si\u0119 Instytut Badawczy Dr\u00f3g i Most\u00f3w. Resort wskazuje, \u017ce dopuszczenie do ruchu pojazd\u00f3w typu EMS mo\u017ce przynie\u015b\u0107 realne korzy\u015bci \u2014 zar\u00f3wno w zakresie efektywno\u015bci przewoz\u00f3w, jak i ograniczenia emisji floty. W projekcie znalaz\u0142y si\u0119 te\u017c znowelizowane przepisy niepowi\u0105zane z tym pilota\u017cem, kt\u00f3re dotycz\u0105 sposobu oznakowania pojazd\u00f3w specjalnych nale\u017c\u0105cych do stra\u017cy miejskich i gminnych. Kiedy &#8222;poci\u0105gi drogowe&#8221; wyjad\u0105 na ulice? Rz\u0105d planuje przyj\u0105\u0107 ustaw\u0119 ju\u017c w II kwartale 2026 r.<\/p>\n","protected":false},"excerpt":{"rendered":"Ministerstwo Infrastruktury planuje wprowadzenie pilota\u017cowego programu testowania wyd\u0142u\u017conych ci\u0119\u017car\u00f3wek na polskich drogach Nowe przepisy umo\u017cliwi\u0105 legalizacj\u0119 pojazd\u00f3w typu&hellip;\n","protected":false},"author":2,"featured_media":156312,"comment_status":"","ping_status":"","sticky":false,"template":"","format":"standard","meta":{"footnotes":""},"categories":[16],"tags":[210,113,112,6827,31143,5824,48,46,42,38,40,39,41,25613,25199,47,2246,26],"class_list":{"0":"post-156311","1":"post","2":"type-post","3":"status-publish","4":"format-standard","5":"has-post-thumbnail","7":"category-biznes","8":"tag-aktualnosci","9":"tag-biznes","10":"tag-business","11":"tag-ciezarowki","12":"tag-ems","13":"tag-ministerstwo_infrastruktury","14":"tag-nat_styl","15":"tag-omp","16":"tag-pl","17":"tag-poland","18":"tag-polish","19":"tag-polska","20":"tag-polski","21":"tag-przepisy_drogowe","22":"tag-rebrand_ai_tst1","23":"tag-screening_general","24":"tag-transport","25":"tag-wiadomosci"},"share_on_mastodon":{"url":"https:\/\/pubeurope.com\/@pl\/115735855668989373","error":""},"_links":{"self":[{"href":"https:\/\/www.europesays.com\/pl\/wp-json\/wp\/v2\/posts\/156311","targetHints":{"allow":["GET"]}}],"collection":[{"href":"https:\/\/www.europesays.com\/pl\/wp-json\/wp\/v2\/posts"}],"about":[{"href":"https:\/\/www.europesays.com\/pl\/wp-json\/wp\/v2\/types\/post"}],"author":[{"embeddable":true,"href":"https:\/\/www.europesays.com\/pl\/wp-json\/wp\/v2\/users\/2"}],"replies":[{"embeddable":true,"href":"https:\/\/www.europesays.com\/pl\/wp-json\/wp\/v2\/comments?post=156311"}],"version-history":[{"count":0,"href":"https:\/\/www.europesays.com\/pl\/wp-json\/wp\/v2\/posts\/156311\/revisions"}],"wp:featuredmedia":[{"embeddable":true,"href":"https:\/\/www.europesays.com\/pl\/wp-json\/wp\/v2\/media\/156312"}],"wp:attachment":[{"href":"https:\/\/www.europesays.com\/pl\/wp-json\/wp\/v2\/media?parent=156311"}],"wp:term":[{"taxonomy":"category","embeddable":true,"href":"https:\/\/www.europesays.com\/pl\/wp-json\/wp\/v2\/categories?post=156311"},{"taxonomy":"post_tag","embeddable":true,"href":"https:\/\/www.europesays.com\/pl\/wp-json\/wp\/v2\/tags?post=156311"}],"curies":[{"name":"wp","href":"https:\/\/api.w.org\/{rel}","templated":true}]}}