{"id":156313,"date":"2025-12-17T16:29:07","date_gmt":"2025-12-17T16:29:07","guid":{"rendered":"https:\/\/www.europesays.com\/pl\/156313\/"},"modified":"2025-12-17T16:29:07","modified_gmt":"2025-12-17T16:29:07","slug":"militarne-schengen-ue-chce-ulatwic-przemieszczanie-sie-wojsk","status":"publish","type":"post","link":"https:\/\/www.europesays.com\/pl\/156313\/","title":{"rendered":"&#8222;Militarne Schengen&#8221;. UE chce u\u0142atwi\u0107 przemieszczanie si\u0119 wojsk"},"content":{"rendered":"<p>Parlament Europejski wskaza\u0142, \u017ce szybkie przemieszczanie \u017co\u0142nierzy i\u00a0sprz\u0119tu przez granice UE jest kluczowe dla bezpiecze\u0144stwa, zw\u0142aszcza na wschodniej flance NATO, tym w\u00a0krajach ba\u0142tyckich i\u00a0w\u00a0Polsce. Rezolucja akcentuje konieczno\u015b\u0107 likwidacji barier administracyjnych. Europos\u0142owie podkre\u015blaj\u0105, \u017ce dzi\u015b przejazd wojsk przez pa\u0144stwa cz\u0142onkowskie mo\u017ce zajmowa\u0107 ponad miesi\u0105c.<\/p>\n<p>Miejsce &#8222;must see&#8221; podczas wizyty w\u00a0Leeds. Istnieje ponad 200 lat <\/p>\n<p>Ponadto rezolucja znana jako &#8222;militarne Schengen&#8221; popiera pomys\u0142 Komisji Europejskiej, by w\u00a0kolejnym wieloletnim bud\u017cecie przeznaczy\u0107 na mobilno\u015b\u0107 wojskow\u0105 ponad 17 mld euro. Wskazano ok. 500 krytycznych miejsc infrastruktury &#8211;\u00a0most\u00f3w, tuneli i\u00a0w\u0119z\u0142\u00f3w &#8211;\u00a0kt\u00f3rych modernizacja mo\u017ce wymaga\u0107 co najmniej 100 mld euro. KE ma upro\u015bci\u0107 zasady finansowania projekt\u00f3w cywilno-wojskowych.<\/p>\n<p>Europos\u0142owie apeluj\u0105 o\u00a0inwestycje wzd\u0142u\u017c czterech korytarzy mobilno\u015bci wojskowej, cyfryzacj\u0119 procedur i\u00a0szybsze pozwolenia graniczne poprzez jeden punkt kontaktowy. Parlament zaleca te\u017c powo\u0142anie grupy zadaniowej ds. mobilno\u015bci i\u00a0europejskiego koordynatora oraz oczekuje od KE planu dzia\u0142a\u0144, kt\u00f3ry usprawni wdra\u017canie nowych rozwi\u0105za\u0144.<\/p>\n<p>Mobilno\u015b\u0107 wojskowa pozostaje priorytetem wsp\u00f3\u0142pracy UE-NATO. Europos\u0142owie chc\u0105 regularnych \u0107wicze\u0144 i\u00a0test\u00f3w w\u00a0trudnych warunkach, by usuwa\u0107 w\u0105skie gard\u0142a. Wzorem standard\u00f3w sojuszniczych PE proponuje, by si\u0142y szybkiego reagowania mog\u0142y przekracza\u0107 wewn\u0119trzne granice w\u00a0trzy dni w\u00a0czasie pokoju i\u00a0w\u00a024 godziny w\u00a0kryzysie. To ma zwi\u0119kszy\u0107 zdolno\u015b\u0107 odstraszania i\u00a0realnej reakcji na zagro\u017cenia.<\/p>\n<p>&#8211; Aby Europa by\u0142a wiarygodna i\u00a0zdolna do odstraszania agresor\u00f3w, musi pokaza\u0107 gotowo\u015b\u0107 do dzia\u0142ania, w\u00a0tym zdolno\u015b\u0107 do szybkiego rozmieszczania wojsk i\u00a0sprz\u0119tu w\u00a0ca\u0142ej UE &#8211;\u00a0powiedzia\u0142 europose\u0142 z\u00a0Litwy Petras Au\u0161trevi\u010dius. &#8211; Przezwyci\u0119\u017cenie barier administracyjnych i\u00a0rozw\u00f3j infrastruktury podw\u00f3jnego zastosowania to nie luksus, lecz konieczno\u015b\u0107 &#8211;\u00a0doda\u0142. <\/p>\n<p>Z kolei Roberts Z\u012ble z\u00a0\u0141otwy podkre\u015bla\u0142, \u017ce wiele przeszk\u00f3d mo\u017cna usun\u0105\u0107 szybko i\u00a0niewielkim kosztem. &#8211; Wojna Rosji przeciwko Ukrainie pokaza\u0142a, \u017ce nie mamy czasu do stracenia &#8211;\u00a0podkre\u015bli\u0142.<\/p>\n<p>Rezolucj\u0119 przyj\u0119to 493 g\u0142osami za, przy 127 przeciw i\u00a038 wstrzymuj\u0105cych si\u0119. Teraz europos\u0142owie z\u00a0komisji transportu i\u00a0obrony rozpoczn\u0105 prace legislacyjne nad pakietem przedstawionym w\u00a0listopadzie przez Komisj\u0119 Europejsk\u0105. <\/p>\n","protected":false},"excerpt":{"rendered":"Parlament Europejski wskaza\u0142, \u017ce szybkie przemieszczanie \u017co\u0142nierzy i\u00a0sprz\u0119tu przez granice UE jest kluczowe dla bezpiecze\u0144stwa, zw\u0142aszcza na wschodniej&hellip;\n","protected":false},"author":2,"featured_media":156314,"comment_status":"","ping_status":"","sticky":false,"template":"","format":"standard","meta":{"footnotes":""},"categories":[14],"tags":[32,33,27,34,35,28,31,25,40,41,80,29,30,26,82,83,84],"class_list":{"0":"post-156313","1":"post","2":"type-post","3":"status-publish","4":"format-standard","5":"has-post-thumbnail","7":"category-swiat","8":"tag-breaking-news","9":"tag-breakingnews","10":"tag-headlines","11":"tag-latest-news","12":"tag-latestnews","13":"tag-naglowki","14":"tag-najwazniejsze-artykuly","15":"tag-news","16":"tag-polish","17":"tag-polski","18":"tag-swiat","19":"tag-top-stories","20":"tag-topstories","21":"tag-wiadomosci","22":"tag-world","23":"tag-world-news","24":"tag-worldnews"},"share_on_mastodon":{"url":"https:\/\/pubeurope.com\/@pl\/115735859595143930","error":""},"_links":{"self":[{"href":"https:\/\/www.europesays.com\/pl\/wp-json\/wp\/v2\/posts\/156313","targetHints":{"allow":["GET"]}}],"collection":[{"href":"https:\/\/www.europesays.com\/pl\/wp-json\/wp\/v2\/posts"}],"about":[{"href":"https:\/\/www.europesays.com\/pl\/wp-json\/wp\/v2\/types\/post"}],"author":[{"embeddable":true,"href":"https:\/\/www.europesays.com\/pl\/wp-json\/wp\/v2\/users\/2"}],"replies":[{"embeddable":true,"href":"https:\/\/www.europesays.com\/pl\/wp-json\/wp\/v2\/comments?post=156313"}],"version-history":[{"count":0,"href":"https:\/\/www.europesays.com\/pl\/wp-json\/wp\/v2\/posts\/156313\/revisions"}],"wp:featuredmedia":[{"embeddable":true,"href":"https:\/\/www.europesays.com\/pl\/wp-json\/wp\/v2\/media\/156314"}],"wp:attachment":[{"href":"https:\/\/www.europesays.com\/pl\/wp-json\/wp\/v2\/media?parent=156313"}],"wp:term":[{"taxonomy":"category","embeddable":true,"href":"https:\/\/www.europesays.com\/pl\/wp-json\/wp\/v2\/categories?post=156313"},{"taxonomy":"post_tag","embeddable":true,"href":"https:\/\/www.europesays.com\/pl\/wp-json\/wp\/v2\/tags?post=156313"}],"curies":[{"name":"wp","href":"https:\/\/api.w.org\/{rel}","templated":true}]}}