{"id":156321,"date":"2025-12-17T16:33:21","date_gmt":"2025-12-17T16:33:21","guid":{"rendered":"https:\/\/www.europesays.com\/pl\/156321\/"},"modified":"2025-12-17T16:33:21","modified_gmt":"2025-12-17T16:33:21","slug":"agata-kulesza-chwycila-za-nozyczki-przeszla-metamorfoze-onet","status":"publish","type":"post","link":"https:\/\/www.europesays.com\/pl\/156321\/","title":{"rendered":"Agata Kulesza chwyci\u0142a za no\u017cyczki. Przesz\u0142a metamorfoz\u0119 &#8211; Onet"},"content":{"rendered":"<ol>\n<li><a href=\"https:\/\/news.google.com\/rss\/articles\/CBMisAFBVV95cUxOY3hLY2oxWWRyeWJWV2Z6aWpmZWdaa0drOFM0Y0pfcDBqM2tsMGQwNTZPdWFyZ010Z0NOb25mbVdtLTRFZVVIWkZGZU1FLUNKdUJKTklPREJ5Z0xkNXNMdkdYRmpjeFF2TFJ1UldYU3BXRVY5S0JEbHBiWXYwRENxb1NXU003cTJSWlN2NUs0QjdmUWpJR2JrVTBwMWpxUmdRMmxORFI1T0VSaDJQWWFGTA?oc=5\" target=\"_blank\" rel=\"nofollow noopener\">Agata Kulesza chwyci\u0142a za no\u017cyczki. Przesz\u0142a metamorfoz\u0119<\/a>&nbsp;&nbsp;Onet<\/li>\n<li><a href=\"https:\/\/news.google.com\/rss\/articles\/CBMijwFBVV95cUxPY1J4cXhZcS1rYnVHaDl2emFIVkpKOS1pR3I0b3NTOUlRRC00VTNBaEVMU3JVODEtLWQ5UXM1Zkx3YkhJc0p2eGhwYjhJcUZfUkRuUThabjJFeE1xenZVam9WMUVBRVgzLTMyWFlHRklDeUh6VFlMOHJKa2V6cThTWVQ4T3hOTmUzbGdmUEdSMA?oc=5\" target=\"_blank\" rel=\"nofollow noopener\">Agata Kulesza \u015aCI\u0118\u0141A W\u0141OSY! Ogromna metamorfoza<\/a>&nbsp;&nbsp;Pudelek<\/li>\n<li><a href=\"https:\/\/news.google.com\/rss\/articles\/CBMikgFBVV95cUxNZnNDb1FjUnZhN0tCbFZQZVFRVFpRSmtaTDFoWk5uY3pLdXJpRjU4NF9tcUliRk12Wm5tejVqWXNPdXAtN3FPUkFXRXF3RXp2YzVjM0VTR0loSjFoSTBORjJhTHdLcTI4LVRBbGVWMDNqUXVLdlRSTWxXLXc3b3o5cWVRUFNLbnVyTlFhSmJRcVNkUQ?oc=5\" target=\"_blank\" rel=\"nofollow noopener\">No\u017cyczki posz\u0142y w ruch. Po d\u0142ugich w\u0142osach Kuleszy nie pozosta\u0142 nawet \u015blad<\/a>&nbsp;&nbsp;WP Kobieta<\/li>\n<li><a href=\"https:\/\/news.google.com\/rss\/articles\/CBMitwFBVV95cUxPUTktSnlYb3NGcGhzb1J1SmJoQ1c2QXNjM2dINmVLWlNGa0lDTDQzZHZOZzd6LXNzVF80R0wtbTVCN09wbVcydjZzMm5JZ1BjRTNIaGJBMlZ6enI5ZHBYenRRMnRJS2xUZFAzLWI0VXpmS24tRHV1WnFyYi1ZY2h5RDdSZ1U4X0Y5NTU3N3NtQXRrM2U5d3BaalBPYU42TWpXRE1Ra085MkRCR3RmcEY5dlFrZVhONmc?oc=5\" target=\"_blank\" rel=\"nofollow noopener\">Agata Kulesza chwyci\u0142a za no\u017cyczki! Aktorka zdecydowa\u0142a si\u0119 na radykaln\u0105 metamorfoz\u0119<\/a>&nbsp;&nbsp;TVN.pl<\/li>\n<li><a href=\"https:\/\/news.google.com\/rss\/articles\/CBMisAFBVV95cUxOVUFMVEowY1JCVEFWOXgwODBVZkxYZzhacURzZlhlWVZCcFFBX3ZwU2VrUEZWX2ZnRHVZRjJ0ZWdvaU8xRC11TjFUS3ZHa1k3M0VrWjEzUGNhaWlib2hGdllPNlUxQ0RwcTRXcGlQa1E5bjJRdzZzSk9tYjNkdkZLRVdfc3dwbzcwSHowOFVTa0tJUVIxZkRtTnNzakg5SFBoaTVMVFBRNWg0WWFsb0RKSA?oc=5\" target=\"_blank\" rel=\"nofollow noopener\">Agata Kulesza postawi\u0142a na ostre ci\u0119cie. Ekspert m\u00f3wi wprost: Nie wysz\u0142a na tym dobrze<\/a>&nbsp;&nbsp;Plotek.pl<\/li>\n<\/ol>\n","protected":false},"excerpt":{"rendered":"Agata Kulesza chwyci\u0142a za no\u017cyczki. Przesz\u0142a metamorfoz\u0119&nbsp;&nbsp;Onet Agata Kulesza \u015aCI\u0118\u0141A W\u0141OSY! Ogromna metamorfoza&nbsp;&nbsp;Pudelek No\u017cyczki posz\u0142y w ruch. Po&hellip;\n","protected":false},"author":2,"featured_media":156322,"comment_status":"","ping_status":"","sticky":false,"template":"","format":"standard","meta":{"footnotes":""},"categories":[22],"tags":[6328,122,67,3846,53,52,68,51,55,42,38,40,39,41,123,47,196,65,50],"class_list":{"0":"post-156321","1":"post","2":"type-post","3":"status-publish","4":"format-standard","5":"has-post-thumbnail","7":"category-rozrywka","8":"tag-agata_kulesza_aktorka","9":"tag-entertainment","10":"tag-intextvideo_splayer","11":"tag-metamorfoza","12":"tag-new_header","13":"tag-onet3","14":"tag-onet3d","15":"tag-onet3d_2i","16":"tag-phx","17":"tag-pl","18":"tag-poland","19":"tag-polish","20":"tag-polska","21":"tag-polski","22":"tag-rozrywka","23":"tag-screening_general","24":"tag-styl_zycia","25":"tag-update_me","26":"tag-v2021"},"share_on_mastodon":{"url":"https:\/\/pubeurope.com\/@pl\/115735874949969289","error":""},"_links":{"self":[{"href":"https:\/\/www.europesays.com\/pl\/wp-json\/wp\/v2\/posts\/156321","targetHints":{"allow":["GET"]}}],"collection":[{"href":"https:\/\/www.europesays.com\/pl\/wp-json\/wp\/v2\/posts"}],"about":[{"href":"https:\/\/www.europesays.com\/pl\/wp-json\/wp\/v2\/types\/post"}],"author":[{"embeddable":true,"href":"https:\/\/www.europesays.com\/pl\/wp-json\/wp\/v2\/users\/2"}],"replies":[{"embeddable":true,"href":"https:\/\/www.europesays.com\/pl\/wp-json\/wp\/v2\/comments?post=156321"}],"version-history":[{"count":0,"href":"https:\/\/www.europesays.com\/pl\/wp-json\/wp\/v2\/posts\/156321\/revisions"}],"wp:featuredmedia":[{"embeddable":true,"href":"https:\/\/www.europesays.com\/pl\/wp-json\/wp\/v2\/media\/156322"}],"wp:attachment":[{"href":"https:\/\/www.europesays.com\/pl\/wp-json\/wp\/v2\/media?parent=156321"}],"wp:term":[{"taxonomy":"category","embeddable":true,"href":"https:\/\/www.europesays.com\/pl\/wp-json\/wp\/v2\/categories?post=156321"},{"taxonomy":"post_tag","embeddable":true,"href":"https:\/\/www.europesays.com\/pl\/wp-json\/wp\/v2\/tags?post=156321"}],"curies":[{"name":"wp","href":"https:\/\/api.w.org\/{rel}","templated":true}]}}