{"id":156389,"date":"2025-12-17T17:08:07","date_gmt":"2025-12-17T17:08:07","guid":{"rendered":"https:\/\/www.europesays.com\/pl\/156389\/"},"modified":"2025-12-17T17:08:07","modified_gmt":"2025-12-17T17:08:07","slug":"80-letnia-jaclyn-smith-na-nowym-zdjeciu-gwiazda-aniolkow-charliego-zachwycila","status":"publish","type":"post","link":"https:\/\/www.europesays.com\/pl\/156389\/","title":{"rendered":"80-letnia Jaclyn Smith na nowym zdj\u0119ciu. Gwiazda &#8222;Anio\u0142k\u00f3w Charliego&#8221; zachwyci\u0142a"},"content":{"rendered":"<p class=\"Paragraph_desktopParagraph__U31Gm\">Aktorka, kt\u00f3ra popularno\u015b\u0107 zdoby\u0142a jako &#8222;Anio\u0142ek Charliego&#8221;, udost\u0119pni\u0142a rodzinne zdj\u0119cie, na kt\u00f3rym pozuje z synem Gastonem. <a href=\"https:\/\/plejada.pl\/temat\/jaclyn-smith\/x2mmmjr\" id=\"5d12f2a9-3f9a-42a5-aedf-551334f43d30\" rel=\"nofollow noopener\" target=\"_blank\">Jaclyn Smith<\/a> mia\u0142a rozpuszczone, lekko rozja\u015bnione w\u0142osy i delikatny makija\u017c. Gaston, operator kamery, mia\u0142 na sobie zielon\u0105 czapk\u0119 LA Dodgers i pasuj\u0105c\u0105 koszulk\u0119. Zdj\u0119cie zosta\u0142o wykonane w domu Jaclyn w Beverly Hills. Na fotografii wida\u0107 tak\u017ce, \u017ce Gaston, urodzony podczas trzeciego ma\u0142\u017ce\u0144stwa Smith z Anthonym B. Richmondem, czuje si\u0119 swobodnie w ramionach matki. Richmond, obecnie 83-letni, by\u0142 m\u0119\u017cem aktorki w latach 1981-1989.<\/p>\n<ul class=\"OchatFollowUps_wrapper__1ry7X\">\n<li class=\"OchatFollowUps_item__Dhyly OchatFollowUps_itemDesktop__R6aBv\">Ile lat ma Jaclyn Smith?<\/li>\n<li class=\"OchatFollowUps_item__Dhyly OchatFollowUps_itemDesktop__R6aBv\">Co robi Gaston Richmond?<\/li>\n<li class=\"OchatFollowUps_item__Dhyly OchatFollowUps_itemDesktop__R6aBv\">Czym zajmuje si\u0119 Jaclyn Smith, aby utrzyma\u0107 m\u0142odzie\u0144czy wygl\u0105d?<\/li>\n<li class=\"OchatFollowUps_item__Dhyly OchatFollowUps_itemDesktop__R6aBv\">Kiedy Jaclyn Smith wyst\u0105pi\u0142a w filmie z Drew Barrymore?<\/li>\n<\/ul>\n<p>Rodzinne relacje i kariera syna <\/p>\n<p class=\"Paragraph_desktopParagraph__U31Gm\">Podpis pod zdj\u0119ciem na Instagramie nawi\u0105zywa\u0142 do wspomnie\u0144 z dzieci\u0144stwa Gastona, a Smith zamie\u015bci\u0142a tak\u017ce fotografi\u0119 syna jako ma\u0142ego ch\u0142opca.<\/p>\n<blockquote>\n<p class=\"Paragraph_desktopParagraph__U31Gm\">Wtedy i dzi\u015b. Pewne rzeczy si\u0119 nie zmieniaj\u0105! Nadal jest moim s\u0142oneczkiem<\/p>\n<\/blockquote>\n<p class=\"Paragraph_desktopParagraph__U31Gm\">\u2014 napisa\u0142a aktorka.<\/p>\n<p class=\"Paragraph_desktopParagraph__U31Gm\">Jej syn pracuje jako operator kamery przy produkcjach telewizyjnych. W ostatnich latach zaanga\u017cowa\u0142 si\u0119 w realizacj\u0119 takich projekt\u00f3w jak nowa wersja &#8222;Ich pi\u0119cioro&#8221; w 2020 r. oraz film &#8222;Hashtag Blessed: The Movie&#8221; z 2022 r. Pracowa\u0142 r\u00f3wnie\u017c przy serialach &#8222;Shameless&#8221;, &#8222;Fresh Off The Boat&#8221;, &#8222;Hawthorne&#8221; i &#8222;Three Rivers&#8221;. Jaclyn ma tak\u017ce c\u00f3rk\u0119, Spencer Margaret, kt\u00f3ra ma 40 lat.<\/p>\n<p class=\"Paragraph_desktopParagraph__U31Gm\">Smith, mimo up\u0142ywu lat, utrzymuje m\u0142odzie\u0144czy wygl\u0105d. W 2021 r. aktorka podzieli\u0142a si\u0119 na Instagramie jednym ze swoich sposob\u00f3w na zachowanie dobrej formy. Gwiazda przyzna\u0142a, \u017ce regularnie \u0107wiczy i praktykuje jog\u0119, a jej codzienna dieta obejmuje zielony koktajl, kt\u00f3ry \u2014 jak twierdzi \u2014 pozytywnie wp\u0142ywa na jej energi\u0119 i samopoczucie. Smith udost\u0119pni\u0142a przepis na sw\u00f3j ulubiony nap\u00f3j, podkre\u015blaj\u0105c, \u017ce zawiera on og\u00f3rek, jab\u0142ko, cytryn\u0119, seler naciowy, imbir, szpinak i jarmu\u017c, a ca\u0142o\u015b\u0107 nale\u017cy zmiksowa\u0107 z wod\u0105.<\/p>\n<p class=\"Paragraph_desktopParagraph__U31Gm\">W 2003 r. Jaclyn Smith wr\u00f3ci\u0142a na chwil\u0119 do &#8222;Anio\u0142k\u00f3w Charliego&#8221;, pojawiaj\u0105c si\u0119 w filmie z <a href=\"https:\/\/plejada.pl\/temat\/drew-barrymore\/3get812\" id=\"db7abc6c-b7e5-4608-8d4b-e79b0c2044b0\" rel=\"nofollow noopener\" target=\"_blank\">Drew Barrymore<\/a> i Cameron Diaz. Wyst\u0105pi\u0142a r\u00f3wnie\u017c w najnowszej wersji filmowej wyre\u017cyserowanej przez Elizabeth Banks, gdzie mo\u017cna j\u0105 zobaczy\u0107 w scenie treningowej.<\/p>\n<p class=\"Paragraph_desktopParagraph__U31Gm\">Dzi\u0119kujemy, \u017ce przeczyta\u0142a\u015b\/e\u015b nasz artyku\u0142 do ko\u0144ca. W serwisie Plejada.pl ka\u017cdego dnia piszemy o najwa\u017cniejszych wydarzeniach show-biznesowych. B\u0105d\u017a na bie\u017c\u0105co! <a rel=\"nofollow noopener\" href=\"https:\/\/profile.google.com\/cp\/Cg0vZy8xMWJ6X19wdHBx\" id=\"d3634f73-e8fb-41ea-9cca-f7ef7520721f\" target=\"_blank\">Obserwuj<\/a> Plejad\u0119 w Google. Odwied\u017a nas tak\u017ce na <a rel=\"nofollow noopener\" href=\"https:\/\/www.facebook.com\/plejadapl\" id=\"fc96ca03-939f-4dd0-bbb4-9f9a35facad1\" target=\"_blank\">Facebooku<\/a>, <a rel=\"nofollow noopener\" href=\"https:\/\/www.instagram.com\/plejadapl\/\" id=\"62d9ab25-eeb9-4715-b107-595e62fe5644\" target=\"_blank\">Instagramie<\/a>, <a rel=\"nofollow noopener\" href=\"https:\/\/www.youtube.com\/c\/plejada\" id=\"9dbba276-e020-4178-ba41-bae405b4c998\" target=\"_blank\">YouTubie<\/a> oraz <a rel=\"nofollow noopener\" href=\"https:\/\/www.tiktok.com\/@plejada_pl\" id=\"2d2827f2-d164-49d3-ae14-2c4686160e7e\" target=\"_blank\">TikToku<\/a>.<\/p>\n<p class=\"Paragraph_desktopParagraph__U31Gm\">Chcesz podzieli\u0107 si\u0119 ciekawym newsem lub zaproponowa\u0107 temat? Skontaktuj si\u0119 z nami, pisz\u0105c maila na adres: <a href=\"https:\/\/www.onet.pl\/styl-zycia\/plejada\/80-letnia-jaclyn-smith-na-nowym-zdjeciu-gwiazda-aniolkow-charliego-zachwycila\/mailto:plejada@redakcjaonet.pl\" id=\"7d0dc1cf-b215-4544-acdc-0f1dff2f38f5\" rel=\"nofollow noopener\" target=\"_blank\">plejada@redakcjaon<\/a><a rel=\"nofollow noopener\" href=\"http:\/\/et.pl\" id=\"eb1a90bb-9b66-42b0-b860-79398cc6ed0b\" target=\"_blank\">et.pl<\/a>.<\/p>\n<p><script async src=\"\/\/www.instagram.com\/embed.js\"><\/script><script async src=\"\/\/www.tiktok.com\/embed.js\"><\/script><\/p>\n","protected":false},"excerpt":{"rendered":"Aktorka, kt\u00f3ra popularno\u015b\u0107 zdoby\u0142a jako &#8222;Anio\u0142ek Charliego&#8221;, udost\u0119pni\u0142a rodzinne zdj\u0119cie, na kt\u00f3rym pozuje z synem Gastonem. Jaclyn Smith&hellip;\n","protected":false},"author":2,"featured_media":156390,"comment_status":"","ping_status":"","sticky":false,"template":"","format":"standard","meta":{"footnotes":""},"categories":[22],"tags":[122,67,31153,53,52,68,51,55,42,38,40,39,41,123,47,196,65,50],"class_list":{"0":"post-156389","1":"post","2":"type-post","3":"status-publish","4":"format-standard","5":"has-post-thumbnail","7":"category-rozrywka","8":"tag-entertainment","9":"tag-intextvideo_splayer","10":"tag-jaclyn_smith","11":"tag-new_header","12":"tag-onet3","13":"tag-onet3d","14":"tag-onet3d_2i","15":"tag-phx","16":"tag-pl","17":"tag-poland","18":"tag-polish","19":"tag-polska","20":"tag-polski","21":"tag-rozrywka","22":"tag-screening_general","23":"tag-styl_zycia","24":"tag-update_me","25":"tag-v2021"},"share_on_mastodon":{"url":"https:\/\/pubeurope.com\/@pl\/115736012672354677","error":""},"_links":{"self":[{"href":"https:\/\/www.europesays.com\/pl\/wp-json\/wp\/v2\/posts\/156389","targetHints":{"allow":["GET"]}}],"collection":[{"href":"https:\/\/www.europesays.com\/pl\/wp-json\/wp\/v2\/posts"}],"about":[{"href":"https:\/\/www.europesays.com\/pl\/wp-json\/wp\/v2\/types\/post"}],"author":[{"embeddable":true,"href":"https:\/\/www.europesays.com\/pl\/wp-json\/wp\/v2\/users\/2"}],"replies":[{"embeddable":true,"href":"https:\/\/www.europesays.com\/pl\/wp-json\/wp\/v2\/comments?post=156389"}],"version-history":[{"count":0,"href":"https:\/\/www.europesays.com\/pl\/wp-json\/wp\/v2\/posts\/156389\/revisions"}],"wp:featuredmedia":[{"embeddable":true,"href":"https:\/\/www.europesays.com\/pl\/wp-json\/wp\/v2\/media\/156390"}],"wp:attachment":[{"href":"https:\/\/www.europesays.com\/pl\/wp-json\/wp\/v2\/media?parent=156389"}],"wp:term":[{"taxonomy":"category","embeddable":true,"href":"https:\/\/www.europesays.com\/pl\/wp-json\/wp\/v2\/categories?post=156389"},{"taxonomy":"post_tag","embeddable":true,"href":"https:\/\/www.europesays.com\/pl\/wp-json\/wp\/v2\/tags?post=156389"}],"curies":[{"name":"wp","href":"https:\/\/api.w.org\/{rel}","templated":true}]}}