{"id":156421,"date":"2025-12-17T17:25:08","date_gmt":"2025-12-17T17:25:08","guid":{"rendered":"https:\/\/www.europesays.com\/pl\/156421\/"},"modified":"2025-12-17T17:25:08","modified_gmt":"2025-12-17T17:25:08","slug":"braun-za-importem-rosyjskiego-gazu-fala-komentarzy-glos-kremla-w-europie","status":"publish","type":"post","link":"https:\/\/www.europesays.com\/pl\/156421\/","title":{"rendered":"Braun za importem rosyjskiego gazu. Fala komentarzy. &#8222;G\u0142os Kremla w Europie&#8221;"},"content":{"rendered":"<p class=\"ods-c-paragraph \"><a href=\"https:\/\/wiadomosci.onet.pl\/swiat\/europoslowie-przeciwko-importowi-gazu-z-rosji-jest-rozporzadzenie\/x3heyhq\" id=\"f8b38a9a-c2fd-43ea-9a34-19d9825efb0f\" rel=\"nofollow noopener\" target=\"_blank\">500 europos\u0142\u00f3w opowiedzia\u0142o si\u0119 w \u015brod\u0119 za ca\u0142kowitym zakazem importu rosyjskiego gazu<\/a>, 120 by\u0142o przeciw, 32 nie odda\u0142o g\u0142osu. Tym sposobem PE oficjalnie zatwierdzi\u0142 porozumienie wynegocjowane na pocz\u0105tku grudnia mi\u0119dzy du\u0144sk\u0105 prezydencj\u0105 w Radzie UE w imieniu pa\u0144stw cz\u0142onkowskich a przedstawicielami europarlamentu. W\u015br\u00f3d g\u0142osuj\u0105cych przeciwko przyj\u0119ciu rozporz\u0105dzenia by\u0142 Grzegorz Braun.<\/p>\n<p>Dalszy ci\u0105g artyku\u0142u pod materia\u0142em wideo<\/p>\n<p> Dlaczego Grzegorz Braun g\u0142osowa\u0142 przeciwko zakazowi importu rosyjskiego gazu? <\/p>\n<p> Jakie komentarze wywo\u0142a\u0142a decyzja Grzegorza Brauna? <\/p>\n<p> Ilu europos\u0142\u00f3w by\u0142o przeciwko zakazowi importu rosyjskiego gazu? <\/p>\n<p> Kto napisa\u0142, \u017ce Braun to 'g\u0142os Kremla w Europie&#8217;? <\/p>\n<p>  Fala komentarzy. &#8222;G\u0142os Kremla w Europie&#8221;<\/p>\n<p class=\"ods-c-paragraph \">Decyzja europos\u0142a Konfederacji Korony Polskiej wywo\u0142a\u0142a w mediach spo\u0142eczno\u015bciowych fal\u0119 komentarzy. Rzecznik rz\u0105du Adam Sz\u0142apka napisa\u0142 w mediach spo\u0142eczno\u015bciowych, \u017ce Grzegorz Braun jest &#8222;g\u0142osem Kremla w Europie&#8221;.<\/p>\n<p class=\"ods-c-paragraph \">&#8222;UE wprowadza trwa\u0142y zakaz importu rosyjskiego gazu. Braun przeciw, Bry\u0142ka si\u0119 wstrzyma\u0142a. Wszystko ju\u017c jasne!&#8221; \u2014 pisze europose\u0142 KO Dariusz Jo\u0144ski.<\/p>\n<p class=\"ods-c-paragraph \">Kamila Gasiuk-Pihowicz uwa\u017ca za\u015b, \u017ce &#8222;ka\u017cdy, kto wejdzie z Braunem w koalicj\u0119 zdradzi Polsk\u0119, zdradzi \u00bbSolidarno\u015b\u0107\u00ab i wprowadzi do Polski ruski mir&#8221;.<\/p>\n<p class=\"ods-c-paragraph \">&#8222;Parlament Europejski mia\u017cd\u017c\u0105c\u0105 wi\u0119kszo\u015bci\u0105 przeg\u0142osowa\u0142 odej\u015bcie od rosyjskiego gazu. Jedynym Polakiem g\u0142osuj\u0105cym przeciw by\u0142 Grzegorz Braun. Ciekawe czy Karol Nawrocki jest z niego dumny?&#8221; \u2014 zastanawia si\u0119 Borys Budka.<\/p>\n","protected":false},"excerpt":{"rendered":"500 europos\u0142\u00f3w opowiedzia\u0142o si\u0119 w \u015brod\u0119 za ca\u0142kowitym zakazem importu rosyjskiego gazu, 120 by\u0142o przeciw, 32 nie odda\u0142o&hellip;\n","protected":false},"author":2,"featured_media":156422,"comment_status":"","ping_status":"","sticky":false,"template":"","format":"standard","meta":{"footnotes":""},"categories":[14],"tags":[32,33,1008,27,49,34,35,28,31,48,25,46,2179,40,41,87,47,80,29,30,86,26,82,83,84],"class_list":{"0":"post-156421","1":"post","2":"type-post","3":"status-publish","4":"format-standard","5":"has-post-thumbnail","7":"category-swiat","8":"tag-breaking-news","9":"tag-breakingnews","10":"tag-grzegorz_braun","11":"tag-headlines","12":"tag-kraj","13":"tag-latest-news","14":"tag-latestnews","15":"tag-naglowki","16":"tag-najwazniejsze-artykuly","17":"tag-nat_styl","18":"tag-news","19":"tag-omp","20":"tag-parlament_europejski","21":"tag-polish","22":"tag-polski","23":"tag-rosja","24":"tag-screening_general","25":"tag-swiat","26":"tag-top-stories","27":"tag-topstories","28":"tag-unia_europejska","29":"tag-wiadomosci","30":"tag-world","31":"tag-world-news","32":"tag-worldnews"},"share_on_mastodon":{"url":"https:\/\/pubeurope.com\/@pl\/115736079641639297","error":""},"_links":{"self":[{"href":"https:\/\/www.europesays.com\/pl\/wp-json\/wp\/v2\/posts\/156421","targetHints":{"allow":["GET"]}}],"collection":[{"href":"https:\/\/www.europesays.com\/pl\/wp-json\/wp\/v2\/posts"}],"about":[{"href":"https:\/\/www.europesays.com\/pl\/wp-json\/wp\/v2\/types\/post"}],"author":[{"embeddable":true,"href":"https:\/\/www.europesays.com\/pl\/wp-json\/wp\/v2\/users\/2"}],"replies":[{"embeddable":true,"href":"https:\/\/www.europesays.com\/pl\/wp-json\/wp\/v2\/comments?post=156421"}],"version-history":[{"count":0,"href":"https:\/\/www.europesays.com\/pl\/wp-json\/wp\/v2\/posts\/156421\/revisions"}],"wp:featuredmedia":[{"embeddable":true,"href":"https:\/\/www.europesays.com\/pl\/wp-json\/wp\/v2\/media\/156422"}],"wp:attachment":[{"href":"https:\/\/www.europesays.com\/pl\/wp-json\/wp\/v2\/media?parent=156421"}],"wp:term":[{"taxonomy":"category","embeddable":true,"href":"https:\/\/www.europesays.com\/pl\/wp-json\/wp\/v2\/categories?post=156421"},{"taxonomy":"post_tag","embeddable":true,"href":"https:\/\/www.europesays.com\/pl\/wp-json\/wp\/v2\/tags?post=156421"}],"curies":[{"name":"wp","href":"https:\/\/api.w.org\/{rel}","templated":true}]}}