{"id":156425,"date":"2025-12-17T17:27:09","date_gmt":"2025-12-17T17:27:09","guid":{"rendered":"https:\/\/www.europesays.com\/pl\/156425\/"},"modified":"2025-12-17T17:27:09","modified_gmt":"2025-12-17T17:27:09","slug":"kuriozalna-sytuacja-po-afterze-u-morawieckiego-dzwonili-zeby-sie-wytlumaczyc","status":"publish","type":"post","link":"https:\/\/www.europesays.com\/pl\/156425\/","title":{"rendered":"Kuriozalna sytuacja po &#8222;afterze&#8221; u Morawieckiego. &#8222;Dzwonili, \u017ceby si\u0119 wyt\u0142umaczy\u0107&#8221;"},"content":{"rendered":"<p>Do pos\u0142\u00f3w dzwoni biuro klubu parlamentarnego PiS. G\u0142os w s\u0142uchawce obwieszcza: &#8222;jedyn\u0105 oficjaln\u0105 wigili\u0105 partii jest spotkanie przy ul. Nowogrodzkiej o godz. 18. Ka\u017cda inna wigilia jest szkodliwa dla Polski i dla partii.&#8221;<\/p>\n<p>\u2014 Po takich s\u0142owach to strach nawet na w\u0142asn\u0105 wigili\u0119 w domu p\u00f3j\u015b\u0107 \u2014 \u015bmieje si\u0119 jeden z pos\u0142\u00f3w PiS, kt\u00f3ry odebra\u0142 telefon z takim &#8222;zaproszeniem&#8221;. Nie by\u0142 jedyny, bo kilku innych naszych rozm\u00f3wc\u00f3w tak\u017ce potwierdza, \u017ce odebra\u0142o taki telefon.<\/p>\n<p>To w partii zosta\u0142o odebrane jako &#8222;gest konfrontacyjny&#8221; wobec prezesa Kaczy\u0144skiego. Ludzie Morawieckigo zacz\u0119li \u0142agodzi\u0107 przekaz i m\u00f3wi\u0107 nie o &#8222;drugiej wigilii&#8221;, ale o &#8222;afterku&#8221; po spotkaniu na Nowogrodzkiej. Nim politycy PiS po\u0142amali si\u0119 ze sob\u0105 op\u0142atkiem, w partii wybuch\u0142 jeszcze jeden kryzys. Na polecenie prezesa Kaczy\u0144skiego Mateusza Morawieckiego zaatakowa\u0142 Jacek Kurski.<\/p>\n<p>Wpis usun\u0105\u0142 w trakcie partyjnej wigilii, ale napi\u0119cia pomi\u0119dzy by\u0142ym premierem i jego lud\u017ami a reszt\u0105 partii zm\u0105ci\u0142y \u015bwi\u0105teczn\u0105 atmosfer\u0119. Mateusz Morawiecki tym razem za\u0142apa\u0142 si\u0119 na rodzinn\u0105 fotografi\u0119 z uczestnikami spotkania wigilijnego, ale \u2014 jak s\u0142yszymy \u2014 z nikim nie z\u0142o\u017cy\u0142 sobie \u017cycze\u0144 i opu\u015bci\u0142 Nowogrodzk\u0105, by przed spotkaniem u siebie zd\u0105\u017cy\u0107 jeszcze da\u0107 wywiad Polsatowi.<\/p>\n<p>Swoje na wigilii partyjnej do\u0142o\u017cy\u0142 jednak prezes Kaczy\u0144ski.<\/p>\n<p class=\"Paragraph_desktopParagraph__U31Gm\">Nim pos\u0142owie i pos\u0142anki zacz\u0119li \u0142ama\u0107 si\u0119 op\u0142atkiem, przypomnia\u0142 im, \u017ce &#8222;wigilia jest tylko jedna&#8221;.<\/p>\n<p class=\"Paragraph_desktopParagraph__U31Gm\">\u2014 To znowu zabrzmia\u0142o jak gro\u017aba, \u017ce kto pojawi si\u0119 wieczorem u Morawieckiego, mo\u017ce mie\u0107 k\u0142opoty \u2014 relacjonuje nam pose\u0142 PiS obecny na tej partyjnej wigilii.<\/p>\n<p class=\"Paragraph_desktopParagraph__U31Gm\">Ale od naszych rozm\u00f3wc\u00f3w s\u0142yszymy te\u017c, \u017ce otoczenie by\u0142ego premiera mia\u0142o rozpuszcza\u0107 informacj\u0119, \u017ce na p\u00f3\u017aniejsze spotkanie (finalnie zacz\u0119\u0142o si\u0119 ono o godz. 21.30), w biurze Mateusza Morawieckiego prezes te\u017c si\u0119 wybiera.<\/p>\n<p class=\"Paragraph_desktopParagraph__U31Gm\">\u2014 To mia\u0142o zach\u0119ci\u0107 ludzi, \u017ceby przyj\u015b\u0107 do lokalu przy Lwowskiej. A Mateusz m\u00f3g\u0142by pochwali\u0107 si\u0119, ile os\u00f3b za nim stoi \u2014 m\u00f3wi nam rozm\u00f3wca z PiS. I rzeczywi\u015bcie tak by\u0142o, bo by\u0142y premier zrobi\u0142 sobie zdj\u0119cie z go\u015b\u0107mi, kt\u00f3re p\u00f3\u017aniej w sieci upubliczni\u0142a pos\u0142anka Olga Semeniuk-Patkowska. Wida\u0107 na nim grup\u0119 oko\u0142o 50 os\u00f3b (zaproszonych by\u0142a oko\u0142o setka).<\/p>\n<p>Mateusz Morawiecki pokazuje swoje &#8222;szable&#8221;. Nie brakowa\u0142o zaskocze\u0144 <\/p>\n<p class=\"Paragraph_desktopParagraph__U31Gm\">Byli w\u015br\u00f3d nich bliscy wsp\u00f3\u0142pracownicy Morawieckiego, jak Micha\u0142 Dworczyk czy Piotr Muller. Europos\u0142owie dla partyjnej wigilii i &#8222;afterka&#8221; na Lwowskiej zrezygnowali nawet z udzia\u0142u z trwaj\u0105cej w Strasburgu sesji Parlamentu Europejskiego. Opr\u00f3cz nich pojawili si\u0119 byli wiceministrowie w rz\u0105dzie Morawieckiego, jak np. Ireneusz Zyska, Anna Schmidt czy Grzegorz Puda. Ale na zdj\u0119ciu mo\u017cna dostrzec tak\u017ce kilka nieoczywistych, niekojarzonych z frakcj\u0105 by\u0142ego premiera polityk\u00f3w. Tak jest w przypadku podkarpackich pos\u0142\u00f3w: Tadeusza Chrzana, Fryderyka Kapinosa czy Teresy Pamu\u0142y. A tak\u017ce je\u015bli chodzi o Filipa Kaczy\u0144skiego, pos\u0142a z Wadowic uznawanego raczej za cz\u0142owieka Beaty Szyd\u0142o.<\/p>\n<p class=\"Paragraph_desktopParagraph__U31Gm\">Od polityk\u00f3w zwi\u0105zanych blisko z Mateuszem Morawieckim s\u0142yszymy, \u017ce pojawienie si\u0119 tak &#8222;szerokiego&#8221; grona polityk\u00f3w by\u0142o sygna\u0142em do tego, jak &#8222;ceni\u0105 sobie prac\u0119 by\u0142ego premiera&#8221;.<\/p>\n<p class=\"Paragraph_desktopParagraph__U31Gm\">\u2014 Oko\u0142o 50 os\u00f3b na 188-osobowy klub parlamentarny to niezbyt mocny sygna\u0142 \u2014 rzucam do jednego z polityk\u00f3w PiS widocznego na zdj\u0119ciu z Lwowskiej.<\/p>\n<p class=\"Paragraph_desktopParagraph__U31Gm\">\u2014 Znam osoby, kt\u00f3re nie przysz\u0142y, bo przestraszy\u0142y si\u0119 kierownictwa \u2014 twierdzi m\u00f3j rozm\u00f3wca.<\/p>\n<p>Kuriozalna sytuacja po wigilii u Morawieckiego. &#8222;Dzwonili, \u017ceby si\u0119 wyt\u0142umaczy\u0107&#8221; <\/p>\n<p class=\"Paragraph_desktopParagraph__U31Gm\">Nazajutrz po wigiliach PiS dosz\u0142o jednak do kuriozalnej sytuacji. Z informacji Onetu wynika, \u017ce niekt\u00f3rzy politycy PiS, kt\u00f3rzy uczestniczyli w imprezie organizowanej przez Mateusza Morawieckiego w jednej z kamienic przy ul. Lwowskiej w Warszawie, wydzwaniali w \u015brod\u0119 na Nowogrodzk\u0105, by si\u0119 wyt\u0142umaczy\u0107 z obecno\u015bci na &#8222;afterku&#8221;.<\/p>\n<p class=\"Paragraph_desktopParagraph__U31Gm\">Na zdj\u0119ciu opublikowanym przez Olg\u0119 Semeniuk-Patkowsk\u0105 objawi\u0142o si\u0119 kilkadziesi\u0105t os\u00f3b. To daleko wi\u0119cej ni\u017c dotychczasowe szacunki dotycz\u0105ce okre\u015blenia wielko\u015bci grupy uchodz\u0105cej za wspieraj\u0105c\u0105 Mateusza Morawieckiego.To mog\u0142oby \u015bwiadczy\u0107 o tym, \u017ce stronnicy by\u0142ego premiera s\u0105 o wiele bardziej liczni, ni\u017c mo\u017cna by\u0142o dotychczas s\u0105dzi\u0107. Ewidentnie jednak niekt\u00f3rzy wystraszyli si\u0119 przypi\u0119cia im \u0142atki &#8222;M&amp;M-s\u00f3w, ewentualnie &#8222;harcerzy&#8221; albo &#8222;margaryniarzy&#8221;. Zw\u0142aszcza \u017ce tym drugim okre\u015bleniem byli opisywani politycy PiS raczej m\u0142odszego pokolenia.<\/p>\n<p class=\"Paragraph_desktopParagraph__U31Gm\">\u2014 Je\u015bli t\u0142o Morawieckiego tworzy m.in. Krzysztof Lipiec, lat 66, to trudno m\u00f3wi\u0107 o m\u0142odych, kt\u00f3rzy wspieraj\u0105 Mateusza \u2014 komentuje jeden z naszych rozm\u00f3wc\u00f3w z PiS.<\/p>\n<p class=\"Paragraph_desktopParagraph__U31Gm\">Inny dodaje: \u2014 Ci, kt\u00f3rzy objawili si\u0119 na tym zdj\u0119ciu, stanowi\u0105 drugi, a nawet trzeci szereg PiS.<\/p>\n<p class=\"Paragraph_desktopParagraph__U31Gm\">Pytanie, dlaczego cz\u0119\u015b\u0107 uczestnik\u00f3w spotkania u Mateusza Morawieckiego chce si\u0119 t\u0142umaczy\u0107 w centrali partyjnej. \u2014 Niekt\u00f3rzy \u015bwi\u0119cie wierzyli, \u017ce to tzw. afterek po spotkaniu wigilijnym na Nowogrodzkiej. Nie przypuszczali, \u017ce zostanie to odebrane jako deklaracja przynale\u017cno\u015bci do jakiej\u015b frakcji \u2014 odpowiada nasz rozm\u00f3wca.<\/p>\n<p class=\"Paragraph_desktopParagraph__U31Gm\">\u2014 Przecie\u017c ten temat by\u0142 mocno eksploatowany w mediach w ostatnich dniach. Ci ludzie musieli si\u0119 spodziewa\u0107, \u017ce taki b\u0119dzie odbi\u00f3r ich obecno\u015bci \u2014 zauwa\u017camy.<\/p>\n<p class=\"Paragraph_desktopParagraph__U31Gm\">\u2014 Prosz\u0119 mi wierzy\u0107, przecenia pan zdolno\u015bci intelektualne cz\u0119\u015bci moich koleg\u00f3w \u2014 kwituje polityk PiS.<\/p>\n","protected":false},"excerpt":{"rendered":"Do pos\u0142\u00f3w dzwoni biuro klubu parlamentarnego PiS. G\u0142os w s\u0142uchawce obwieszcza: &#8222;jedyn\u0105 oficjaln\u0105 wigili\u0105 partii jest spotkanie przy&hellip;\n","protected":false},"author":2,"featured_media":156426,"comment_status":"","ping_status":"","sticky":false,"template":"","format":"standard","meta":{"footnotes":""},"categories":[5],"tags":[56,32,33,36,37,27,67,422,34,35,1656,28,31,53,25,52,68,51,55,42,38,40,39,41,868,47,29,30,341,50,26],"class_list":{"0":"post-156425","1":"post","2":"type-post","3":"status-publish","4":"format-standard","5":"has-post-thumbnail","7":"category-naglowki","8":"tag-article_premium","9":"tag-breaking-news","10":"tag-breakingnews","11":"tag-featured-news","12":"tag-featurednews","13":"tag-headlines","14":"tag-intextvideo_splayer","15":"tag-jaroslaw_kaczynski","16":"tag-latest-news","17":"tag-latestnews","18":"tag-mateusz_morawiecki_polityk","19":"tag-naglowki","20":"tag-najwazniejsze-artykuly","21":"tag-new_header","22":"tag-news","23":"tag-onet3","24":"tag-onet3d","25":"tag-onet3d_2i","26":"tag-phx","27":"tag-pl","28":"tag-poland","29":"tag-polish","30":"tag-polska","31":"tag-polski","32":"tag-prawo_i_sprawiedliwosc_pis","33":"tag-screening_general","34":"tag-top-stories","35":"tag-topstories","36":"tag-tylko_w_onecie","37":"tag-v2021","38":"tag-wiadomosci"},"share_on_mastodon":{"url":"","error":"Validation failed: Text character limit of 500 exceeded"},"_links":{"self":[{"href":"https:\/\/www.europesays.com\/pl\/wp-json\/wp\/v2\/posts\/156425","targetHints":{"allow":["GET"]}}],"collection":[{"href":"https:\/\/www.europesays.com\/pl\/wp-json\/wp\/v2\/posts"}],"about":[{"href":"https:\/\/www.europesays.com\/pl\/wp-json\/wp\/v2\/types\/post"}],"author":[{"embeddable":true,"href":"https:\/\/www.europesays.com\/pl\/wp-json\/wp\/v2\/users\/2"}],"replies":[{"embeddable":true,"href":"https:\/\/www.europesays.com\/pl\/wp-json\/wp\/v2\/comments?post=156425"}],"version-history":[{"count":0,"href":"https:\/\/www.europesays.com\/pl\/wp-json\/wp\/v2\/posts\/156425\/revisions"}],"wp:featuredmedia":[{"embeddable":true,"href":"https:\/\/www.europesays.com\/pl\/wp-json\/wp\/v2\/media\/156426"}],"wp:attachment":[{"href":"https:\/\/www.europesays.com\/pl\/wp-json\/wp\/v2\/media?parent=156425"}],"wp:term":[{"taxonomy":"category","embeddable":true,"href":"https:\/\/www.europesays.com\/pl\/wp-json\/wp\/v2\/categories?post=156425"},{"taxonomy":"post_tag","embeddable":true,"href":"https:\/\/www.europesays.com\/pl\/wp-json\/wp\/v2\/tags?post=156425"}],"curies":[{"name":"wp","href":"https:\/\/api.w.org\/{rel}","templated":true}]}}