{"id":156470,"date":"2025-12-17T17:50:11","date_gmt":"2025-12-17T17:50:11","guid":{"rendered":"https:\/\/www.europesays.com\/pl\/156470\/"},"modified":"2025-12-17T17:50:11","modified_gmt":"2025-12-17T17:50:11","slug":"edyta-pazura-ubrala-dom-na-swieta-gigantyczne-kokardy-to-nie-wszystko-wideo","status":"publish","type":"post","link":"https:\/\/www.europesays.com\/pl\/156470\/","title":{"rendered":"Edyta Pazura ubra\u0142a dom na \u015bwi\u0119ta. Gigantyczne kokardy to nie wszystko [WIDEO]"},"content":{"rendered":"<p class=\"ods-c-paragraph \"><a href=\"https:\/\/plejada.pl\/temat\/edyta-pazura\/g68smgv\" id=\"bb5d2ae0-303d-46db-b560-d0c6b07228e8\" rel=\"nofollow noopener\" target=\"_blank\">Edyta Pazura<\/a> nale\u017cy do grona celebryt\u00f3w aktywnie dzia\u0142aj\u0105cych w mediach spo\u0142eczno\u015bciowych. Jej profil na Instagramie obserwuje a\u017c 269 tys. u\u017cytkownik\u00f3w. To w\u0142a\u015bnie tam ch\u0119tnie chwali si\u0119 kadrami swojego rodzinnego azylu. Na pocz\u0105tku grudnia, celebrytka pokazywa\u0142a, jak dekoruje dom \u015bwie\u017cymi kwiatami. Tym razem pochwali\u0142a si\u0119 \u015bwi\u0105tecznymi dekoracjami.<\/p>\n<p>Dalszy ci\u0105g artyku\u0142u pod materia\u0142em wideo<\/p>\n<p> Jak Edyta Pazura dekoruje dom na \u015bwi\u0119ta? <\/p>\n<p> Co znajduje si\u0119 na szczycie choinki Edyty Pazury? <\/p>\n<p> Jakie opinie maj\u0105 fani o dekoracjach Edyty Pazury? <\/p>\n<p> Gdzie Edyta Pazura dzieli si\u0119 swoimi dekoracjami? <\/p>\n<p>  Edyta Pazura pokaza\u0142a \u015bwi\u0105teczne dekoracje. &#8222;Magicznie&#8221;<\/p>\n<p class=\"ods-c-paragraph \">Na nagraniu opublikowanym w mediach spo\u0142eczno\u015bciowych Edyta Pazura pokaza\u0142a, jak przemienia dom w \u015bwi\u0105teczn\u0105 oaz\u0119. Kominek ozdobi\u0142 masywny \u0142a\u0144cuch oraz lampiony, a dope\u0142nieniem klimatu s\u0105 poduszki z motywami \u015bwi\u0105tecznymi, wieniec z okaza\u0142\u0105 kokard\u0105, \u015bwiece i \u2013 co najwa\u017cniejsze \u2013 choinka. <\/p>\n<p class=\"ods-c-paragraph \">Zamiast tradycyjnej gwiazdy na jej szczycie pojawi\u0142a si\u0119 ogromna kokarda, kt\u00f3ra szybko sta\u0142a si\u0119 g\u0142\u00f3wnym tematem komentarzy internaut\u00f3w. <\/p>\n<blockquote class=\"ods-o-quota\">\n<p class=\"ods-o-quota__paragraph\">Przytulnie i domowo, a w powietrzu unosi si\u0119 zapach lasu zmieszany z aromatem korzennych ciastek. Tak zawsze sobie marzy\u0142am<\/p>\n<\/blockquote>\n<p class=\"ods-c-paragraph \"> \u2013 napisa\u0142a Pazura pod nagraniem.<\/p>\n<p class=\"ods-c-paragraph \">Fani nie kryj\u0105 zachwytu. \u201eCudownie\u201d, \u201eMagicznie\u201d, \u201eWspania\u0142e wn\u0119trze\u201d \u2013 to tylko niekt\u00f3re z opinii, kt\u00f3re pojawi\u0142y si\u0119 pod postem. Wed\u0142ug komentuj\u0105cych, w takim otoczeniu \u015bwi\u0119ta musz\u0105 by\u0107 wyj\u0105tkowe.<\/p>\n<p class=\"ods-c-paragraph \">Dzi\u0119kujemy, \u017ce przeczyta\u0142a\u015b\/e\u015b nasz artyku\u0142 do ko\u0144ca. W serwisie Plejada.pl ka\u017cdego dnia piszemy o najwa\u017cniejszych wydarzeniach show-biznesowych. B\u0105d\u017a na bie\u017c\u0105co! <a rel=\"nofollow noopener\" href=\"https:\/\/profile.google.com\/cp\/Cg0vZy8xMWJ6X19wdHBx\" id=\"0792fdbe-52f8-401e-bbbf-9a186d804d9f\" target=\"_blank\">Obserwuj<\/a> Plejad\u0119 w Google. Odwied\u017a nas tak\u017ce na <a rel=\"nofollow noopener\" href=\"https:\/\/www.facebook.com\/plejadapl\" id=\"7e4ee232-3fb2-400e-a8c5-0cc1fa8e07ef\" target=\"_blank\">Facebooku<\/a>, <a rel=\"nofollow noopener\" href=\"https:\/\/www.instagram.com\/plejadapl\/\" id=\"a85194bd-b6d8-41a8-9988-ccf6c1d63bbc\" target=\"_blank\">Instagramie<\/a>, <a rel=\"nofollow noopener\" href=\"https:\/\/www.youtube.com\/c\/plejada\" id=\"a6517d4b-3198-4dbc-8ca4-86caddd2f53b\" target=\"_blank\">YouTubie<\/a> oraz <a rel=\"nofollow noopener\" href=\"https:\/\/www.tiktok.com\/@plejada_pl\" id=\"6d120de1-c9a4-4c25-bd02-4093b8933128\" target=\"_blank\">TikToku<\/a>.<\/p>\n<p class=\"ods-c-paragraph \">Chcesz podzieli\u0107 si\u0119 ciekawym newsem lub zaproponowa\u0107 temat? Skontaktuj si\u0119 z nami, pisz\u0105c maila na adres: <a rel=\"nofollow noopener\" href=\"https:\/\/plejada.pl\/newsy\/edyta-pazura-ubrala-dom-na-swieta-gigantyczne-kokardy-to-nie-wszystko-wideo\/mailto:plejada@redakcjaonet.pl\" id=\"80743aae-2e10-4868-b42c-ca65aa487ab0\" target=\"_blank\">plejada@redakcjaon<\/a><a href=\"https:\/\/et.pl\" id=\"390d811f-12c2-4bb2-b985-c0db03680a91\" rel=\"nofollow noopener\" target=\"_blank\">et.pl<\/a>.<\/p>\n<p><script async src=\"\/\/www.instagram.com\/embed.js\"><\/script><script async src=\"\/\/www.tiktok.com\/embed.js\"><\/script><\/p>\n","protected":false},"excerpt":{"rendered":"Edyta Pazura nale\u017cy do grona celebryt\u00f3w aktywnie dzia\u0142aj\u0105cych w mediach spo\u0142eczno\u015bciowych. Jej profil na Instagramie obserwuje a\u017c 269&hellip;\n","protected":false},"author":2,"featured_media":156471,"comment_status":"","ping_status":"","sticky":false,"template":"","format":"standard","meta":{"footnotes":""},"categories":[22],"tags":[23150,27076,22269,122,48,125,46,42,38,40,39,41,25865,123,47,5806],"class_list":{"0":"post-156470","1":"post","2":"type-post","3":"status-publish","4":"format-standard","5":"has-post-thumbnail","7":"category-rozrywka","8":"tag-boze_narodzenie_wigilia","9":"tag-dekoracje_swiateczne","10":"tag-edyta_pazura","11":"tag-entertainment","12":"tag-nat_styl","13":"tag-newsy","14":"tag-omp","15":"tag-pl","16":"tag-poland","17":"tag-polish","18":"tag-polska","19":"tag-polski","20":"tag-rebrand_ai_tst0","21":"tag-rozrywka","22":"tag-screening_general","23":"tag-swieta"},"share_on_mastodon":{"url":"https:\/\/pubeurope.com\/@pl\/115736177687402430","error":""},"_links":{"self":[{"href":"https:\/\/www.europesays.com\/pl\/wp-json\/wp\/v2\/posts\/156470","targetHints":{"allow":["GET"]}}],"collection":[{"href":"https:\/\/www.europesays.com\/pl\/wp-json\/wp\/v2\/posts"}],"about":[{"href":"https:\/\/www.europesays.com\/pl\/wp-json\/wp\/v2\/types\/post"}],"author":[{"embeddable":true,"href":"https:\/\/www.europesays.com\/pl\/wp-json\/wp\/v2\/users\/2"}],"replies":[{"embeddable":true,"href":"https:\/\/www.europesays.com\/pl\/wp-json\/wp\/v2\/comments?post=156470"}],"version-history":[{"count":0,"href":"https:\/\/www.europesays.com\/pl\/wp-json\/wp\/v2\/posts\/156470\/revisions"}],"wp:featuredmedia":[{"embeddable":true,"href":"https:\/\/www.europesays.com\/pl\/wp-json\/wp\/v2\/media\/156471"}],"wp:attachment":[{"href":"https:\/\/www.europesays.com\/pl\/wp-json\/wp\/v2\/media?parent=156470"}],"wp:term":[{"taxonomy":"category","embeddable":true,"href":"https:\/\/www.europesays.com\/pl\/wp-json\/wp\/v2\/categories?post=156470"},{"taxonomy":"post_tag","embeddable":true,"href":"https:\/\/www.europesays.com\/pl\/wp-json\/wp\/v2\/tags?post=156470"}],"curies":[{"name":"wp","href":"https:\/\/api.w.org\/{rel}","templated":true}]}}