{"id":156494,"date":"2025-12-17T18:04:13","date_gmt":"2025-12-17T18:04:13","guid":{"rendered":"https:\/\/www.europesays.com\/pl\/156494\/"},"modified":"2025-12-17T18:04:13","modified_gmt":"2025-12-17T18:04:13","slug":"maciej-pela-ma-juz-plany-na-swieta-zdradza-czy-spedzi-je-z-corkami","status":"publish","type":"post","link":"https:\/\/www.europesays.com\/pl\/156494\/","title":{"rendered":"Maciej Pela ma ju\u017c plany na \u015bwi\u0119ta. Zdradza, czy sp\u0119dzi je z c\u00f3rkami"},"content":{"rendered":"<p class=\"Paragraph_desktopParagraph__U31Gm\">Jeszcze niedawno Maciej Pela zosta\u0142 zapytany przez serwis Jastrz\u0105b Post o to, jak zamierza sp\u0119dzi\u0107 Bo\u017ce Narodzenie. Tancerz zaznaczy\u0142 w\u00f3wczas: &#8222;Czekam na decyzje, kt\u00f3re nie zale\u017c\u0105 ode mnie, dlatego na ten moment nie jestem w stanie niczego przes\u0105dzi\u0107&#8221;.<\/p>\n<p class=\"Paragraph_desktopParagraph__U31Gm\">Teraz ju\u017c wszystko jest jasne. W rozmowie z Plejad\u0105 Maciej Pela opowiada, w jaki spos\u00f3b sp\u0119dzi pierwszy dzie\u0144 \u015bwi\u0105t. Okazuje si\u0119, \u017ce wraz ze swoimi c\u00f3rkami wyje\u017cd\u017ca do bliskich.<\/p>\n<blockquote>\n<p class=\"Paragraph_desktopParagraph__U31Gm\">Pierwszy dzie\u0144 \u015bwi\u0105t sp\u0119dzamy rodzinnie. Jad\u0119 z c\u00f3rkami do rodzic\u00f3w, gdzie b\u0119dzie m\u00f3j dziadek, ca\u0142e rodze\u0144stwo wraz z dzie\u0107mi \u2014 cztery pokolenia, \u0142\u0105cznie 19 os\u00f3b! <\/p>\n<\/blockquote>\n<p class=\"Paragraph_desktopParagraph__U31Gm\">\u2014 ujawnia.<\/p>\n<ul class=\"OchatFollowUps_wrapper__1ry7X\">\n<li class=\"OchatFollowUps_item__Dhyly OchatFollowUps_itemDesktop__R6aBv\">Gdzie Maciej Pela sp\u0119dzi \u015bwi\u0119ta?<\/li>\n<li class=\"OchatFollowUps_item__Dhyly OchatFollowUps_itemDesktop__R6aBv\">Ile os\u00f3b b\u0119dzie na \u015bwi\u0119tach u Macieja Peli?<\/li>\n<li class=\"OchatFollowUps_item__Dhyly OchatFollowUps_itemDesktop__R6aBv\">Jakie prezenty poprosi\u0142y c\u00f3rki Macieja Peli?<\/li>\n<li class=\"OchatFollowUps_item__Dhyly OchatFollowUps_itemDesktop__R6aBv\">Co przygotowuj\u0105 cz\u0142onkowie rodziny do jedzenia na \u015bwi\u0119ta?<\/li>\n<\/ul>\n<p>Maciej Pela ujawnia swoje plany na \u015bwi\u0119ta <\/p>\n<p class=\"Paragraph_desktopParagraph__U31Gm\">\u2014 To jest u nas swego rodzaju tradycja, sp\u0119dzenie czasu \u015bwi\u0105tecznego w gronie najbli\u017cszych, piel\u0119gnuj\u0105c warto\u015bci rodzinne \u2014 m\u00f3wi. Maciej Pela przyznaje, \u017ce wraz z rodzin\u0105 staraj\u0105 si\u0119 dzieli\u0107 obowi\u0105zkami. Razem z rodze\u0144stwem zajmujemy si\u0119 wypiekami, cho\u0107 w ubieg\u0142ym roku do\u0142\u0105czy\u0142 r\u00f3wnie\u017c do przygotowywania potraw.<\/p>\n<blockquote>\n<p class=\"Paragraph_desktopParagraph__U31Gm\">W domu rodzinnym od lat praktykujemy podzia\u0142 obowi\u0105zk\u00f3w kuchennych. Mama zajmuje si\u0119 potrawami s\u0142onymi, a ja z rodze\u0144stwem ciastami<\/p>\n<\/blockquote>\n<p class=\"Paragraph_desktopParagraph__U31Gm\">\u2014 Aczkolwiek w zesz\u0142ym roku wy\u0142ama\u0142em si\u0119 z tej tradycji, bo wzi\u0105\u0142em si\u0119 za lepienie uszek i zrobi\u0142em wegetaria\u0144skie go\u0142\u0105bki \u2014 opowiada.<\/p>\n<p class=\"Paragraph_desktopParagraph__U31Gm\">Z okazji \u015bwi\u0105t nie mo\u017ce zabrakn\u0105\u0107 r\u00f3wnie\u017c prezent\u00f3w. C\u00f3rki tancerza, Gabriela i Emilia, wsp\u00f3lnie napisa\u0142y list z \u017cyczeniami.<\/p>\n<blockquote>\n<p class=\"Paragraph_desktopParagraph__U31Gm\">Dziewczyny napisa\u0142y listy do Miko\u0142aja. Emilka wspaniale pomaga\u0142a siostrze w pisaniu listu. Poprosi\u0142y o sanki, rolki oraz takie drobiazgi jak naklejki, s\u0142odycze, wycinanki<\/p>\n<\/blockquote>\n<p class=\"Paragraph_desktopParagraph__U31Gm\">\u2014 zdradza.<\/p>\n<p><img decoding=\"async\" class=\"Image_image__0tuHp Image_autoHeight__f2n87 \" height=\"587\" width=\"878\" src=\"https:\/\/www.europesays.com\/pl\/wp-content\/uploads\/2025\/12\/zeJk9kpTURBXy8wYTEzNmQwODQ4MjNiMzk3NTc2NzljYTA2ZmIwMzI0Yy5qcGeSlQLNA6wAwsOVAgDNAkvCw94AA6EwAaExAaEzw.jpeg\" alt=\"Maciej Pela\" loading=\"lazy\" \/>MW Media<\/p>\n<p>Maciej Pela<\/p>\n<p class=\"Paragraph_desktopParagraph__U31Gm\">Dzi\u0119kujemy, \u017ce przeczyta\u0142a\u015b\/e\u015b nasz artyku\u0142 do ko\u0144ca. W serwisie Plejada.pl ka\u017cdego dnia piszemy o najwa\u017cniejszych wydarzeniach show-biznesowych. B\u0105d\u017a na bie\u017c\u0105co! <a rel=\"nofollow noopener\" href=\"https:\/\/news.google.com\/publications\/CAAiEF0PeAlb7W1llpV_mwV2rL4qFAgKIhBdD3gJW-1tZZaVf5sFdqy-?hl=pl&amp;gl=PL&amp;ceid=PL%3Apl\" id=\"7f32f407-5e3e-4db4-b769-eade31f74bd4\" target=\"_blank\">Obserwuj<\/a> Plejad\u0119 w Google. Odwied\u017a nas tak\u017ce na <a rel=\"nofollow noopener\" href=\"https:\/\/www.facebook.com\/plejadapl\" id=\"a13bca9c-a9c2-4c15-8e59-66738613ffba\" target=\"_blank\">Facebooku<\/a>, <a rel=\"nofollow noopener\" href=\"https:\/\/www.instagram.com\/plejadapl\/\" id=\"00055c68-2e81-49b5-8792-8fd7aa8fe37d\" target=\"_blank\">Instagramie<\/a>, <a rel=\"nofollow noopener\" href=\"https:\/\/www.youtube.com\/c\/plejada\" id=\"9b9c2754-481e-4eaf-b522-ef78917d4203\" target=\"_blank\">YouTubie<\/a> oraz <a rel=\"nofollow noopener\" href=\"https:\/\/www.tiktok.com\/@plejada_pl\" id=\"929af64d-5f31-4717-8875-b007215e4151\" target=\"_blank\">TikToku<\/a>.<\/p>\n<p class=\"Paragraph_desktopParagraph__U31Gm\">Chcesz podzieli\u0107 si\u0119 ciekawym newsem lub zaproponowa\u0107 temat? Skontaktuj si\u0119 z nami, pisz\u0105c maila na adres: plejada@redakcjaonet.pl.<\/p>\n<p><script async src=\"\/\/www.instagram.com\/embed.js\"><\/script><script async src=\"\/\/www.tiktok.com\/embed.js\"><\/script><\/p>\n","protected":false},"excerpt":{"rendered":"Jeszcze niedawno Maciej Pela zosta\u0142 zapytany przez serwis Jastrz\u0105b Post o to, jak zamierza sp\u0119dzi\u0107 Bo\u017ce Narodzenie. Tancerz&hellip;\n","protected":false},"author":2,"featured_media":156495,"comment_status":"","ping_status":"","sticky":false,"template":"","format":"standard","meta":{"footnotes":""},"categories":[22],"tags":[18916,122,27619,67,2156,19839,53,25383,52,68,51,55,42,38,40,39,41,123,47,196,341,338,65,50],"class_list":{"0":"post-156494","1":"post","2":"type-post","3":"status-publish","4":"format-standard","5":"has-post-thumbnail","7":"category-rozrywka","8":"tag-boze_narodzenie_swieta_bozego_narodzenia_wigilia","9":"tag-entertainment","10":"tag-inst_tst0","11":"tag-intextvideo_splayer","12":"tag-maciej_pela","13":"tag-mp_player_tst0","14":"tag-new_header","15":"tag-new_layout_tst0","16":"tag-onet3","17":"tag-onet3d","18":"tag-onet3d_2i","19":"tag-phx","20":"tag-pl","21":"tag-poland","22":"tag-polish","23":"tag-polska","24":"tag-polski","25":"tag-rozrywka","26":"tag-screening_general","27":"tag-styl_zycia","28":"tag-tylko_w_onecie","29":"tag-tylko_w_plejadzie","30":"tag-update_me","31":"tag-v2021"},"share_on_mastodon":{"url":"https:\/\/pubeurope.com\/@pl\/115736233033610886","error":""},"_links":{"self":[{"href":"https:\/\/www.europesays.com\/pl\/wp-json\/wp\/v2\/posts\/156494","targetHints":{"allow":["GET"]}}],"collection":[{"href":"https:\/\/www.europesays.com\/pl\/wp-json\/wp\/v2\/posts"}],"about":[{"href":"https:\/\/www.europesays.com\/pl\/wp-json\/wp\/v2\/types\/post"}],"author":[{"embeddable":true,"href":"https:\/\/www.europesays.com\/pl\/wp-json\/wp\/v2\/users\/2"}],"replies":[{"embeddable":true,"href":"https:\/\/www.europesays.com\/pl\/wp-json\/wp\/v2\/comments?post=156494"}],"version-history":[{"count":0,"href":"https:\/\/www.europesays.com\/pl\/wp-json\/wp\/v2\/posts\/156494\/revisions"}],"wp:featuredmedia":[{"embeddable":true,"href":"https:\/\/www.europesays.com\/pl\/wp-json\/wp\/v2\/media\/156495"}],"wp:attachment":[{"href":"https:\/\/www.europesays.com\/pl\/wp-json\/wp\/v2\/media?parent=156494"}],"wp:term":[{"taxonomy":"category","embeddable":true,"href":"https:\/\/www.europesays.com\/pl\/wp-json\/wp\/v2\/categories?post=156494"},{"taxonomy":"post_tag","embeddable":true,"href":"https:\/\/www.europesays.com\/pl\/wp-json\/wp\/v2\/tags?post=156494"}],"curies":[{"name":"wp","href":"https:\/\/api.w.org\/{rel}","templated":true}]}}