{"id":156517,"date":"2025-12-17T18:18:16","date_gmt":"2025-12-17T18:18:16","guid":{"rendered":"https:\/\/www.europesays.com\/pl\/156517\/"},"modified":"2025-12-17T18:18:16","modified_gmt":"2025-12-17T18:18:16","slug":"agnieszka-wagner-zniknela-z-show-biznesu-miala-swoje-powody","status":"publish","type":"post","link":"https:\/\/www.europesays.com\/pl\/156517\/","title":{"rendered":"Agnieszka Wagner znikn\u0119\u0142a z show-biznesu. Mia\u0142a swoje powody"},"content":{"rendered":"<p class=\"ods-c-paragraph \">Tej twarzy nie da si\u0119 zapomnie\u0107. Pos\u0105gowa uroda i powalaj\u0105ce spojrzenie to znak rozpoznawczy aktorki, <a href=\"https:\/\/plejada.pl\/temat\/agnieszka-wagner\/lyz7lhy\" id=\"9706266d-e7f6-4bcf-9e36-6629a0ecb6dd\" rel=\"nofollow noopener\" target=\"_blank\">Agnieszki Wagner<\/a>. Gwiazda kultowych produkcji &#8222;Quo Vadis&#8221; i &#8222;List\u00f3w do M.&#8221; uko\u0144czy\u0142a w tym roku 55 lat. W wywiadzie dla Plejady wyzna\u0142a, \u017ce pesz\u0105 j\u0105 komplementy dotycz\u0105ce jej urody.<\/p>\n<p class=\"ods-c-paragraph \">\u2014 Naprawd\u0119 nigdy nie uwa\u017ca\u0142am si\u0119 za \u00f3smy cud \u015bwiata. Zawsze mia\u0142am jakie\u015b kompleksy, z jednych wyros\u0142am, inne okie\u0142zna\u0142am, z czasem dochodz\u0105 nowe. Jak ka\u017cda normalna kobieta. Zdaj\u0119 sobie spraw\u0119, \u017ce mam urod\u0119 w niedzisiejszym typie \u2014 prywatnie to sobie ceni\u0119, przedwojenny typ mi odpowiada \u2014 powiedzia\u0142a nam.<\/p>\n<p class=\"ods-c-paragraph \">Polecamy: <a href=\"https:\/\/plejada.pl\/newsy\/te-polskie-gwiazdy-zatrzymaly-czas-wygladaja-mlodziej-niz-wskazuje-ich-metryka\/07zjp97\" id=\"837fd796-87b4-43a7-b244-2c33828e3d0f\" rel=\"nofollow noopener\" target=\"_blank\">One zatrzyma\u0142y czas! Trudno uwierzy\u0107, ile naprawd\u0119 maj\u0105 lat<\/a><\/p>\n<p class=\"ods-c-paragraph \">Po raz ostatni pojawi\u0142a si\u0119 publicznie niemal trzy lata temu, kiedy wzi\u0119\u0142a udzia\u0142 w konferencji prasowej serialu &#8222;Korona kr\u00f3l\u00f3w. Jagiellonowie&#8221;. By\u0142o to wydarzenie stricte promocyjne. Do dzi\u015b konsekwentnie unika bywania na \u015bciankach.<\/p>\n<p>Dalszy ci\u0105g artyku\u0142u pod materia\u0142em wideo<\/p>\n<p> Dlaczego Agnieszka Wagner znikn\u0119\u0142a z show-biznesu? <\/p>\n<p> Kiedy Agnieszka Wagner obchodzi urodziny? <\/p>\n<p> W jakich produkcjach wyst\u0119powa\u0142a Agnieszka Wagner po przerwie? <\/p>\n<p> Co Agnieszka Wagner my\u015bli o swojej urodzie? <\/p>\n<p>  Agnieszka Wagner unika blasku fleszy<\/p>\n<p class=\"ods-c-paragraph \">Dlaczego aktorka podj\u0119\u0142a tak\u0105 decyzj\u0119?<\/p>\n<blockquote class=\"ods-o-quota\">\n<p class=\"ods-o-quota__paragraph\">W tym zawodzie, je\u015bli si\u0119 chce, mo\u017cna &#8222;bywa\u0107&#8221; naprawd\u0119 na okr\u0105g\u0142o. Przenosi\u0107 si\u0119 z bankietu na bankiet. Ale ja nie chc\u0119<\/p>\n<\/blockquote>\n<p class=\"ods-c-paragraph \">\u2014 powiedzia\u0142a w jednym z wywiad\u00f3w.<\/p>\n<p class=\"ods-c-paragraph \">Polecamy: <a href=\"https:\/\/plejada.pl\/polscy-celebryci\/agnieszka-wagner-i-piotr-adamczyk-mieli-zostac-malzenstwem-od-razu-zaczal-flirtowac\/g4hfrjr\" id=\"1ec1d67f-b59f-4e28-9971-726bdc365002\" rel=\"nofollow noopener\" target=\"_blank\">Agnieszka Wagner i Piotr Adamczyk mieli zosta\u0107 ma\u0142\u017ce\u0144stwem. &#8222;Od razu zacz\u0105\u0142 flirtowa\u0107&#8221;<\/a><\/p>\n<p class=\"ods-c-paragraph \">Opr\u00f3cz udzia\u0142u w historycznej produkcji telewizyjnej, w 2023 r. pojawi\u0142a si\u0119 r\u00f3wnie\u017c w serialu Netfliksa &#8222;Dziewczyna i kosmonauta&#8221;. Rok p\u00f3\u017aniej do\u0142\u0105czy\u0142a do obsady dobrze ocenianego serialu &#8222;Id\u017a przodem, bracie&#8221;, kt\u00f3ry zdoby\u0142 uznanie zar\u00f3wno widz\u00f3w, jak i krytyk\u00f3w.<\/p>\n<p><img decoding=\"async\" src=\"https:\/\/www.europesays.com\/pl\/wp-content\/uploads\/2025\/12\/Zmnk9lBaHR0cHM6Ly9vY2RuLmV1L3B1bHNjbXMvTURBXy82ZTNlNzBlNGIxOWYyYjdiNjQ4NzA1YmQ3YzA2ZDFlMy5qcGeRlQLNA.jpeg\" height=\"529\" width=\"940\" alt=\"Agnieszka Wagner\" loading=\"lazy\" class=\"ods-c-image__img ods-c-image__img--vertical\"\/><\/p>\n<p>Agnieszka WagnerAndras Szilagyi \/ MW Media<\/p>\n<p> <img decoding=\"async\" src=\"https:\/\/www.europesays.com\/pl\/wp-content\/uploads\/2025\/12\/4aAk9lBaHR0cHM6Ly9vY2RuLmV1L3B1bHNjbXMvTURBXy83M2JkYzhkNzA3ZTcwZjk3YWQyZTIyM2M3MzRiYzkxYy5qcGeRlQLNA.jpeg\" height=\"529\" width=\"940\" alt=\"Agnieszka Wagner\" loading=\"lazy\" class=\"ods-c-image__img ods-c-image__img--vertical\"\/><\/p>\n<p>Agnieszka WagnerNiemiec \/ AKPA<\/p>\n<p class=\"ods-c-paragraph \">Dzi\u0119kujemy, \u017ce przeczyta\u0142a\u015b\/e\u015b nasz artyku\u0142 do ko\u0144ca. W serwisie Plejada.pl ka\u017cdego dnia piszemy o najwa\u017cniejszych wydarzeniach show-biznesowych. B\u0105d\u017a na bie\u017c\u0105co! <a rel=\"nofollow noopener\" href=\"https:\/\/profile.google.com\/cp\/Cg0vZy8xMWJ6X19wdHBx\" id=\"63f49ad5-cf37-45ce-8adb-51931367e9b1\" target=\"_blank\">Obserwuj<\/a> Plejad\u0119 w Wiadomo\u015bciach Google. Odwied\u017a nas tak\u017ce na <a rel=\"nofollow noopener\" href=\"https:\/\/www.facebook.com\/plejadapl\" id=\"749c673d-89e5-40fa-bff3-f1af3f4788b1\" target=\"_blank\">Facebooku<\/a>, <a rel=\"nofollow noopener\" href=\"https:\/\/www.instagram.com\/plejadapl\/\" id=\"5729680c-0902-4b8f-938b-c4da221a8a99\" target=\"_blank\">Instagramie<\/a>, <a rel=\"nofollow noopener\" href=\"https:\/\/www.youtube.com\/c\/plejada\" id=\"a01a0b40-0f2d-43f0-8a4a-d54616c9a2b5\" target=\"_blank\">YouTube<\/a> oraz <a rel=\"nofollow noopener\" href=\"https:\/\/www.tiktok.com\/@plejada_pl\" id=\"bbad9d38-0ee2-4fe8-b0a8-d973602ff76a\" target=\"_blank\">TikToku<\/a>.<\/p>\n<p class=\"ods-c-paragraph \">Chcesz podzieli\u0107 si\u0119 ciekawym newsem lub zaproponowa\u0107 temat? Skontaktuj si\u0119 z nami, pisz\u0105c e-maila na adres: <a rel=\"nofollow noopener\" href=\"https:\/\/plejada.pl\/newsy\/agnieszka-wagner-zniknela-z-show-biznesu-miala-swoje-powody\/mailto:plejada@redakcjaonet.pl\" id=\"e4b1699c-1a7c-4e27-baf6-6aff668212fd\" target=\"_blank\">plejada@redakcjaonet.pl<\/a>.<\/p>\n<p><script async src=\"\/\/www.instagram.com\/embed.js\"><\/script><script async src=\"\/\/www.tiktok.com\/embed.js\"><\/script><\/p>\n","protected":false},"excerpt":{"rendered":"Tej twarzy nie da si\u0119 zapomnie\u0107. Pos\u0105gowa uroda i powalaj\u0105ce spojrzenie to znak rozpoznawczy aktorki, Agnieszki Wagner. Gwiazda&hellip;\n","protected":false},"author":2,"featured_media":156518,"comment_status":"","ping_status":"","sticky":false,"template":"","format":"standard","meta":{"footnotes":""},"categories":[22],"tags":[31167,122,48,125,46,42,38,40,39,41,25865,123,47],"class_list":{"0":"post-156517","1":"post","2":"type-post","3":"status-publish","4":"format-standard","5":"has-post-thumbnail","7":"category-rozrywka","8":"tag-agnieszka_wagner","9":"tag-entertainment","10":"tag-nat_styl","11":"tag-newsy","12":"tag-omp","13":"tag-pl","14":"tag-poland","15":"tag-polish","16":"tag-polska","17":"tag-polski","18":"tag-rebrand_ai_tst0","19":"tag-rozrywka","20":"tag-screening_general"},"share_on_mastodon":{"url":"https:\/\/pubeurope.com\/@pl\/115736288392845223","error":""},"_links":{"self":[{"href":"https:\/\/www.europesays.com\/pl\/wp-json\/wp\/v2\/posts\/156517","targetHints":{"allow":["GET"]}}],"collection":[{"href":"https:\/\/www.europesays.com\/pl\/wp-json\/wp\/v2\/posts"}],"about":[{"href":"https:\/\/www.europesays.com\/pl\/wp-json\/wp\/v2\/types\/post"}],"author":[{"embeddable":true,"href":"https:\/\/www.europesays.com\/pl\/wp-json\/wp\/v2\/users\/2"}],"replies":[{"embeddable":true,"href":"https:\/\/www.europesays.com\/pl\/wp-json\/wp\/v2\/comments?post=156517"}],"version-history":[{"count":0,"href":"https:\/\/www.europesays.com\/pl\/wp-json\/wp\/v2\/posts\/156517\/revisions"}],"wp:featuredmedia":[{"embeddable":true,"href":"https:\/\/www.europesays.com\/pl\/wp-json\/wp\/v2\/media\/156518"}],"wp:attachment":[{"href":"https:\/\/www.europesays.com\/pl\/wp-json\/wp\/v2\/media?parent=156517"}],"wp:term":[{"taxonomy":"category","embeddable":true,"href":"https:\/\/www.europesays.com\/pl\/wp-json\/wp\/v2\/categories?post=156517"},{"taxonomy":"post_tag","embeddable":true,"href":"https:\/\/www.europesays.com\/pl\/wp-json\/wp\/v2\/tags?post=156517"}],"curies":[{"name":"wp","href":"https:\/\/api.w.org\/{rel}","templated":true}]}}