{"id":156529,"date":"2025-12-17T18:24:09","date_gmt":"2025-12-17T18:24:09","guid":{"rendered":"https:\/\/www.europesays.com\/pl\/156529\/"},"modified":"2025-12-17T18:24:09","modified_gmt":"2025-12-17T18:24:09","slug":"bezuzyteczne-byly-szef-ferrari-ostro-o-hamiltonie","status":"publish","type":"post","link":"https:\/\/www.europesays.com\/pl\/156529\/","title":{"rendered":"&#8222;Bezu\u017cyteczne&#8221;. By\u0142y szef Ferrari ostro o Hamiltonie"},"content":{"rendered":"\n<p class=\"contentpart contentpart--default contentpart--text\" data-position=\"0\"><a href=\"https:\/\/sportowefakty.wp.pl\/wyscigi-samochodowe\/lewis-hamilton\" rel=\"nofollow noopener\" target=\"_blank\">Lewis Hamilton<\/a>\u00a0ma za sob\u0105 trudny sezon w <a href=\"https:\/\/sportowefakty.wp.pl\/formula-1\" rel=\"nofollow noopener\" target=\"_blank\">Formule 1<\/a>. Transfer 40-latka do <a href=\"https:\/\/sportowefakty.wp.pl\/wyscigi-samochodowe\/scuderia-ferrari\" rel=\"nofollow noopener\" target=\"_blank\">Ferrari<\/a>\u00a0wi\u0105za\u0142 si\u0119 z olbrzymimi nadziejami, ale napompowany do granic mo\u017cliwo\u015bci balon bardzo szybko p\u0119k\u0142. Ostatecznie Brytyjczyk zako\u0144czy\u0142 rok bez ani jednego podium w F1 &#8211; po raz pierwszy w trakcie swojej niemal 20-letniej kariery.<\/p>\n<p class=\"contentpart contentpart--default contentpart--text\" data-position=\"1\">Siedmiokrotny mistrz \u015bwiata F1 w trakcie sezonu m\u00f3wi\u0142 dziennikarzom, \u017ce dostrzega, jak wiele proces\u00f3w w Ferrari wymaga zmiany. Hamilton przekonywa\u0142, \u017ce tworzy notatki i przekazuje odpowiednie instrukcje szefom w\u0142oskiego koncernu. Wszystko po to, aby stajnia z Maranello powr\u00f3ci\u0142a na szczyt kr\u00f3lowej motorsportu.<\/p>\n<p> <img role=\"presentation\" src=\"https:\/\/std.wpcdn.pl\/images\/adv\/placeholder_wp.svg\" loading=\"lazy\" alt=\"\" decoding=\"async\"\/>  <\/p>\n<p class=\"contentpart contentpart--default contentpart--text\" data-position=\"2\">ZOBACZ WIDEO: Kadra, relacje z Lewandowskim i Urbanem. Jerzy Brz\u0119czek go\u015bciem WP SportoweFakty<\/p>\n<p class=\"contentpart contentpart--default contentpart--text\" data-position=\"4\">Sceptycznie podchodzi do tego <a href=\"https:\/\/sportowefakty.wp.pl\/wyscigi-samochodowe\/maurizio-arrivabene\" rel=\"nofollow noopener\" target=\"_blank\">Maurizio Arrivabene<\/a>. Szef Ferrari w latach 2015-2019 uwa\u017ca, \u017ce Brytyjczyk nie jest pierwszym kierowc\u0105, kt\u00f3ry pr\u00f3buje wymusi\u0107 korekty w procedurach zespo\u0142u. &#8211; Vettel te\u017c\u00a0wysy\u0142a\u0142 swoje instrukcje. Pisa\u0142, m\u00f3wi\u0142, dzieli\u0142 si\u0119 wszystkim &#8211; powiedzia\u0142 Arrivabene we w\u0142oskim Sky.<\/p>\n<p class=\"contentpart contentpart--default contentpart--text\" data-position=\"5\">Chocia\u017c <a href=\"https:\/\/sportowefakty.wp.pl\/wyscigi-samochodowe\/sebastian-vettel\" rel=\"nofollow noopener\" target=\"_blank\">Sebastian Vettel<\/a> trafi\u0142 do Ferrari jako czterokrotny mistrz \u015bwiata w barwach <a href=\"https:\/\/sportowefakty.wp.pl\/wyscigi-samochodowe\/infiniti-red-bull-racing\" rel=\"nofollow noopener\" target=\"_blank\">Red Bull Racing<\/a>, to Maurizio Arrivabene zignorowa\u0142 jego instrukcje. W\u0142och okre\u015bli\u0142 je jako &#8222;niemal bezu\u017cyteczne&#8221;. Zdaniem 68-latka, podobnie jest z sugestiami tworzonymi przez Hamiltona.<\/p>\n<p class=\"contentpart contentpart--default contentpart--text\" data-position=\"6\">&#8211; Nie chc\u0119 m\u00f3wi\u0107 nic z\u0142ego o Sebastianie, ale ka\u017cdy powinien zajmowa\u0107 si\u0119 swoim. Gdy kierowca zaczyna bawi\u0107 si\u0119 w in\u017cyniera, to koniec. Wtedy naprawd\u0119 jest po wszystkim &#8211; zaznaczy\u0142 Arrivabene.<\/p>\n<p> <img role=\"presentation\" src=\"https:\/\/std.wpcdn.pl\/images\/adv\/placeholder_wp.svg\" loading=\"lazy\" alt=\"\" decoding=\"async\"\/>  <\/p>\n<p class=\"contentpart contentpart--default contentpart--text\" data-position=\"7\">&#8211; Kierowcy sp\u0119dzaj\u0105 dwa czy trzy dni w symulatorze i wyrabiaj\u0105 sobie og\u00f3lne wra\u017cenie, ale diabe\u0142 tkwi w szczeg\u00f3\u0142ach. Kiedy bolid jest na torze, kierowca musi przekazywa\u0107 istotne informacje zwrotne, \u017ceby in\u017cynierowie mogli wprowadza\u0107 odpowiednie poprawki &#8211; doda\u0142 by\u0142y szef Ferrari.<\/p>\n<p class=\"contentpart contentpart--default contentpart--text\" data-position=\"8\">W roku 2016 w\u0142oski zesp\u00f3\u0142 nie wygra\u0142 ani jednego wy\u015bcigu w F1, podobnie jak w minionym sezonie. Wtedy Arrivabene wezwa\u0142 publicznie Vettela, aby skupi\u0142 si\u0119\u00a0wy\u0142\u0105cznie na je\u017adzie. &#8211; To osoba, kt\u00f3ra daje z siebie bardzo du\u017co i interesuje si\u0119 wszystkim, wi\u0119c czasem trzeba go ukierunkowa\u0107, przypomnie\u0107, \u017ceby koncentrowa\u0142 si\u0119 na g\u0142\u00f3wnym zadaniu &#8211; powiedzia\u0142 W\u0142och.<\/p>\n","protected":false},"excerpt":{"rendered":"Lewis Hamilton\u00a0ma za sob\u0105 trudny sezon w Formule 1. Transfer 40-latka do Ferrari\u00a0wi\u0105za\u0142 si\u0119 z olbrzymimi nadziejami, ale&hellip;\n","protected":false},"author":2,"featured_media":156530,"comment_status":"","ping_status":"","sticky":false,"template":"","format":"standard","meta":{"footnotes":""},"categories":[24],"tags":[2892,2901,2893,31168,42,38,40,39,41,127,126,750,106,2902],"class_list":{"0":"post-156529","1":"post","2":"type-post","3":"status-publish","4":"format-standard","5":"has-post-thumbnail","7":"category-sport","8":"tag-ferrari","9":"tag-formula-1","10":"tag-lewis-hamilton","11":"tag-maurizio-arrivabene","12":"tag-pl","13":"tag-poland","14":"tag-polish","15":"tag-polska","16":"tag-polski","17":"tag-sport","18":"tag-sports","19":"tag-sporty-motorowe","20":"tag-wielka-brytania","21":"tag-wyscigi-samochodowe"},"share_on_mastodon":{"url":"https:\/\/pubeurope.com\/@pl\/115736311825830739","error":""},"_links":{"self":[{"href":"https:\/\/www.europesays.com\/pl\/wp-json\/wp\/v2\/posts\/156529","targetHints":{"allow":["GET"]}}],"collection":[{"href":"https:\/\/www.europesays.com\/pl\/wp-json\/wp\/v2\/posts"}],"about":[{"href":"https:\/\/www.europesays.com\/pl\/wp-json\/wp\/v2\/types\/post"}],"author":[{"embeddable":true,"href":"https:\/\/www.europesays.com\/pl\/wp-json\/wp\/v2\/users\/2"}],"replies":[{"embeddable":true,"href":"https:\/\/www.europesays.com\/pl\/wp-json\/wp\/v2\/comments?post=156529"}],"version-history":[{"count":0,"href":"https:\/\/www.europesays.com\/pl\/wp-json\/wp\/v2\/posts\/156529\/revisions"}],"wp:featuredmedia":[{"embeddable":true,"href":"https:\/\/www.europesays.com\/pl\/wp-json\/wp\/v2\/media\/156530"}],"wp:attachment":[{"href":"https:\/\/www.europesays.com\/pl\/wp-json\/wp\/v2\/media?parent=156529"}],"wp:term":[{"taxonomy":"category","embeddable":true,"href":"https:\/\/www.europesays.com\/pl\/wp-json\/wp\/v2\/categories?post=156529"},{"taxonomy":"post_tag","embeddable":true,"href":"https:\/\/www.europesays.com\/pl\/wp-json\/wp\/v2\/tags?post=156529"}],"curies":[{"name":"wp","href":"https:\/\/api.w.org\/{rel}","templated":true}]}}