{"id":156539,"date":"2025-12-17T18:30:05","date_gmt":"2025-12-17T18:30:05","guid":{"rendered":"https:\/\/www.europesays.com\/pl\/156539\/"},"modified":"2025-12-17T18:30:05","modified_gmt":"2025-12-17T18:30:05","slug":"terminarz-pge-ekstraligi-2026-radosc-w-toruniu-a-falubaz-bedzie-mial-pod-gore","status":"publish","type":"post","link":"https:\/\/www.europesays.com\/pl\/156539\/","title":{"rendered":"Terminarz PGE Ekstraligi 2026. Rado\u015b\u0107 w Toruniu, a Falubaz b\u0119dzie mia\u0142 pod g\u00f3r\u0119"},"content":{"rendered":"<p class=\"Paragraph_desktopParagraph__Fd2e9\">Ju\u017c w pierwszej kolejce dojdzie do meczu Motor \u2013 Pres, a wi\u0119c wicemistrza z mistrzem sezonu 2025.<\/p>\n<p class=\"VideoPlayerText_videoPlayerText__zrtJk\">Dalszy ci\u0105g materia\u0142u pod wideo<\/p>\n<p class=\"Paragraph_desktopParagraph__Fd2e9\">&#8211; Toru\u0144 przyjedzie do Lublina i wcale nie musi by\u0107 na straconej pozycji \u2013 m\u00f3wi Tomasz Orwat, ekspert Canal+ na antenie stacji. \u2013 Do pi\u0105tej rundy Pres Toru\u0144 ma generalnie \u0142atwiejsze mecze. Nie ma trudnych mecz\u00f3w wyjazdowych. Nie licz\u0105c inauguracji, to pierwszy trudny mecz dla Pres Toru\u0144 b\u0119dzie u siebie z Grudzi\u0105dzem, gdzie i tak Toru\u0144 b\u0119dzie faworytem, jak zreszt\u0105 w ka\u017cdym domowym starciu \u2013 doda\u0142.<\/p>\n<p>Falubaz mo\u017ce urosn\u0105\u0107<\/p>\n<p class=\"Paragraph_desktopParagraph__Fd2e9\">Zdaniem Tomasza Orwata najtrudniejszy uk\u0142ad pierwszych mecz\u00f3w ma Falubaz. &#8211; Pierwsze trzy wyjazdy, to do medalist\u00f3w poprzedniego sezonu. U siebie b\u0119d\u0105 natomiast mecze z silnym GKM i W\u0142\u00f3kniarzem. Z GKM \u0142atwo zapewne nie b\u0119dzie, ale W\u0142\u00f3kniarzem ju\u017c z\u0142apie lekki oddech. Ale trzy pierwsze wyjazdy, to ogromne wyzwanie. Je\u017celi jednak Falubaz poka\u017ce si\u0119 z dobrej strony, b\u0119dzie si\u0119 \u201ekr\u0119ci\u0107\u201d w okolicach 40 punkt\u00f3w, to w moich oczach ten zesp\u00f3\u0142 uro\u015bnie. Niemniej ma bardzo trudne zadanie \u2013 powiedzia\u0142 Orwat w Canal+.<\/p>\n<p class=\"Paragraph_desktopParagraph__Fd2e9\">Przypomnijmy, \u017ce po rundzie zasadniczej dru\u017cyny z miejsc 1-4 pojad\u0105 w play-off, a z miejsc 5-8 w play-down.<\/p>\n<p class=\"Paragraph_desktopParagraph__Fd2e9\">TERMINARZ RUNDY ZASADNICZEJ PGE EKSTRALIGI 2026<\/p>\n<p class=\"Paragraph_desktopParagraph__Fd2e9\">I runda \u2013 10-12.04.2026 (IX runda 19-21.06.2026)<\/p>\n<p class=\"Paragraph_desktopParagraph__Fd2e9\">Grudzi\u0105dz \u2013 Gorz\u00f3w<\/p>\n<p class=\"Paragraph_desktopParagraph__Fd2e9\">Leszno \u2013 Cz\u0119stochowa<\/p>\n<p class=\"Paragraph_desktopParagraph__Fd2e9\">Lublin \u2013 Toru\u0144<\/p>\n<p class=\"Paragraph_desktopParagraph__Fd2e9\">Wroc\u0142aw \u2013 Zielona G\u00f3ra<\/p>\n<p class=\"Paragraph_desktopParagraph__Fd2e9\">II runda \u2013 17-19.04.2026 (VIII runda 12-14.06.2026)<\/p>\n<p class=\"Paragraph_desktopParagraph__Fd2e9\">Cz\u0119stochowa \u2013 Lublin<\/p>\n<p class=\"Paragraph_desktopParagraph__Fd2e9\">Gorz\u00f3w \u2013 Wroc\u0142aw<\/p>\n<p class=\"Paragraph_desktopParagraph__Fd2e9\">Toru\u0144 \u2013 Leszno<\/p>\n<p class=\"Paragraph_desktopParagraph__Fd2e9\">Zielona G\u00f3ra \u2013 Grudzi\u0105dz<\/p>\n<p class=\"Paragraph_desktopParagraph__Fd2e9\">III runda \u2013 24-26.04.2026 (X runda 26-28.06.2026)<\/p>\n<p class=\"Paragraph_desktopParagraph__Fd2e9\">Cz\u0119stochowa -Toru\u0144<\/p>\n<p class=\"Paragraph_desktopParagraph__Fd2e9\">Grudzi\u0105dz \u2013 Wroc\u0142aw<\/p>\n<p class=\"Paragraph_desktopParagraph__Fd2e9\">Leszno \u2013 Gorz\u00f3w<\/p>\n<p class=\"Paragraph_desktopParagraph__Fd2e9\">Lublin \u2013 Zielona G\u00f3ra<\/p>\n<p class=\"Paragraph_desktopParagraph__Fd2e9\">IV runda \u2013 3.05-24.05.2026 (X runda 3-5.07.2026)<\/p>\n<p class=\"Paragraph_desktopParagraph__Fd2e9\">Gorz\u00f3w \u2013 Lublin<\/p>\n<p class=\"Paragraph_desktopParagraph__Fd2e9\">Toru\u0144 \u2013 Grudzi\u0105dz<\/p>\n<p class=\"Paragraph_desktopParagraph__Fd2e9\">Wroc\u0142aw \u2013 Leszno<\/p>\n<p class=\"Paragraph_desktopParagraph__Fd2e9\">Zielona G\u00f3ra -Cz\u0119stochowa<\/p>\n<p class=\"Paragraph_desktopParagraph__Fd2e9\">V runda \u2013 8-10.05.2026 (XII runda 2.08 i 9.08.2026)<\/p>\n<p class=\"Paragraph_desktopParagraph__Fd2e9\">Cz\u0119stochowa \u2013 Gorz\u00f3w<\/p>\n<p class=\"Paragraph_desktopParagraph__Fd2e9\">Grudzi\u0105dz \u2013 Leszno<\/p>\n<p class=\"Paragraph_desktopParagraph__Fd2e9\">Lublin \u2013 Wroc\u0142aw<\/p>\n<p class=\"Paragraph_desktopParagraph__Fd2e9\">Toru\u0144 \u2013 Zielona G\u00f3ra<\/p>\n<p class=\"Paragraph_desktopParagraph__Fd2e9\">VI runda \u2013 15-17.05.2026 (XIII runda 14-16.08.2026)<\/p>\n<p class=\"Paragraph_desktopParagraph__Fd2e9\">Gorz\u00f3w \u2013 Zielona G\u00f3ra<\/p>\n<p class=\"Paragraph_desktopParagraph__Fd2e9\">Grudzi\u0105dz \u2013 Cz\u0119stochowa<\/p>\n<p class=\"Paragraph_desktopParagraph__Fd2e9\">Leszno \u2013 Lublin<\/p>\n<p class=\"Paragraph_desktopParagraph__Fd2e9\">Wroc\u0142aw \u2013 Toru\u0144<\/p>\n<p class=\"Paragraph_desktopParagraph__Fd2e9\">VII runda \u2013 29-31.05.2026 (XIV runda 21-23.08.2026)<\/p>\n<p class=\"Paragraph_desktopParagraph__Fd2e9\">Cz\u0119stochowa \u2013 Wroc\u0142aw<\/p>\n<p class=\"Paragraph_desktopParagraph__Fd2e9\">Lublin \u2013 Grudzi\u0105dz<\/p>\n<p class=\"Paragraph_desktopParagraph__Fd2e9\">Toru\u0144 \u2013 Gorz\u00f3w<\/p>\n<p class=\"Paragraph_desktopParagraph__Fd2e9\">Zielona G\u00f3ra \u2013 Leszno<\/p>\n","protected":false},"excerpt":{"rendered":"Ju\u017c w pierwszej kolejce dojdzie do meczu Motor \u2013 Pres, a wi\u0119c wicemistrza z mistrzem sezonu 2025. Dalszy&hellip;\n","protected":false},"author":2,"featured_media":156540,"comment_status":"","ping_status":"","sticky":false,"template":"","format":"standard","meta":{"footnotes":""},"categories":[5],"tags":[32,33,173,36,37,27,67,34,35,28,31,25,175,42,38,40,39,41,136,128,47,135,31169,29,30,26,174],"class_list":{"0":"post-156539","1":"post","2":"type-post","3":"status-publish","4":"format-standard","5":"has-post-thumbnail","7":"category-naglowki","8":"tag-breaking-news","9":"tag-breakingnews","10":"tag-ekstraliga","11":"tag-featured-news","12":"tag-featurednews","13":"tag-headlines","14":"tag-intextvideo_splayer","15":"tag-latest-news","16":"tag-latestnews","17":"tag-naglowki","18":"tag-najwazniejsze-artykuly","19":"tag-news","20":"tag-pge_ekstraliga","21":"tag-pl","22":"tag-poland","23":"tag-polish","24":"tag-polska","25":"tag-polski","26":"tag-ps_detal_new","27":"tag-psv2","28":"tag-screening_general","29":"tag-sport_sport","30":"tag-tomasz_orwat","31":"tag-top-stories","32":"tag-topstories","33":"tag-wiadomosci","34":"tag-zuzel"},"share_on_mastodon":{"url":"https:\/\/pubeurope.com\/@pl\/115736335013969959","error":""},"_links":{"self":[{"href":"https:\/\/www.europesays.com\/pl\/wp-json\/wp\/v2\/posts\/156539","targetHints":{"allow":["GET"]}}],"collection":[{"href":"https:\/\/www.europesays.com\/pl\/wp-json\/wp\/v2\/posts"}],"about":[{"href":"https:\/\/www.europesays.com\/pl\/wp-json\/wp\/v2\/types\/post"}],"author":[{"embeddable":true,"href":"https:\/\/www.europesays.com\/pl\/wp-json\/wp\/v2\/users\/2"}],"replies":[{"embeddable":true,"href":"https:\/\/www.europesays.com\/pl\/wp-json\/wp\/v2\/comments?post=156539"}],"version-history":[{"count":0,"href":"https:\/\/www.europesays.com\/pl\/wp-json\/wp\/v2\/posts\/156539\/revisions"}],"wp:featuredmedia":[{"embeddable":true,"href":"https:\/\/www.europesays.com\/pl\/wp-json\/wp\/v2\/media\/156540"}],"wp:attachment":[{"href":"https:\/\/www.europesays.com\/pl\/wp-json\/wp\/v2\/media?parent=156539"}],"wp:term":[{"taxonomy":"category","embeddable":true,"href":"https:\/\/www.europesays.com\/pl\/wp-json\/wp\/v2\/categories?post=156539"},{"taxonomy":"post_tag","embeddable":true,"href":"https:\/\/www.europesays.com\/pl\/wp-json\/wp\/v2\/tags?post=156539"}],"curies":[{"name":"wp","href":"https:\/\/api.w.org\/{rel}","templated":true}]}}