{"id":156603,"date":"2025-12-17T19:22:20","date_gmt":"2025-12-17T19:22:20","guid":{"rendered":"https:\/\/www.europesays.com\/pl\/156603\/"},"modified":"2025-12-17T19:22:20","modified_gmt":"2025-12-17T19:22:20","slug":"karolina-z-programu-rolnik-szuka-zony-gorzko-o-rolandzie-podjelam-zla-decyzje","status":"publish","type":"post","link":"https:\/\/www.europesays.com\/pl\/156603\/","title":{"rendered":"Karolina z programu &#8222;Rolnik szuka \u017cony&#8221; gorzko o Rolandzie. &#8222;Podj\u0119\u0142am z\u0142\u0105 decyzj\u0119&#8221;"},"content":{"rendered":"<p class=\"ods-c-paragraph \">Roland by\u0142 jednym z dw\u00f3ch uczestnik\u00f3w 12. edycji programu &#8222;<a href=\"https:\/\/plejada.pl\/temat\/rolnik-szuka-zony-program-tv\/28kezq1\" id=\"cd90edb0-4d22-4033-941d-666b61e636f9\" rel=\"nofollow noopener\" target=\"_blank\">Rolnik szuka \u017cony<\/a>&#8222;, kt\u00f3rym nie uda\u0142o si\u0119 znale\u017a\u0107 mi\u0142o\u015bci przed kamerami. Ostatni odcinek randkowego show zmusi\u0142 gospodarza do konfrontacji z roz\u017calon\u0105 Karolin\u0105, kt\u00f3ra nie kry\u0142a negatywnych emocji. Oburzenie, zar\u00f3wno widz\u00f3w, jak i kandydatki, si\u0119gn\u0119\u0142o zenitu, gdy rolnik wyzna\u0142, \u017ce dokona\u0142 z\u0142ej decyzji, kieruj\u0105c si\u0119 rozumem, zamiast sercem, a jego wyb\u00f3r powinien pa\u015b\u0107 na Aleksandr\u0119, kt\u00f3ra opu\u015bci\u0142a gospodarstwo jako druga. Para kilka razy dawa\u0142a sobie kolejne szanse, jednak ostatecznie rozstali si\u0119 dwa tygodnie przed fina\u0142owym odcinkiem randkowego show.<\/p>\n<p>Dalszy ci\u0105g artyku\u0142u pod materia\u0142em wideo<\/p>\n<p> Czy Roland pr\u00f3bowa\u0142 si\u0119 skontaktowa\u0107 z Karolin\u0105 po finale? <\/p>\n<p> Jakie emocje towarzyszy\u0142y uczestniczce po programie? <\/p>\n<p> Co Karolina s\u0105dzi o swoim udziale w programie? <\/p>\n<p> Jakie by\u0142y reakcje widz\u00f3w na zachowanie Rolanda? <\/p>\n<p>  Karolina z programu &#8222;Rolnik szuka \u017cony&#8221; gorzko o Rolandzie: podj\u0119\u0142am z\u0142\u0105 decyzj\u0119<\/p>\n<p class=\"ods-c-paragraph \">Po finale programu &#8222;Rolnik szuka \u017cony&#8221; w sieci zawrza\u0142o, a na Rolanda sp\u0142yn\u0119\u0142a lawina krytyki. Widzowie randkowego show nie kryli oburzenia zachowaniem gospodarza, twierdz\u0105c, \u017ce potraktowa\u0142 Karolin\u0119 w spos\u00f3b karygodny. &#8222;Czu\u0142em si\u0119 przy niej dobrze, ale jednocze\u015bnie niekomfortowo&#8221; \u2014 wyzna\u0142 w pewnym momencie uczestnik.<\/p>\n<p class=\"ods-c-paragraph \">Kandydatka Rolanda r\u00f3wnie\u017c pad\u0142a ofiar\u0105 hejtu \u2014 w instagramowym wpisie wyzna\u0142a, \u017ce pod jej adresem pad\u0142o wiele obelg i wyzwisk. Karolina jest aktywn\u0105 u\u017cytkowniczk\u0105 medi\u00f3w spo\u0142eczno\u015bciowych, a ostatnio postanowi\u0142a zorganizowa\u0107 na Instagramie seri\u0119 pyta\u0144 i odpowiedzi, podczas kt\u00f3rej nie zabrak\u0142o kwestii zwi\u0105zanych z programem &#8222;Rolnik szuka \u017cony&#8221;.<\/p>\n<p><img decoding=\"async\" src=\"https:\/\/www.europesays.com\/pl\/wp-content\/uploads\/2025\/12\/335k9lBaHR0cHM6Ly9vY2RuLmV1L3B1bHNjbXMvTURBXy83MmNlN2NmNGM4ZjI5MjE1YjExZDY0MGEyMzNkMDVhMS5wbmeRlQLNB.jpeg\" height=\"528\" width=\"940\" alt=\"12. edycja programu &quot;Rolnik szuka \u017cony&quot;\" loading=\"lazy\" class=\"ods-c-image__img ods-c-image__img--viewport-width\"\/><\/p>\n<p>12. edycja programu &#8222;Rolnik szuka \u017cony&#8221;Piotr Matey \/ TVP<\/p>\n<p class=\"ods-c-paragraph \">Jak si\u0119 okazuje, kandydatka Rolanda chcia\u0142a si\u0119 z nim zwi\u0105za\u0107, dop\u00f3ki nie pozna\u0142a go bli\u017cej \u2014 to w\u0142a\u015bnie wtedy zmieni\u0142a si\u0119 jej perspektywa. &#8222;To, co si\u0119 dzia\u0142o poza kamerami, zostanie mi\u0119dzy nami. By\u0142o i min\u0119\u0142o i nie ma do czego wraca\u0107. Jestem ju\u017c w zupe\u0142nie innym miejscu i na innym etapie&#8221; \u2014 napisa\u0142a.<\/p>\n<p class=\"ods-c-paragraph \">Pad\u0142o r\u00f3wnie\u017c pytanie o to, czy Karolina nadal utrzymuje kontakt z rolnikiem, na co odpowiedzia\u0142a, \u017ce m\u0119\u017cczyzna pr\u00f3bowa\u0142 si\u0119 z ni\u0105 kontaktowa\u0107 po finale randkowego show, jednak ona pozostawi\u0142a to bez reakcji. &#8222;Odci\u0119\u0142am si\u0119 ca\u0142kowicie&#8221; \u2014 wyzna\u0142a.<\/p>\n<p>   <img decoding=\"async\" src=\"https:\/\/www.europesays.com\/pl\/wp-content\/uploads\/2025\/12\/g-sk9lBaHR0cHM6Ly9vY2RuLmV1L3B1bHNjbXMvTURBXy9mNTk2ZjA5ODY0Yjk5ZGIxZDdmOTYwZmFkN2Q2ZDNkOS5wbmeRlQLNB.jpeg\" height=\"524\" width=\"940\" alt=\"Kadr z programu &quot;Rolnik szuka \u017cony&quot;\" loading=\"lazy\" class=\"ods-c-image__img ods-c-image__img--viewport-width\"\/><\/p>\n<p>Kadr z programu &#8222;Rolnik szuka \u017cony&#8221;Rolnik szuka \u017cony TVP \/ TVP<\/p>\n<p class=\"ods-c-paragraph \">Kandydatka Rolanda przyzna\u0142a tak\u017ce, \u017ce z kilkunastu odcink\u00f3w programu, w jej pami\u0119ci najbardziej zapad\u0142a randka wyjazdowa.<\/p>\n<blockquote class=\"ods-o-quota\">\n<p class=\"ods-o-quota__paragraph\">Po niej podj\u0119\u0142am z\u0142\u0105 decyzj\u0119, kt\u00f3ra skutkowa\u0142a dalszymi z\u0142ymi emocjami<\/p>\n<\/blockquote>\n<p class=\"ods-c-paragraph \">\u2014 przyzna\u0142a.<\/p>\n<p class=\"ods-c-paragraph \">Karolina stwierdzi\u0142a, \u017ce cho\u0107 nie \u017ca\u0142uje udzia\u0142u w randkowym show, nie zdecydowa\u0142aby si\u0119 napisa\u0107 listu drugi raz i nie da\u0142aby Rolandowi kolejnej szansy.<\/p>\n<p class=\"ods-c-paragraph \">&#8222;Gdyby\u015b wiedzia\u0142, \u017ce samolot si\u0119 rozbije, to i tak by\u015b do niego wsiad\u0142 tylko dlatego, \u017ce du\u017co zap\u0142aci\u0142e\u015b za bilet? Podobno nie mo\u017cna niczego \u017ca\u0142owa\u0107. Posz\u0142am tam w innym celu, ale pozna\u0142am wspania\u0142e osoby. Dziewczyny, w kt\u00f3rych mia\u0142am ogromne wsparcie i wiele, wiele innych os\u00f3b&#8221; \u2014 podsumowa\u0142a.<\/p>\n<p><img decoding=\"async\" src=\"https:\/\/www.europesays.com\/pl\/wp-content\/uploads\/2025\/11\/Hisk9lBaHR0cHM6Ly9vY2RuLmV1L3B1bHNjbXMvTURBXy9iZTMzMWJjMWIxMWI2YmMzYjMxMjM1OTc2MWM0OGUyMi5wbmeRlQLNB.jpeg\" height=\"524\" width=\"940\" alt=\"Kadr z programu &quot;Rolnik szuka \u017cony&quot;\" loading=\"lazy\" class=\"ods-c-image__img ods-c-image__img--viewport-width\"\/><\/p>\n<p>Kadr z programu &#8222;Rolnik szuka \u017cony&#8221;Rolnik szuka \u017cony TVP \/ TVP<\/p>\n<p> <img decoding=\"async\" src=\"https:\/\/www.europesays.com\/pl\/wp-content\/uploads\/2025\/12\/ltZk9lBaHR0cHM6Ly9vY2RuLmV1L3B1bHNjbXMvTURBXy85ZDI2NWVhOGFlMDAxYjE1OTcyZGZiYjViNDdiN2Y2Yi5wbmeRlQLNB.jpeg\" height=\"519\" width=\"940\" alt=\"Kadr z programu &quot;Rolnik szuka \u017cony&quot;\" loading=\"lazy\" class=\"ods-c-image__img ods-c-image__img--viewport-width\"\/><\/p>\n<p>Kadr z programu &#8222;Rolnik szuka \u017cony&#8221;Rolnik szuka \u017cony TVP \/ TVP<\/p>\n<p> <img decoding=\"async\" src=\"https:\/\/www.europesays.com\/pl\/wp-content\/uploads\/2025\/12\/CRhk9lBaHR0cHM6Ly9vY2RuLmV1L3B1bHNjbXMvTURBXy9kMDdhODBkMTk1YWE2NGIzMDBkOGQ3ZjZlNjllNjMxOC5qcGeSlQMAA.jpeg\" height=\"626\" width=\"940\" alt=\"Kadr z programu &quot;Rolnik szuka \u017cony&quot;\" loading=\"lazy\" class=\"ods-c-image__img ods-c-image__img--viewport-width\"\/><\/p>\n<p>Kadr z programu &#8222;Rolnik szuka \u017cony&#8221;Piotr Matey \/ TVP<\/p>\n<p class=\"ods-c-paragraph \">Dzi\u0119kujemy, \u017ce przeczyta\u0142a\u015b\/e\u015b nasz artyku\u0142 do ko\u0144ca. W serwisie Plejada.pl ka\u017cdego dnia piszemy o najwa\u017cniejszych wydarzeniach show-biznesowych. B\u0105d\u017a na bie\u017c\u0105co! <a rel=\"nofollow noopener\" href=\"https:\/\/profile.google.com\/cp\/Cg0vZy8xMWJ6X19wdHBx\" id=\"73174041-0105-4a7c-9156-b92a128f67e2\" target=\"_blank\">Obserwuj<\/a> Plejad\u0119 w Google. Odwied\u017a nas tak\u017ce na <a rel=\"nofollow noopener\" href=\"https:\/\/www.facebook.com\/plejadapl\" id=\"5346b5a5-4f54-4e6d-9669-bcb5fc96967d\" target=\"_blank\">Facebooku<\/a>, <a rel=\"nofollow noopener\" href=\"https:\/\/www.instagram.com\/plejadapl\/\" id=\"f740ef7d-223a-4cca-aa8b-b5ca49c797d7\" target=\"_blank\">Instagramie<\/a>, <a rel=\"nofollow noopener\" href=\"https:\/\/www.youtube.com\/c\/plejada\" id=\"341b150f-4420-4476-ad06-f102123fdfc9\" target=\"_blank\">YouTubie<\/a> oraz <a rel=\"nofollow noopener\" href=\"https:\/\/www.tiktok.com\/@plejada_pl\" id=\"dde11e1e-d393-4ef8-a0ec-910cff5a90ec\" target=\"_blank\">TikToku<\/a>.<\/p>\n<p class=\"ods-c-paragraph \">Chcesz podzieli\u0107 si\u0119 ciekawym newsem lub zaproponowa\u0107 temat? Skontaktuj si\u0119 z nami, pisz\u0105c maila na adres: <a rel=\"nofollow noopener\" href=\"https:\/\/plejada.pl\/newsy\/karolina-z-programu-rolnik-szuka-zony-gorzko-o-rolandzie-podjelam-zla-decyzje\/mailto:plejada@redakcjaonet.pl\" id=\"759ad20f-468d-4e4b-8400-0f26b119c507\" target=\"_blank\">plejada@redakcjaon<\/a><a href=\"https:\/\/et.pl\" id=\"02c62f2b-b47f-4611-9fd3-3b7014886e20\" rel=\"nofollow noopener\" target=\"_blank\">et.pl<\/a>.<\/p>\n<p><script async src=\"\/\/www.instagram.com\/embed.js\"><\/script><script async src=\"\/\/www.tiktok.com\/embed.js\"><\/script><\/p>\n","protected":false},"excerpt":{"rendered":"Roland by\u0142 jednym z dw\u00f3ch uczestnik\u00f3w 12. edycji programu &#8222;Rolnik szuka \u017cony&#8222;, kt\u00f3rym nie uda\u0142o si\u0119 znale\u017a\u0107 mi\u0142o\u015bci&hellip;\n","protected":false},"author":2,"featured_media":156604,"comment_status":"","ping_status":"","sticky":false,"template":"","format":"standard","meta":{"footnotes":""},"categories":[22],"tags":[122,48,125,46,42,38,40,39,41,25865,10296,123,47,506],"class_list":{"0":"post-156603","1":"post","2":"type-post","3":"status-publish","4":"format-standard","5":"has-post-thumbnail","7":"category-rozrywka","8":"tag-entertainment","9":"tag-nat_styl","10":"tag-newsy","11":"tag-omp","12":"tag-pl","13":"tag-poland","14":"tag-polish","15":"tag-polska","16":"tag-polski","17":"tag-rebrand_ai_tst0","18":"tag-rolnik_szuka_zony","19":"tag-rozrywka","20":"tag-screening_general","21":"tag-tvp"},"share_on_mastodon":{"url":"https:\/\/pubeurope.com\/@pl\/115736540191603617","error":""},"_links":{"self":[{"href":"https:\/\/www.europesays.com\/pl\/wp-json\/wp\/v2\/posts\/156603","targetHints":{"allow":["GET"]}}],"collection":[{"href":"https:\/\/www.europesays.com\/pl\/wp-json\/wp\/v2\/posts"}],"about":[{"href":"https:\/\/www.europesays.com\/pl\/wp-json\/wp\/v2\/types\/post"}],"author":[{"embeddable":true,"href":"https:\/\/www.europesays.com\/pl\/wp-json\/wp\/v2\/users\/2"}],"replies":[{"embeddable":true,"href":"https:\/\/www.europesays.com\/pl\/wp-json\/wp\/v2\/comments?post=156603"}],"version-history":[{"count":0,"href":"https:\/\/www.europesays.com\/pl\/wp-json\/wp\/v2\/posts\/156603\/revisions"}],"wp:featuredmedia":[{"embeddable":true,"href":"https:\/\/www.europesays.com\/pl\/wp-json\/wp\/v2\/media\/156604"}],"wp:attachment":[{"href":"https:\/\/www.europesays.com\/pl\/wp-json\/wp\/v2\/media?parent=156603"}],"wp:term":[{"taxonomy":"category","embeddable":true,"href":"https:\/\/www.europesays.com\/pl\/wp-json\/wp\/v2\/categories?post=156603"},{"taxonomy":"post_tag","embeddable":true,"href":"https:\/\/www.europesays.com\/pl\/wp-json\/wp\/v2\/tags?post=156603"}],"curies":[{"name":"wp","href":"https:\/\/api.w.org\/{rel}","templated":true}]}}