{"id":156625,"date":"2025-12-17T19:33:09","date_gmt":"2025-12-17T19:33:09","guid":{"rendered":"https:\/\/www.europesays.com\/pl\/156625\/"},"modified":"2025-12-17T19:33:09","modified_gmt":"2025-12-17T19:33:09","slug":"weto-karola-nawrockiego-do-ustawy-lancuchowej-sejm-podjal-decyzje","status":"publish","type":"post","link":"https:\/\/www.europesays.com\/pl\/156625\/","title":{"rendered":"Weto Karola Nawrockiego do ustawy \u0142a\u0144cuchowej. Sejm podj\u0105\u0142 decyzj\u0119"},"content":{"rendered":"<ul class=\"UnorderedList_container__nmfSl\">\n<li class=\"UnorderedList_listElement__Py7xi\" data-id=\"ai-summary-link\">Du\u017co czytania, a ma\u0142o czasu? Sprawd\u017a\u00a0skr\u00f3t\u00a0artyku\u0142u<\/li>\n<\/ul>\n<p class=\"Paragraph_desktopParagraph__U31Gm\">G\u0142osowanie w Sejmie poprzedzi\u0142a emocjonalna debata dotycz\u0105ca praw zwierz\u0105t. \u2014 M\u00f3wicie, \u017ce to prezydent stygmatyzuje i na wsi \u017ale si\u0119 dzieje. Jeden za drugim m\u00f3wicie, \u017ce je\u015bli nie b\u0119dzie kojc\u00f3w, to zwierz\u0119ta zostan\u0105 zamkni\u0119te w klatkach. Tak my\u015blicie o Polakach? \u2014 grzmia\u0142 z m\u00f3wnicy prezydencki minister Zbigniew Bogucki. Wtedy pos\u0142owie koalicji rz\u0105dz\u0105cej wyci\u0105gn\u0119li banery z napisem &#8222;odrzu\u0107cie weto&#8221; i grafik\u0105 ps\u00f3w przywi\u0105zanych do \u0142a\u0144cuch\u00f3w.<\/p>\n<p class=\"VideoPlayerText_videoPlayerText__iDwyz\">Dalszy ci\u0105g materia\u0142u pod wideo<\/p>\n<ul class=\"OchatFollowUps_wrapper__1ry7X\">\n<li class=\"OchatFollowUps_item__Dhyly OchatFollowUps_itemDesktop__R6aBv\">Dlaczego Sejm nie odrzuci\u0142 weta prezydenta?<\/li>\n<li class=\"OchatFollowUps_item__Dhyly OchatFollowUps_itemDesktop__R6aBv\">Jakie by\u0142y g\u0142osy w Sejmie podczas g\u0142osowania?<\/li>\n<li class=\"OchatFollowUps_item__Dhyly OchatFollowUps_itemDesktop__R6aBv\">Co zawiera\u0142a ustawa \u0142a\u0144cuchowa?<\/li>\n<li class=\"OchatFollowUps_item__Dhyly OchatFollowUps_itemDesktop__R6aBv\">Jakie by\u0142y powody weta prezydenta Nawrockiego?<\/li>\n<\/ul>\n<p class=\"Paragraph_desktopParagraph__U31Gm\">\u2014 Panie Bogucki, to bezczelno\u015b\u0107, aby poucza\u0107 nas w tworzeniu prawa. My tu jeste\u015bmy od tego, konsultujemy, rozmawiamy z fachowcami. Przychodzimy z gotowym projektem, a pan nie ma czasu si\u0119 z nami spotka\u0107. To jest przykra prawda, kt\u00f3ra was boli. Pan ma jedn\u0105 zasad\u0119: zawetowa\u0107 i u\u015bmiecha\u0107 si\u0119 do Konfederacji \u2014 m\u00f3wi\u0142a podczas debaty wicemarsza\u0142kini Sejmu Dorota Niedziela z Koalicji Obywatelskiej.<\/p>\n<p class=\"Paragraph_desktopParagraph__U31Gm\">W bloku g\u0142osowa\u0144 dosz\u0142o do ponownego spi\u0119cia mi\u0119dzy przedstawicielem Pa\u0142acu Prezydenckiego a koalicj\u0105 rz\u0105dz\u0105c\u0105. \u2014<a href=\"https:\/\/wiadomosci.onet.pl\/kraj\/goraco-w-sejmie-nie-ma-pan-prawa-tak-mowic-do-prezydenta-pis-wstalo-z-miejsc\/fr8ml51\" id=\"c80fbcde-ad46-4402-b82c-6b12df28c3ac\" rel=\"nofollow noopener\" target=\"_blank\"> Prezydent Nawrocki jest zbudowany na idei wolnej, suwerennej, dumnej Polski. Pan panie marsza\u0142ku jest zbudowany na idei Polskiej Zjednoczonej Partii Robotniczej [PZPR]. Nie ma pan prawa tak m\u00f3wi\u0107 do prezydenta \u2014 grzmia\u0142 Zbigniew Bogucki z m\u00f3wnicy sejmowej w kierunku W\u0142odzimierza Czarzastego<\/a>. Pos\u0142owie PiS wstali z miejsc i skandowali: &#8222;precz z komun\u0105&#8221;. Szef prezydenckiej kancelarii zaatakowa\u0142 r\u00f3wnie\u017c Donalda Tuska, pytaj\u0105c: &#8222;na czyim pan by\u0142 \u0142a\u0144cuchu?&#8221;.<\/p>\n<p>Karol Nawrocki zawetowa\u0142 wa\u017cn\u0105 ustaw\u0119 <\/p>\n<p class=\"Paragraph_desktopParagraph__U31Gm\"><a href=\"https:\/\/wiadomosci.onet.pl\/kraj\/karol-nawrocki-wetuje-kolejna-ustawe-chodzi-o-ochrone-zwierzat\/397gsmz\" id=\"b101925f-076a-4321-9f2f-82c5bc16b2b9\" rel=\"nofollow noopener\" target=\"_blank\">Prezydent Karol Nawrocki na pocz\u0105tku grudnia zawetowa\u0142 nowelizacj\u0119 ustawy o ochronie zwierz\u0105t, tzw. Ustaw\u0119 \u0142a\u0144cuchow\u0105<\/a>, kt\u00f3ra zak\u0142ada\u0142a wprowadzenie zakazu trzymania ps\u00f3w na uwi\u0119zi. Podkre\u015bli\u0142, \u017ce cho\u0107 intencja wzmocnienia ochrony zwierz\u0105t jest s\u0142uszna i szlachetna, to, jego zdaniem, przepisy by\u0142y \u017ale przygotowane, a proponowane w ustawie normy dotycz\u0105ce kojc\u00f3w ca\u0142kowicie nierealne do spe\u0142nienia.<\/p>\n<p class=\"Paragraph_desktopParagraph__U31Gm\">Nowelizacja zak\u0142ada\u0142a zakaz trzymania ps\u00f3w na uwi\u0119zi oraz definiowa\u0142a kojec jako miejsce poza lokalem mieszkalnym, z kt\u00f3rego nieprzywi\u0105zany pies nie mo\u017ce samodzielnie si\u0119 wydosta\u0107. W\u0142a\u015bciciele ps\u00f3w mieliby obowi\u0105zek zapewni\u0107 kojce utwardzone i w przewa\u017caj\u0105cej cz\u0119\u015bci zadaszone, o powierzchni co najmniej 10 m kw. dla psa o masie poni\u017cej 20 kg, 15 m kw. dla psa wa\u017c\u0105cego od 20 do 30 kg oraz 20 m kw. dla psa o masie powy\u017cej 30 kg. Powierzchnia kojca mia\u0142a by\u0107 dodatkowo zwi\u0119kszana wraz z liczb\u0105 przebywaj\u0105cych w nim zwierz\u0105t.<\/p>\n<p class=\"Paragraph_desktopParagraph__U31Gm\">Jednocze\u015bnie do Sejmu trafi\u0142 prezydencki projekt ustawy, kt\u00f3ry zak\u0142ada zakaz trzymania wszelkich zwierz\u0105t domowych na uwi\u0119zi, nie zawiera jednak przepis\u00f3w reguluj\u0105cych kwesti\u0119 kojc\u00f3w. &#8222;Kojce wielko\u015bci miejskich kawalerek to absurd, kt\u00f3ry uderza\u0142by w rolnik\u00f3w, hodowc\u00f3w i zwyk\u0142e wiejskie gospodarstwa&#8221; \u2014 oceni\u0142 Nawrocki w nagraniu zamieszczonym na profilu Kancelarii Prezydenta na X.<\/p>\n","protected":false},"excerpt":{"rendered":"Du\u017co czytania, a ma\u0142o czasu? Sprawd\u017a\u00a0skr\u00f3t\u00a0artyku\u0142u G\u0142osowanie w Sejmie poprzedzi\u0142a emocjonalna debata dotycz\u0105ca praw zwierz\u0105t. \u2014 M\u00f3wicie, \u017ce&hellip;\n","protected":false},"author":2,"featured_media":156626,"comment_status":"","ping_status":"","sticky":false,"template":"","format":"standard","meta":{"footnotes":""},"categories":[12],"tags":[32,33,31178,36,37,27,67,240,34,35,4463,28,31,53,25,52,68,51,21450,55,42,38,40,39,41,868,47,5930,29,30,65,50,26,5700,788,6509],"class_list":{"0":"post-156625","1":"post","2":"type-post","3":"status-publish","4":"format-standard","5":"has-post-thumbnail","7":"category-polska","8":"tag-breaking-news","9":"tag-breakingnews","10":"tag-dorota_niedziela","11":"tag-featured-news","12":"tag-featurednews","13":"tag-headlines","14":"tag-intextvideo_splayer","15":"tag-karol_nawrocki_prezydent","16":"tag-latest-news","17":"tag-latestnews","18":"tag-lewica","19":"tag-naglowki","20":"tag-najwazniejsze-artykuly","21":"tag-new_header","22":"tag-news","23":"tag-onet3","24":"tag-onet3d","25":"tag-onet3d_2i","26":"tag-palac_prezydencki_w_warszawie_budynek","27":"tag-phx","28":"tag-pl","29":"tag-poland","30":"tag-polish","31":"tag-polska","32":"tag-polski","33":"tag-prawo_i_sprawiedliwosc_pis","34":"tag-screening_general","35":"tag-sejm_rp_posel_poslanka_poslowie","36":"tag-top-stories","37":"tag-topstories","38":"tag-update_me","39":"tag-v2021","40":"tag-wiadomosci","41":"tag-wlodzimierz_czarzasty_polityk","42":"tag-zbigniew_bogucki","43":"tag-zwierzeta_zwierze"},"share_on_mastodon":{"url":"","error":"Validation failed: Text character limit of 500 exceeded"},"_links":{"self":[{"href":"https:\/\/www.europesays.com\/pl\/wp-json\/wp\/v2\/posts\/156625","targetHints":{"allow":["GET"]}}],"collection":[{"href":"https:\/\/www.europesays.com\/pl\/wp-json\/wp\/v2\/posts"}],"about":[{"href":"https:\/\/www.europesays.com\/pl\/wp-json\/wp\/v2\/types\/post"}],"author":[{"embeddable":true,"href":"https:\/\/www.europesays.com\/pl\/wp-json\/wp\/v2\/users\/2"}],"replies":[{"embeddable":true,"href":"https:\/\/www.europesays.com\/pl\/wp-json\/wp\/v2\/comments?post=156625"}],"version-history":[{"count":0,"href":"https:\/\/www.europesays.com\/pl\/wp-json\/wp\/v2\/posts\/156625\/revisions"}],"wp:featuredmedia":[{"embeddable":true,"href":"https:\/\/www.europesays.com\/pl\/wp-json\/wp\/v2\/media\/156626"}],"wp:attachment":[{"href":"https:\/\/www.europesays.com\/pl\/wp-json\/wp\/v2\/media?parent=156625"}],"wp:term":[{"taxonomy":"category","embeddable":true,"href":"https:\/\/www.europesays.com\/pl\/wp-json\/wp\/v2\/categories?post=156625"},{"taxonomy":"post_tag","embeddable":true,"href":"https:\/\/www.europesays.com\/pl\/wp-json\/wp\/v2\/tags?post=156625"}],"curies":[{"name":"wp","href":"https:\/\/api.w.org\/{rel}","templated":true}]}}