{"id":156631,"date":"2025-12-17T19:36:20","date_gmt":"2025-12-17T19:36:20","guid":{"rendered":"https:\/\/www.europesays.com\/pl\/156631\/"},"modified":"2025-12-17T19:36:20","modified_gmt":"2025-12-17T19:36:20","slug":"dominika-serowska-nie-zamierza-gotowac-na-swieta-bozego-narodzenia-no-blagam","status":"publish","type":"post","link":"https:\/\/www.europesays.com\/pl\/156631\/","title":{"rendered":"Dominika Serowska nie zamierza gotowa\u0107 na \u015bwi\u0119ta Bo\u017cego Narodzenia. &#8222;No b\u0142agam!&#8221;"},"content":{"rendered":"<p class=\"ods-c-paragraph \"><a href=\"https:\/\/plejada.pl\/temat\/dominika-serowska\/hqtb2yb\" id=\"419bf2a0-77d4-4bb6-922e-b0ad6548e316\" rel=\"nofollow noopener\" target=\"_blank\">Dominika Serowska<\/a> i Marcin Hakiel to od wielu miesi\u0119cy jedna z najgor\u0119tszych par polskiego show-biznesu. O ich zwi\u0105zku zrobi\u0142o si\u0119 g\u0142o\u015bno, gdy w 2022 r. zako\u0144czy\u0142o si\u0119 trwaj\u0105ce 17 lat ma\u0142\u017ce\u0144stwo tancerza z Katarzyn\u0105 Cichopek i ju\u017c w 2023 r. zacz\u0105\u0142 by\u0107 widywany z now\u0105 ukochan\u0105. Para od pocz\u0105tku nie zwalnia\u0142a tempa \u2014 ju\u017c w 2024. og\u0142osili zar\u0119czyny, a kilka miesi\u0119cy p\u00f3\u017aniej na \u015bwiat przyszed\u0142 ich syn Romeo. Zwi\u0105zek z Hakielem zrobi\u0142 z Serowskiej prawdziw\u0105 celebrytk\u0119 \u2014 cz\u0119sto pojawia si\u0119 na show-biznesowych imprezach i \u015bciankach, ch\u0119tnie udziela wywiad\u00f3w, a tak\u017ce dzia\u0142a jako influencerka na Instagramie.<\/p>\n<p>Dalszy ci\u0105g artyku\u0142u pod materia\u0142em wideo<\/p>\n<p> Dlaczego Dominika Serowska nie gotuje na \u015bwi\u0119ta? <\/p>\n<p> Jakie potrawy znajduj\u0105 si\u0119 na wigilijnym stole Dominiki Serowskiej? <\/p>\n<p> Kto gotuje w rodzinie Dominiki Serowskiej? <\/p>\n<p> Jakie inne talenty ma Dominika Serowska? <\/p>\n<p>  Dominika Serowska wyzna\u0142a, \u017ce nie zamierza gotowa\u0107 na \u015bwi\u0119ta. &#8222;Nie, no b\u0142agam!&#8221;<\/p>\n<p class=\"ods-c-paragraph \">Ju\u017c od jakiego\u015b czasu Instagram wype\u0142niaj\u0105 \u015bwi\u0105teczne kadry publikowane przez celebryt\u00f3w z ca\u0142ego \u015bwiata \u2014 internauci mog\u0105 podziwia\u0107 ozdobione wn\u0119trza gwiazdorskich willi i apartament\u00f3w, a tak\u017ce kreacje przyszykowane na ten wyj\u0105tkowy czas. Znani i lubiani ch\u0119tnie opowiadaj\u0105 o tym, jak obchodzi si\u0119 Bo\u017ce Narodzenie w ich domach.<\/p>\n<p class=\"ods-c-paragraph \">Swoimi planami na zbli\u017caj\u0105ce si\u0119 \u015bwi\u0119ta podzieli\u0142a si\u0119 Dominika Serowska. Okazuje si\u0119, \u017ce celebrytka nie nale\u017cy do grona tych os\u00f3b, kt\u00f3re 24 grudnia sp\u0119dzaj\u0105 wi\u0119kszo\u015b\u0107 dnia w kuchni, poniewa\u017c, jak wyzna\u0142a, nie mo\u017ce pochwali\u0107 si\u0119 wybitnymi umiej\u0119tno\u015bciami kulinarnymi.<\/p>\n<p><img decoding=\"async\" src=\"https:\/\/www.europesays.com\/pl\/wp-content\/uploads\/2025\/12\/z41k9lBaHR0cHM6Ly9vY2RuLmV1L3B1bHNjbXMvTURBXy9iNjM1MzRjNjNmNGEzZGNjODY5NjNjODIxNjUwZmNmYi5qcGeRlQLNA.jpeg\" height=\"529\" width=\"940\" alt=\"Dominika Serowska i Marcin Hakiel\" loading=\"lazy\" class=\"ods-c-image__img ods-c-image__img--vertical\"\/><\/p>\n<p>Dominika Serowska i Marcin HakielJacek Kurnikowski \/ AKPA<\/p>\n<p class=\"ods-c-paragraph \">&#8222;Nie, no b\u0142agam! Ja nie gotuj\u0119! Na szcz\u0119\u015bcie mam inne talenty. Wszystkie kulinarne aspekty zostawiam mojej mamie, ona bardzo lubi dla nas gotowa\u0107, a my lubimy si\u0119 go\u015bci\u0107&#8221; \u2014 przyzna\u0142a w rozmowie z Plotkiem.<\/p>\n<p class=\"ods-c-paragraph \">Ukochana <a href=\"https:\/\/plejada.pl\/marcin-hakiel\" id=\"72de23d1-a01d-404f-a40e-2f31de2ab3d0\" rel=\"nofollow noopener\" target=\"_blank\">Marcina Hakiela<\/a> zdradzi\u0142a r\u00f3wnie\u017c, \u017ce na ich stole wigilijnym znajduje si\u0119 barszcz z uszkami, pierogi i ryba po grecku. &#8222;W deserach jeste\u015bmy mniej tradycyjni, ja na przyk\u0142ad bardzo lubi\u0119 bez\u0119 z owocami&#8221; \u2014 doda\u0142a.<\/p>\n<p>   <img decoding=\"async\" src=\"https:\/\/www.europesays.com\/pl\/wp-content\/uploads\/2025\/12\/lllk9lBaHR0cHM6Ly9vY2RuLmV1L3B1bHNjbXMvTURBXy9mMjZlYTM5YWZkNWYzMjNhYjJjNzg4ZTg4ZGJlNGQwMS5qcGeRlQLNA.jpeg\" height=\"529\" width=\"940\" alt=\"Dominika Serowska, Marcin Hakiel\" loading=\"lazy\" class=\"ods-c-image__img ods-c-image__img--vertical\"\/><\/p>\n<p>Dominika Serowska, Marcin HakielAKPA \/ AKPA<\/p>\n<p> <img decoding=\"async\" src=\"https:\/\/www.europesays.com\/pl\/wp-content\/uploads\/2025\/12\/MpXk9lBaHR0cHM6Ly9vY2RuLmV1L3B1bHNjbXMvTURBXy8xYTBkOTM3MjVjZjJiODNjYmFkYWQxMzk1MDFjYmVkMi5qcGeRlQLNB.jpeg\" height=\"628\" width=\"940\" alt=\"Dominika Serowska i Marcin Hakiel (2025 r.)\" loading=\"lazy\" class=\"ods-c-image__img ods-c-image__img--viewport-width\"\/><\/p>\n<p>Dominika Serowska i Marcin Hakiel (2025 r.)Piotr Andrzejczak \/ MW Media<\/p>\n<p class=\"ods-c-paragraph \">Dzi\u0119kujemy, \u017ce przeczyta\u0142a\u015b\/e\u015b nasz artyku\u0142 do ko\u0144ca. W serwisie Plejada.pl ka\u017cdego dnia piszemy o najwa\u017cniejszych wydarzeniach show-biznesowych. B\u0105d\u017a na bie\u017c\u0105co! <a rel=\"nofollow noopener\" href=\"https:\/\/profile.google.com\/cp\/Cg0vZy8xMWJ6X19wdHBx\" id=\"e7a6d346-17b8-45d2-a711-3cbdc492208f\" target=\"_blank\">Obserwuj<\/a> Plejad\u0119 w Google. Odwied\u017a nas tak\u017ce na <a rel=\"nofollow noopener\" href=\"https:\/\/www.facebook.com\/plejadapl\" id=\"cd7b01e4-677b-4462-8be5-985953640e80\" target=\"_blank\">Facebooku<\/a>, <a rel=\"nofollow noopener\" href=\"https:\/\/www.instagram.com\/plejadapl\/\" id=\"9e679e6d-e3ce-46ec-acaa-73609adf3a55\" target=\"_blank\">Instagramie<\/a>, <a rel=\"nofollow noopener\" href=\"https:\/\/www.youtube.com\/c\/plejada\" id=\"be795181-61c5-4ba7-864b-e2741e02d6bd\" target=\"_blank\">YouTubie<\/a> oraz <a rel=\"nofollow noopener\" href=\"https:\/\/www.tiktok.com\/@plejada_pl\" id=\"40ab7d0a-31e0-425d-a3ed-cd747974fcf4\" target=\"_blank\">TikToku<\/a>.<\/p>\n<p class=\"ods-c-paragraph \">Chcesz podzieli\u0107 si\u0119 ciekawym newsem lub zaproponowa\u0107 temat? Skontaktuj si\u0119 z nami, pisz\u0105c maila na adres: <a rel=\"nofollow noopener\" href=\"https:\/\/plejada.pl\/newsy\/dominika-serowska-nie-zamierza-gotowac-na-swieta-bozego-narodzenia-no-blagam\/mailto:plejada@redakcjaonet.pl\" id=\"7904e676-5502-4cdb-8b59-001440d8693f\" target=\"_blank\">plejada@redakcjaon<\/a><a href=\"https:\/\/et.pl\" id=\"5eed20d3-1cab-43c5-bec1-91c9f8c02d49\" rel=\"nofollow noopener\" target=\"_blank\">et.pl<\/a>.<\/p>\n<p><script async src=\"\/\/www.instagram.com\/embed.js\"><\/script><script async src=\"\/\/www.tiktok.com\/embed.js\"><\/script><\/p>\n","protected":false},"excerpt":{"rendered":"Dominika Serowska i Marcin Hakiel to od wielu miesi\u0119cy jedna z najgor\u0119tszych par polskiego show-biznesu. O ich zwi\u0105zku&hellip;\n","protected":false},"author":2,"featured_media":156632,"comment_status":"","ping_status":"","sticky":false,"template":"","format":"standard","meta":{"footnotes":""},"categories":[22],"tags":[23150,1857,122,1859,48,125,46,42,38,40,39,41,25199,123,47],"class_list":{"0":"post-156631","1":"post","2":"type-post","3":"status-publish","4":"format-standard","5":"has-post-thumbnail","7":"category-rozrywka","8":"tag-boze_narodzenie_wigilia","9":"tag-dominika_serowska","10":"tag-entertainment","11":"tag-marcin_hakiel","12":"tag-nat_styl","13":"tag-newsy","14":"tag-omp","15":"tag-pl","16":"tag-poland","17":"tag-polish","18":"tag-polska","19":"tag-polski","20":"tag-rebrand_ai_tst1","21":"tag-rozrywka","22":"tag-screening_general"},"share_on_mastodon":{"url":"https:\/\/pubeurope.com\/@pl\/115736595028653729","error":""},"_links":{"self":[{"href":"https:\/\/www.europesays.com\/pl\/wp-json\/wp\/v2\/posts\/156631","targetHints":{"allow":["GET"]}}],"collection":[{"href":"https:\/\/www.europesays.com\/pl\/wp-json\/wp\/v2\/posts"}],"about":[{"href":"https:\/\/www.europesays.com\/pl\/wp-json\/wp\/v2\/types\/post"}],"author":[{"embeddable":true,"href":"https:\/\/www.europesays.com\/pl\/wp-json\/wp\/v2\/users\/2"}],"replies":[{"embeddable":true,"href":"https:\/\/www.europesays.com\/pl\/wp-json\/wp\/v2\/comments?post=156631"}],"version-history":[{"count":0,"href":"https:\/\/www.europesays.com\/pl\/wp-json\/wp\/v2\/posts\/156631\/revisions"}],"wp:featuredmedia":[{"embeddable":true,"href":"https:\/\/www.europesays.com\/pl\/wp-json\/wp\/v2\/media\/156632"}],"wp:attachment":[{"href":"https:\/\/www.europesays.com\/pl\/wp-json\/wp\/v2\/media?parent=156631"}],"wp:term":[{"taxonomy":"category","embeddable":true,"href":"https:\/\/www.europesays.com\/pl\/wp-json\/wp\/v2\/categories?post=156631"},{"taxonomy":"post_tag","embeddable":true,"href":"https:\/\/www.europesays.com\/pl\/wp-json\/wp\/v2\/tags?post=156631"}],"curies":[{"name":"wp","href":"https:\/\/api.w.org\/{rel}","templated":true}]}}