{"id":156651,"date":"2025-12-17T19:47:09","date_gmt":"2025-12-17T19:47:09","guid":{"rendered":"https:\/\/www.europesays.com\/pl\/156651\/"},"modified":"2025-12-17T19:47:09","modified_gmt":"2025-12-17T19:47:09","slug":"sekretarz-generalny-nato-przyjedzie-do-polski-spotka-sie-z-karolem-nawrockim","status":"publish","type":"post","link":"https:\/\/www.europesays.com\/pl\/156651\/","title":{"rendered":"Sekretarz generalny NATO przyjedzie do Polski. Spotka si\u0119 z Karolem Nawrockim"},"content":{"rendered":"<p class=\"ods-c-paragraph \">&#8222;Jutro o godzinie 10.00 Prezydent RP Karol Nawrocki przyjmie w Pa\u0142acu Prezydenckim Sekretarza Generalnego NATO Marka Rutte&#8221; \u2014 przekaza\u0142 w serwisie X rzecznik prasowy prezydenta Rafa\u0142 Le\u015bkiewicz<\/p>\n<p> Kiedy odb\u0119dzie si\u0119 spotkanie sekretarza generalnego NATO z prezydentem Nawrockim? <\/p>\n<p> Gdzie sekretarz generalny NATO spotka si\u0119 z \u017co\u0142nierzami? <\/p>\n<p> Kto jeszcze we\u017amie udzia\u0142 w wizycie w Bemowie Piskim? <\/p>\n<p> Jacy \u017co\u0142nierze wchodz\u0105 w sk\u0142ad Batalionowej Grupy Bojowej NATO? <\/p>\n<p class=\"ods-c-paragraph \">To b\u0119dzie kolejne spotkanie g\u0142owy pa\u0144stwa z szefem NATO.<a href=\"https:\/\/wiadomosci.onet.pl\/kraj\/karol-nawrocki-spotkal-sie-z-szefem-nato-zdradzil-o-czym-rozmawiali\/kyemecj\" id=\"0b10333e-b711-4058-8772-8c461d948cbe\" rel=\"nofollow noopener\" target=\"_blank\"> Do pierwszego dosz\u0142o 1 lipca w Brukseli, jeszcze przed zaprzysi\u0119\u017ceniem Karola Nawrockiego na prezydenta. <\/a><\/p>\n<p>Nie tylko spotkanie z prezydentem. Plan szefa NATO na wizyt\u0119 w Polsce<\/p>\n<p class=\"ods-c-paragraph \">Potem Rutte odwiedzi Bemowo Piskie (woj. warmi\u0144sko-mazurskie), gdzie spotka si\u0119 z \u017co\u0142nierzami stacjonuj\u0105cej tam wielonarodowej grupy bojowej NATO. <\/p>\n<p class=\"ods-c-paragraph \">Spotka si\u0119 tam tak\u017ce z wicepremierem, szefem MON W\u0142adys\u0142awem Kosiniakiem-Kamyszem. Zgodnie z zapowiedzi\u0105 gi\u017cyckiej brygady zmechanizowanej \u2014 gospodarzy natowskiej grupy \u2014 w wizycie ma tak\u017ce wzi\u0105\u0107 udzia\u0142 brytyjski minister obrony John Healey.<\/p>\n<p class=\"ods-c-paragraph \">W sk\u0142ad stacjonuj\u0105cej tam Batalionowej Grupy Bojowej NATO wchodz\u0105 \u017co\u0142nierze ze Stan\u00f3w Zjednoczonych, Wielkiej Brytanii, Rumunii i Chorwacji. Na co dzie\u0144 wsp\u00f3\u0142dzia\u0142aj\u0105 oni z 15. Gi\u017cyck\u0105 Brygad\u0105 Zmechanizowan\u0105.<\/p>\n","protected":false},"excerpt":{"rendered":"&#8222;Jutro o godzinie 10.00 Prezydent RP Karol Nawrocki przyjmie w Pa\u0142acu Prezydenckim Sekretarza Generalnego NATO Marka Rutte&#8221; \u2014&hellip;\n","protected":false},"author":2,"featured_media":156652,"comment_status":"","ping_status":"","sticky":false,"template":"","format":"standard","meta":{"footnotes":""},"categories":[12],"tags":[32,33,36,37,27,43,34,35,13445,28,31,48,25,46,42,38,40,39,41,47,80,29,30,26,617],"class_list":{"0":"post-156651","1":"post","2":"type-post","3":"status-publish","4":"format-standard","5":"has-post-thumbnail","7":"category-polska","8":"tag-breaking-news","9":"tag-breakingnews","10":"tag-featured-news","11":"tag-featurednews","12":"tag-headlines","13":"tag-karol_nawrocki","14":"tag-latest-news","15":"tag-latestnews","16":"tag-mark_rutte","17":"tag-naglowki","18":"tag-najwazniejsze-artykuly","19":"tag-nat_styl","20":"tag-news","21":"tag-omp","22":"tag-pl","23":"tag-poland","24":"tag-polish","25":"tag-polska","26":"tag-polski","27":"tag-screening_general","28":"tag-swiat","29":"tag-top-stories","30":"tag-topstories","31":"tag-wiadomosci","32":"tag-wladyslaw_kosiniak_kamysz"},"share_on_mastodon":{"url":"https:\/\/pubeurope.com\/@pl\/115736637950454848","error":""},"_links":{"self":[{"href":"https:\/\/www.europesays.com\/pl\/wp-json\/wp\/v2\/posts\/156651","targetHints":{"allow":["GET"]}}],"collection":[{"href":"https:\/\/www.europesays.com\/pl\/wp-json\/wp\/v2\/posts"}],"about":[{"href":"https:\/\/www.europesays.com\/pl\/wp-json\/wp\/v2\/types\/post"}],"author":[{"embeddable":true,"href":"https:\/\/www.europesays.com\/pl\/wp-json\/wp\/v2\/users\/2"}],"replies":[{"embeddable":true,"href":"https:\/\/www.europesays.com\/pl\/wp-json\/wp\/v2\/comments?post=156651"}],"version-history":[{"count":0,"href":"https:\/\/www.europesays.com\/pl\/wp-json\/wp\/v2\/posts\/156651\/revisions"}],"wp:featuredmedia":[{"embeddable":true,"href":"https:\/\/www.europesays.com\/pl\/wp-json\/wp\/v2\/media\/156652"}],"wp:attachment":[{"href":"https:\/\/www.europesays.com\/pl\/wp-json\/wp\/v2\/media?parent=156651"}],"wp:term":[{"taxonomy":"category","embeddable":true,"href":"https:\/\/www.europesays.com\/pl\/wp-json\/wp\/v2\/categories?post=156651"},{"taxonomy":"post_tag","embeddable":true,"href":"https:\/\/www.europesays.com\/pl\/wp-json\/wp\/v2\/tags?post=156651"}],"curies":[{"name":"wp","href":"https:\/\/api.w.org\/{rel}","templated":true}]}}