{"id":156653,"date":"2025-12-17T19:48:08","date_gmt":"2025-12-17T19:48:08","guid":{"rendered":"https:\/\/www.europesays.com\/pl\/156653\/"},"modified":"2025-12-17T19:48:08","modified_gmt":"2025-12-17T19:48:08","slug":"wojciech-szczesny-sam-zrezygnowal-z-meczu-barcelony-sensacyjne-kulisy-przeglad-sportowy-onet","status":"publish","type":"post","link":"https:\/\/www.europesays.com\/pl\/156653\/","title":{"rendered":"Wojciech Szcz\u0119sny sam zrezygnowa\u0142 z meczu Barcelony! Sensacyjne kulisy &#8211; Przegl\u0105d Sportowy Onet"},"content":{"rendered":"<ol>\n<li><a href=\"https:\/\/news.google.com\/rss\/articles\/CBMiyAFBVV95cUxPVUVXLXV4MzdJb1pTLXNOT09sWURJUW5EV0JVUFhDaWJMMXlCWUhvdTV0aHBKZ3MtbXdDZWFRaXoyWUM3LXFFdWJZZTUzcFFtMDdSLWJJdVBsS0FKMmFFYjVzajVITWhvQmhTaTVfWHZ2TVhUNHN3ZmY0Wm9YVWR1bC1JcGhqNGJ2dGpONE55eDJqRGxvcXNjb3ZNelhvbVRSZGhQTFFNNmdOZkw2UUhnYVhNcERWSXNHY1A3Ty1LVnc4UUEta1R6VQ?oc=5\" target=\"_blank\" rel=\"nofollow noopener\">Wojciech Szcz\u0119sny sam zrezygnowa\u0142 z meczu Barcelony! Sensacyjne kulisy<\/a>&nbsp;&nbsp;Przegl\u0105d Sportowy Onet<\/li>\n<li><a href=\"https:\/\/news.google.com\/rss\/articles\/CBMiogFBVV95cUxOYW9fSk1fM0txOWNBS1hWR19DbFFtTG5ReVM4dGRURHltbm5wN0lwRVhMOC05dV9iRjJoQnhzRmJfS3owSVc2MHp3bnlCZzR1dUEtM09HVkZWWVljNUZicGZJQUxHTzBORUhKMnNpbkJOOXZmdUNvNG9BOEZIYUZ0dUoxaTdrU3dySXgyVW94ek1WdWVCMmFrYVE4NGlYbmFqblE?oc=5\" target=\"_blank\" rel=\"nofollow noopener\">Wielka klasa Szcz\u0119snego. Hiszpanie ujawnili, co zrobi\u0142<\/a>&nbsp;&nbsp;SportoweFakty<\/li>\n<li><a href=\"https:\/\/news.google.com\/rss\/articles\/CBMiqgFBVV95cUxNbEhHaGNQem1vUnhfQWlOWXlXRnpDSnk0dGFQc0VLWXgtUVR2bnZHZTNCMmVzbUlWTWlNMGhlWHdKZng0dTlKMGlJRDVXRG9jbjAzem1sUmRQM3RZd0pEVjFPN3FMSWUyUk9IekZuR3dYdjhZWjMwdFpPNi1VN2ZsRXE2RE9jY3lFd1EwZ3JMTERDV1F4NTRMUmVNR0E3b04tdUNSYlBEVzJ1dw?oc=5\" target=\"_blank\" rel=\"nofollow noopener\">Flick z\u0142apa\u0142 &#8222;kreta&#8221; w szatni Barcelony! Poruszenie po meczu z III-ligowcem<\/a>&nbsp;&nbsp;Sport.pl<\/li>\n<li><a href=\"https:\/\/news.google.com\/rss\/articles\/CBMiqAFBVV95cUxNU0p5bkZaTEVPWFAtMDRVVjJnbDczV3c1Y3hRX3lLa0J6TkRaREVaLUllZkJkUHVIRDBlZl9wNGlzNU80NW90WG95dDdGVElhckhHM0JnRmVPT2VoTmhVblVfUXdRSUw2WEdiR0lJeWpPb0pwMlFWaUFYLXVOQ2FadktZWmhDdVFmNXNnR0RDemp0X1ZBNHd2a2szT2psZW5rei1ncFNLWTY?oc=5\" target=\"_blank\" rel=\"nofollow noopener\">Media: Wyj\u0105tkowy gest Szcz\u0119snego. Zrobi\u0142 to dla Ter Stegena<\/a>&nbsp;&nbsp;Meczyki.pl<\/li>\n<li><a href=\"https:\/\/news.google.com\/rss\/articles\/CBMiwAFBVV95cUxNTVV1NFkycml3NEtYZW5xVDZ4bFhMTmhHbDZfQkhxblhkV2JpVTVfSEY1T01SV2t5UFRFV3BYWUNNeVZrRDJJakE1N3lGVVdLNmFnN2NVOWhtc01NVTZVRHpnTWJmMFNfd1BGdlcyanM2TUgtMUtuUXBYVUJvdWFtSi0yN2VpTldrSkt4eEhEdC1PeWJESnVSU0NDSXlKZmhYZmhYRGtseXRrTGE3TEN6RTBtc0NKZjRQWEJKSS1fenU?oc=5\" target=\"_blank\" rel=\"nofollow noopener\">To dlatego Flick nie wybra\u0142 Szcz\u0119snego. I od razu takie s\u0142owa o przysz\u0142o\u015bci ter Stegena<\/a>&nbsp;&nbsp;Sport w INTERIA.PL<\/li>\n<\/ol>\n","protected":false},"excerpt":{"rendered":"Wojciech Szcz\u0119sny sam zrezygnowa\u0142 z meczu Barcelony! Sensacyjne kulisy&nbsp;&nbsp;Przegl\u0105d Sportowy Onet Wielka klasa Szcz\u0119snego. Hiszpanie ujawnili, co zrobi\u0142&nbsp;&nbsp;SportoweFakty&hellip;\n","protected":false},"author":2,"featured_media":156654,"comment_status":"","ping_status":"","sticky":false,"template":"","format":"standard","meta":{"footnotes":""},"categories":[5],"tags":[32,33,303,36,37,27,67,2051,34,35,28,31,25,11744,42,38,40,39,41,136,128,47,135,29,30,26,130,1789],"class_list":{"0":"post-156653","1":"post","2":"type-post","3":"status-publish","4":"format-standard","5":"has-post-thumbnail","7":"category-naglowki","8":"tag-breaking-news","9":"tag-breakingnews","10":"tag-fc_barcelona","11":"tag-featured-news","12":"tag-featurednews","13":"tag-headlines","14":"tag-intextvideo_splayer","15":"tag-laliga","16":"tag-latest-news","17":"tag-latestnews","18":"tag-naglowki","19":"tag-najwazniejsze-artykuly","20":"tag-news","21":"tag-ogor","22":"tag-pl","23":"tag-poland","24":"tag-polish","25":"tag-polska","26":"tag-polski","27":"tag-ps_detal_new","28":"tag-psv2","29":"tag-screening_general","30":"tag-sport_sport","31":"tag-top-stories","32":"tag-topstories","33":"tag-wiadomosci","34":"tag-wiadomosci_sportowe","35":"tag-wojciech_szczesny"},"share_on_mastodon":{"url":"https:\/\/pubeurope.com\/@pl\/115736641932155183","error":""},"_links":{"self":[{"href":"https:\/\/www.europesays.com\/pl\/wp-json\/wp\/v2\/posts\/156653","targetHints":{"allow":["GET"]}}],"collection":[{"href":"https:\/\/www.europesays.com\/pl\/wp-json\/wp\/v2\/posts"}],"about":[{"href":"https:\/\/www.europesays.com\/pl\/wp-json\/wp\/v2\/types\/post"}],"author":[{"embeddable":true,"href":"https:\/\/www.europesays.com\/pl\/wp-json\/wp\/v2\/users\/2"}],"replies":[{"embeddable":true,"href":"https:\/\/www.europesays.com\/pl\/wp-json\/wp\/v2\/comments?post=156653"}],"version-history":[{"count":0,"href":"https:\/\/www.europesays.com\/pl\/wp-json\/wp\/v2\/posts\/156653\/revisions"}],"wp:featuredmedia":[{"embeddable":true,"href":"https:\/\/www.europesays.com\/pl\/wp-json\/wp\/v2\/media\/156654"}],"wp:attachment":[{"href":"https:\/\/www.europesays.com\/pl\/wp-json\/wp\/v2\/media?parent=156653"}],"wp:term":[{"taxonomy":"category","embeddable":true,"href":"https:\/\/www.europesays.com\/pl\/wp-json\/wp\/v2\/categories?post=156653"},{"taxonomy":"post_tag","embeddable":true,"href":"https:\/\/www.europesays.com\/pl\/wp-json\/wp\/v2\/tags?post=156653"}],"curies":[{"name":"wp","href":"https:\/\/api.w.org\/{rel}","templated":true}]}}