{"id":156666,"date":"2025-12-17T19:54:17","date_gmt":"2025-12-17T19:54:17","guid":{"rendered":"https:\/\/www.europesays.com\/pl\/156666\/"},"modified":"2025-12-17T19:54:17","modified_gmt":"2025-12-17T19:54:17","slug":"co-bedzie-dalej-z-orp-slazak-niepewne-losy-modernizacji","status":"publish","type":"post","link":"https:\/\/www.europesays.com\/pl\/156666\/","title":{"rendered":"Co b\u0119dzie dalej z ORP \u015al\u0105zak? Niepewne losy modernizacji"},"content":{"rendered":"<p>   <a href=\"https:\/\/defence24.pl\/strona-autora\/jaroslaw-cislak\" target=\"_self\" class=\"article-author__wrap\" rel=\"nofollow noopener\"><img loading=\"lazy\" decoding=\"async\" src=\"https:\/\/www.europesays.com\/pl\/wp-content\/uploads\/2025\/12\/xIVVKR5VJMDO7idJOSOVSdskxbmzGwBVE0f1KnMM.56ji.webp.webp\" alt=\"Jaros\u0142aw Ci\u015blak\"  width=\"100\" height=\"100\" author=\"Jaros\u0142aw Ci\u015blak\" caption=\"Jaros\u0142aw Ci\u015blak\" fullscreen=\"https:\/\/cdn.defence24.pl\/2024\/04\/30\/1920xpx\/xIVVKR5VJMDO7idJOSOVSdskxbmzGwBVE0f1KnMM.iy1v.webp\" class=\"img article-author__avatar img-avatar\"\/><br \/>\n          Jaros\u0142aw Ci\u015blak<br \/>\n        <\/a>  <\/p>\n<p>W tym, czyli 51. tygodniu 2025 roku, a dok\u0142adniej w poniedzia\u0142ek i wtorek, korweta patrolowa ORP \u015al\u0105zak (241) wysz\u0142a na morze. Wcze\u015bniej nie robi\u0142a tego przez dwa lata. Co dalej z losem okr\u0119tu?<\/p>\n<p>  <img decoding=\"async\" src=\"https:\/\/www.europesays.com\/pl\/wp-content\/uploads\/2025\/12\/17hbC76DrC7yyCWqleW9SgEKDpyM3nRb3ATBObUy.wpnh.webp.webp\" alt=\"Korweta patrolowa ORP \u015al\u0105zak (241).\"  width=\"800\" height=\"450\" author=\"Jaros\u0142aw Ci\u015blak\/Defence24.pl\" fetchpriority=\"high\" class=\"img image-with-caption__image\"\/><br \/>\n        Korweta patrolowa ORP \u015al\u0105zak (241).<br \/>\n       <br \/>Autor. Jaros\u0142aw Ci\u015blak\/Defence24.pl<\/p>\n<p class=\"paragraph-module\">Projektowanie, budow\u0119 i wszelkie zwi\u0105zane z ni\u0105 perturbacje korwety ORP \u015al\u0105zak opisali\u015bmy w kilkucz\u0119\u015bciowym raporcie.<\/p>\n<p class=\"paragraph-module\">Podczas ubieg\u0142orocznego \u015awi\u0119ta MW w Gdyni, 28 listopada 2024 roku, minister obrony narodowej W\u0142adys\u0142aw Kosiniak-Kamysz publicznie zapowiedzia\u0142 na 2025 rok realizacj\u0119 w MW dw\u00f3ch program\u00f3w, czyli pozyskanie okr\u0119t\u00f3w podwodnych Orka i dozbrojenie korwety patrolowej ORP \u015al\u0105zak.<\/p>\n<p class=\"paragraph-module\">Pierwszy z nich, czyli Orka, doczeka\u0142 si\u0119 w 2025 roku decyzji dotycz\u0105cej kraju, w kt\u00f3rym kupimy okr\u0119ty podwodne. 26 listopada og\u0142oszono, i\u017c krajem tym b\u0119dzie Szwecja. Natomiast 17 grudnia w Warszawie podpisano polsko-szwedzki protok\u00f3\u0142 ustale\u0144 (ang. Memorandum of Understanding, MoU) zwi\u0105zany z tym programem.<\/p>\n<p class=\"paragraph-module\">Drugi z nich, czyli dozbrojenie korwety patrolowej ORP \u015al\u0105zak, nie mia\u0142 w 2025 roku tyle szcz\u0119\u015bcia. Agencja Uzbrojenia 30 grudnia 2024 roku og\u0142osi\u0142a zamiar przeprowadzenia wst\u0119pnych konsultacji rynkowych, kt\u00f3rych celem by\u0142o zebranie informacji o sprz\u0119cie wojskowym b\u0119d\u0105cym na rynku w zakresie niezb\u0119dnym do przygotowania opisu przedmiotu zam\u00f3wienia dla doposa\u017cenia korwety patrolowej ORP \u015al\u0105zak w systemy uzbrojenia i dodatkowego wyposa\u017cenia. Konsultacje rynkowe obj\u0119\u0142y obszar tematyczny dotycz\u0105cy doposa\u017cenia okr\u0119tu w zakresie obejmuj\u0105cym minimalne wymagania taktyczne, techniczne i funkcjonalne dla osi\u0105gni\u0119cia nast\u0119puj\u0105cych zdolno\u015bci:<\/p>\n<ul class=\"list-module\">\n<li>zdolno\u015b\u0107 do ra\u017cenia cel\u00f3w nawodnych uzbrojeniem rakietowym;<\/li>\n<li>zdolno\u015b\u0107 do ra\u017cenia cel\u00f3w powietrznych uzbrojeniem rakietowym;<\/li>\n<li>zdolno\u015b\u0107 do prowadzenia dzia\u0142a\u0144 z zakresu rozpoznania radiolokacyjnego (WRE);<\/li>\n<li>zdolno\u015b\u0107 do zwalczania bezza\u0142ogowych \u015brodk\u00f3w lataj\u0105cych (BSL);<\/li>\n<li>zdolno\u015b\u0107 do u\u017cycia bezza\u0142ogowych \u015brodk\u00f3w lataj\u0105cych (BSL).<\/li>\n<\/ul>\n<p class=\"paragraph-module\">Agencja Uzbrojenia poprosi\u0142a o sk\u0142adanie zg\u0142osze\u0144 przez zainteresowane podmioty do dnia 17 stycznia 2025 roku. Zg\u0142osi\u0142o si\u0119 do nich a\u017c 21 podmiot\u00f3w i wst\u0119pne konsultacje rynkowe zosta\u0142y z nimi przeprowadzone.<\/p>\n<p class=\"paragraph-module\">W 2025 roku Rada Modernizacji Technicznej MON zadecydowa\u0142a o zmianie zakresu prac. Zamiast doposa\u017cenia (dozbrojenia) ORP \u015al\u0105zak ma zosta\u0107 zmodernizowany. W zwi\u0105zku z tym Agencja Uzbrojenia nadal prowadzi analizy w ramach wst\u0119pnych konsultacji rynkowych. Dalsze kroki dotycz\u0105ce modernizacji okr\u0119tu zostan\u0105 realizowane po zako\u0144czeniu tej fazy i wypracowaniu przez MON stosownych rekomendacji.<\/p>\n<p class=\"paragraph-module\">Sam okr\u0119t niestety boryka si\u0119 z powa\u017cnymi problemami technicznymi. Ostatni raz wyszed\u0142 w morze w grudniu 2023 roku. Obecnie ORP \u015al\u0105zak ma najnowocze\u015bniejsze wyposa\u017cenie radioelektroniczne spo\u015br\u00f3d wszystkich b\u0119d\u0105cych w s\u0142u\u017cbie naszych okr\u0119t\u00f3w. Dlatego od d\u0142u\u017cszego czasu w Inspektoracie Wsparcia Si\u0142 Zbrojnych trwaj\u0105 osobne prace maj\u0105ce na celu umo\u017cliwienie mu jak najszybszego powrotu do aktywnej s\u0142u\u017cby na morzu i realizacji zada\u0144 okr\u0119tu zgodnie z jego obecnym przeznaczeniem, czyli z patrolowania akwen\u00f3w morskich.<\/p>\n<p class=\"paragraph-module\">W 2025 roku na ORP \u015al\u0105zak przeprowadzono m.in. napraw\u0119 bie\u017c\u0105c\u0105 silnika g\u0142\u00f3wnego prawej burty, napraw\u0119 bie\u017c\u0105c\u0105 aparatury paliwowej zespo\u0142\u00f3w pr\u0105dotw\u00f3rczych oraz inne prace. Umo\u017cliwi\u0142y one w tym tygodniu dwukrotne wyj\u015bcie na morze celem weryfikacji zrealizowanych oraz planowanych do realizacji napraw. Dodatkowo, obecnie procedowane jest przygotowanie dokumentacyjne do wykonania niezb\u0119dnych napraw oraz przegl\u0105d\u00f3w planowanych do realizacji w 2026 roku. Przeprowadzenie planowanych napraw umo\u017cliwi realizacj\u0119 zada\u0144 okr\u0119tu zgodnie z przeznaczeniem od II kwarta\u0142u 2026 roku.<\/p>\n<p class=\"paragraph-module\">Reasumuj\u0105c, mamy dwie informacje: jedn\u0105 dobr\u0105 i jedn\u0105 z\u0142\u0105. Dobr\u0105 jest ta, i\u017c za kilka miesi\u0119cy uda si\u0119 korwet\u0119 ORP \u015al\u0105zak przywr\u00f3ci\u0107 do aktywnej s\u0142u\u017cby na morzu. Niestety, z\u0142\u0105 jest ta, i\u017c przez ponad rok od deklaracji ministra obrony narodowej nie uda\u0142o si\u0119 uruchomi\u0107 jej dozbrojenia czy te\u017c modernizacji. Wszystko wskazuje na to, i\u017c samo proste dozbrojenie nie wchodzi w rachub\u0119. Jest tego wiele przyczyn, a najwa\u017cniejszymi z nich s\u0105 wieloletnia budowa, wielokrotne zmiany za\u0142o\u017ce\u0144 oraz wielokrotne zmiany samego projektu technicznego.<\/p>\n<p class=\"paragraph-module\">Okr\u0119t zosta\u0142 uko\u0144czony w wariancie patrolowym i wiele wprowadzonych w zwi\u0105zku z tym zmian w projekcie teraz utrudnia jego dozbrojenie. Problemem jest r\u00f3wnie\u017c nap\u0119d korwety sk\u0142adaj\u0105cy si\u0119 z silnik\u00f3w wysokopr\u0119\u017cnych i turbiny gazowej do osi\u0105gania wy\u017cszych pr\u0119dko\u015bci. Niestety turbina ta sprawia wiele k\u0142opot\u00f3w i rozwa\u017cane jest jej usuni\u0119cie oraz zastosowanie si\u0142owni sk\u0142adaj\u0105cej si\u0119 tylko z silnik\u00f3w wysokopr\u0119\u017cnych. Mo\u017ce i to te\u017c jest jednym z powod\u00f3w, dla kt\u00f3rych Rada Modernizacji Technicznej zmieni\u0142a program z dozbrojenia na modernizacj\u0119.<\/p>\n<p class=\"paragraph-module\">Na razie mo\u017cna mie\u0107 tylko nadziej\u0119, i\u017c na wiosn\u0119 2026 roku ORP \u015al\u0105zak b\u0119dzie gotowy do dzia\u0142a\u0144, np. w prowadzonej przez Marynark\u0119 Wojenn\u0105 Operacji Zatoka. A co b\u0119dzie dalej z modernizacj\u0105? Oka\u017ce si\u0119 to zapewne nied\u0142ugo. Tym bardziej, i\u017c zapowiedzia\u0142 to sam minister obrony narodowej W\u0142adys\u0142aw Kosiniak-Kamysz, kt\u00f3rego trzymamy za s\u0142owo. Jest to o tyle wa\u017cne, i\u017c okr\u0119t bez w\u0142asnej obrony przeciwlotniczej w czasie wojny nie jest w stanie prowadzi\u0107 nawet dzia\u0142a\u0144 patrolowych.<\/p>\n","protected":false},"excerpt":{"rendered":"Jaros\u0142aw Ci\u015blak W tym, czyli 51. tygodniu 2025 roku, a dok\u0142adniej w poniedzia\u0142ek i wtorek, korweta patrolowa ORP&hellip;\n","protected":false},"author":2,"featured_media":156667,"comment_status":"","ping_status":"","sticky":false,"template":"","format":"standard","meta":{"footnotes":""},"categories":[12],"tags":[5042,32,33,36,37,27,31186,31185,34,35,23486,28,31,25,31184,11616,42,38,40,39,41,31187,31183,29,30,26],"class_list":{"0":"post-156666","1":"post","2":"type-post","3":"status-publish","4":"format-standard","5":"has-post-thumbnail","7":"category-polska","8":"tag-agencja-uzbrojenia","9":"tag-breaking-news","10":"tag-breakingnews","11":"tag-featured-news","12":"tag-featurednews","13":"tag-headlines","14":"tag-inspektorat-wsparcia-sil-zbrojnych","15":"tag-korweta-patrolowa","16":"tag-latest-news","17":"tag-latestnews","18":"tag-marynarka-wojenna-rp","19":"tag-naglowki","20":"tag-najwazniejsze-artykuly","21":"tag-news","22":"tag-orp-slazak","23":"tag-pgz-stocznia-wojenna","24":"tag-pl","25":"tag-poland","26":"tag-polish","27":"tag-polska","28":"tag-polski","29":"tag-projekt-621-gawron","30":"tag-stocznia-marynarki-wojennej","31":"tag-top-stories","32":"tag-topstories","33":"tag-wiadomosci"},"share_on_mastodon":{"url":"https:\/\/pubeurope.com\/@pl\/115736665762036168","error":""},"_links":{"self":[{"href":"https:\/\/www.europesays.com\/pl\/wp-json\/wp\/v2\/posts\/156666","targetHints":{"allow":["GET"]}}],"collection":[{"href":"https:\/\/www.europesays.com\/pl\/wp-json\/wp\/v2\/posts"}],"about":[{"href":"https:\/\/www.europesays.com\/pl\/wp-json\/wp\/v2\/types\/post"}],"author":[{"embeddable":true,"href":"https:\/\/www.europesays.com\/pl\/wp-json\/wp\/v2\/users\/2"}],"replies":[{"embeddable":true,"href":"https:\/\/www.europesays.com\/pl\/wp-json\/wp\/v2\/comments?post=156666"}],"version-history":[{"count":0,"href":"https:\/\/www.europesays.com\/pl\/wp-json\/wp\/v2\/posts\/156666\/revisions"}],"wp:featuredmedia":[{"embeddable":true,"href":"https:\/\/www.europesays.com\/pl\/wp-json\/wp\/v2\/media\/156667"}],"wp:attachment":[{"href":"https:\/\/www.europesays.com\/pl\/wp-json\/wp\/v2\/media?parent=156666"}],"wp:term":[{"taxonomy":"category","embeddable":true,"href":"https:\/\/www.europesays.com\/pl\/wp-json\/wp\/v2\/categories?post=156666"},{"taxonomy":"post_tag","embeddable":true,"href":"https:\/\/www.europesays.com\/pl\/wp-json\/wp\/v2\/tags?post=156666"}],"curies":[{"name":"wp","href":"https:\/\/api.w.org\/{rel}","templated":true}]}}