{"id":156672,"date":"2025-12-17T19:57:19","date_gmt":"2025-12-17T19:57:19","guid":{"rendered":"https:\/\/www.europesays.com\/pl\/156672\/"},"modified":"2025-12-17T19:57:19","modified_gmt":"2025-12-17T19:57:19","slug":"agnieszka-z-rolnik-szuka-zony-12-przerwala-milczenie-ujawnila-kulisy-show-rmf-fm","status":"publish","type":"post","link":"https:\/\/www.europesays.com\/pl\/156672\/","title":{"rendered":"Agnieszka z \u201eRolnik szuka \u017cony 12\u201d przerwa\u0142a milczenie. Ujawni\u0142a kulisy show :: RMF FM"},"content":{"rendered":"<p>W finale programu \u201eRolnik szuka \u017cony 12\u201d okaza\u0142o si\u0119, \u017ce Krzysztof i Agnieszka nie s\u0105 razem. Teraz uczestniczka show zabra\u0142a g\u0142os w mediach spo\u0142eczno\u015bciowych, publikuj\u0105c na Instagramie d\u0142ugi wpis. Nawi\u0105za\u0142a w nim m.in. do swojego udzia\u0142u w projekcie.<\/p>\n<p><img decoding=\"async\" alt=\"\" src=\"https:\/\/www.europesays.com\/pl\/wp-content\/uploads\/2025\/12\/81d053ffc432908070aeec3df0523967.jpg\" class=\"w-100\"\/><\/p>\n<p>Agnieszka i Krzysztof z programu \u201eRolnik szuka \u017cony\u201d. Fot. materia\u0142y prasowe TVP<\/p>\n<p>&#13;<br \/>\n\t\u201e<a href=\"https:\/\/www.rmf.fm\/magazyn\/tag,Rolnik%20szuka%20%C5%BCony.html\" rel=\"nofollow noopener\" target=\"_blank\">Rolnik szuka \u017cony<\/a> 12\u201d. Krzysztof i Agnieszka nie s\u0105 razem po programie<\/p>\n<p>&#13;<br \/>\n\tNa pocz\u0105tku grudnia widzowie TVP1 zobaczyli ostatni odcinek 12. edycji programu \u201eRolnik szuka \u017cony\u201d. W\u00f3wczas dowiedzieli si\u0119, kt\u00f3re pary przetrwa\u0142y. Swoje zwi\u0105zki oficjalnie potwierdzili: Barbara i Mateusz, Arkadiusz i Julia oraz Gabriel i Weronika. Jak donosz\u0105 media, histori\u0105 jest ju\u017c relacja pierwszego z wymienionych duet\u00f3w.<\/p>\n<p><a href=\"https:\/\/www.rmf.fm\/magazyn\/news,86419,barbara-i-mateusz-z-rolnik-szuka-zony-rozstali-sie-nowe-wiesci-ws-relacji-uczestnikow-show.html\" rel=\"nofollow noopener\" target=\"_blank\"><img decoding=\"async\" src=\"https:\/\/www.europesays.com\/pl\/wp-content\/uploads\/2025\/12\/e06d64a232ba0a2b5fafe45d037a6513.jpg\" width=\"290\"\/><\/a><a href=\"https:\/\/www.rmf.fm\/magazyn\/news,86419,barbara-i-mateusz-z-rolnik-szuka-zony-rozstali-sie-nowe-wiesci-ws-relacji-uczestnikow-show.html\" rel=\"nofollow noopener\" target=\"_blank\">Barbara i Mateusz z \u201eRsz\u017b\u201d rozstali si\u0119? Nowe wie\u015bci ws. relacji uczestnik\u00f3w<\/a><\/p>\n<p>Czy Barbara i Mateusz z programu \u201eRolnik szuka \u017cony\u201d s\u0105 razem? Kilka dni po emisji fina\u0142owego odcinka 12. edycji w mediach zacz\u0119\u0142y pojawia\u0107 si\u0119 doniesienia o tym, jak obecnie wygl\u0105da sytuacja mi\u0119dzy uczestnikami show. Ta wiadomo\u015b\u0107&#8230;<\/p>\n<p>&#13;<br \/>\n\tKrzysztof i Roland to rolnicy, kt\u00f3rzy nie znale\u017ali \u201edrugich po\u0142\u00f3wek\u201d w show. Po zako\u0144czeniu emisji bohater mieszkaj\u0105cy na Podlasiu wyzna\u0142, \u017ce jego serce jest jednak zaj\u0119te. O nowej relacji Krzysztof opowiada\u0142 m.in. w \u201ePytaniu na \u015bniadanie\u201d.<\/p>\n<blockquote class=\"instagram-media\" data-instgrm-captioned=\"\" data-instgrm-permalink=\"https:\/\/www.instagram.com\/p\/DSAPXZXjOTS\/?utm_source=ig_embed&amp;utm_campaign=loading\" data-instgrm-version=\"14\" style=\" background:#FFF; border:0; border-radius:3px; box-shadow:0 0 1px 0 rgba(0,0,0,0.5),0 1px 10px 0 rgba(0,0,0,0.15); margin: 1px; max-width:540px; min-width:326px; padding:0; width:99.375%; width:-webkit-calc(100% - 2px); width:calc(100% - 2px);\"\/>\n<p>&#13;<br \/>\n\tTymczasem Agnieszka, z kt\u00f3r\u0105 wspomniany rolnik chcia\u0142 stworzy\u0107 trwa\u0142y zwi\u0105zek, zabra\u0142a g\u0142os na Instagramie. Po\u015brednio nawi\u0105za\u0142a do swojego udzia\u0142u w telewizyjnym projekcie.<\/p>\n<p>&#13;<br \/>\n\tAgnieszka z \u201eRolnik szuka \u017cony 12\u201d o udziale w show<\/p>\n<p>&#13;<br \/>\n\tAgnieszka by\u0142a jedn\u0105 z dw\u00f3ch kandydatek Krzysztofa z \u201e<a href=\"https:\/\/www.rmf.fm\/magazyn\/tag,Rsz%C5%BB.html\" rel=\"nofollow noopener\" target=\"_blank\">Rsz\u017b<\/a>\u201d. Na gospodarstwie go\u015bci\u0142a razem z Milen\u0105. M\u0119\u017cczyzna nie kry\u0142, \u017ce jest wyra\u017anie zainteresowany trenerk\u0105 personaln\u0105, kt\u00f3ra na co dzie\u0144 mieszka w Londynie. Czas pokaza\u0142 jednak, \u017ce wsp\u00f3lna przysz\u0142o\u015b\u0107 nie jest im pisana. Ma\u0142o tego, w finale kandydatka rolnika wyzna\u0142a wprost, \u017ce nie \u017cywi\u0142a g\u0142\u0119bszych uczu\u0107 do Krzysztofa ju\u017c wcze\u015bniej.<\/p>\n<blockquote class=\"instagram-media\" data-instgrm-captioned=\"\" data-instgrm-permalink=\"https:\/\/www.instagram.com\/p\/DR-fsqmCIXG\/?utm_source=ig_embed&amp;utm_campaign=loading\" data-instgrm-version=\"14\" style=\" background:#FFF; border:0; border-radius:3px; box-shadow:0 0 1px 0 rgba(0,0,0,0.5),0 1px 10px 0 rgba(0,0,0,0.15); margin: 1px; max-width:540px; min-width:326px; padding:0; width:99.375%; width:-webkit-calc(100% - 2px); width:calc(100% - 2px);\"\/>\n<p>&#13;<br \/>\n\tAgnieszka prowadzi na Instagramie tzw. konto prywatne, co oznacza, \u017ce dost\u0119p do publikowanych przez ni\u0105 tre\u015bci maj\u0105 wy\u0142\u0105cznie internauci, kt\u00f3rzy wcze\u015bniej klikn\u0119li przycisk \u201eobserwuj\u201d. To w\u0142a\u015bnie z nimi kandydatka Krzysztofa podzieli\u0142a si\u0119 refleksj\u0105 na temat tego, co dzia\u0142o si\u0119 w jej \u017cyciu w ostatnich miesi\u0105cach.<\/p>\n<blockquote><p>&#13;<\/p>\n<p>&#13;<br \/>\n\t\tWierz\u0119, \u017ce przez \u017cycie \u0142atwiej i pi\u0119kniej idzie si\u0119 we dw\u00f3jk\u0119! W\u0142a\u015bnie dlatego zdecydowa\u0142am si\u0119 spr\u00f3bowa\u0107 \u2013 rozpocz\u0119\u0142a sw\u00f3j wpis.<\/p>\n<p>&#13;\n<\/p><\/blockquote>\n<p>&#13;<br \/>\n\tW dalszych s\u0142owach trenerka personalna wspomnia\u0142a o tym, \u017ce dawa\u0142a szans\u0119 znajomo\u015bci z Krzysztofem:<\/p>\n<p>&#13;<br \/>\n\t\u201e(\u2026) Od pocz\u0105tku by\u0142am szczera w tym co czuj\u0119\u2026 i czego jeszcze nie czuj\u0119. Da\u0142am tej historii przestrze\u0144, wierz\u0105c, \u017ce uczucie mo\u017ce przyj\u015b\u0107 z czasem. Bardzo chcia\u0142am, \u017ceby tak si\u0119 sta\u0142o! Nie zakocha\u0142am si\u0119. I to nie dlatego, \u017ce nie chcia\u0142am. Po prostu moje serce ma swoje tempo i nie zawsze mie\u015bci si\u0119 ono w ramach programu.\u201d<\/p>\n<p>&#13;<br \/>\n\tMieszkanka Londynu poruszy\u0142a r\u00f3wnie\u017c kwesti\u0119 tego, co zarejestrowa\u0142y telewizyjne kamery i co ukaza\u0142o si\u0119 oczom widz\u00f3w:<\/p>\n<blockquote><p>&#13;<\/p>\n<p>&#13;<br \/>\n\t\tNiekt\u00f3re rzeczy, kt\u00f3re widzieli\u015bcie na ekranie, by\u0142y uproszczone. Inne nie pojawi\u0142y si\u0119 wcale. Wiele moment\u00f3w przemilcza\u0142am, nie dlatego, \u017ce ich nie by\u0142o, ale dlatego, \u017ce nie wszystko da si\u0119 i trzeba opowiada\u0107 publicznie. Cz\u0119\u015b\u0107 historii po prostu zosta\u0142a poza kadrem.<\/p>\n<p>&#13;\n<\/p><\/blockquote>\n<p>&#13;<br \/>\n\tUczestniczka show podkre\u015bli\u0142a, \u017ce \u2013 wed\u0142ug niej \u2013 rozw\u00f3j uczucia potrzebuje czasu, dodaj\u0105c, i\u017c dla w\u0142a\u015bciwej osoby jest gotowa ca\u0142kowicie zmieni\u0107 swoje \u017cycie.<\/p>\n<p>&#13;<br \/>\n\t\u201eJestem wdzi\u0119czna, \u017ce da\u0142am sobie szans\u0119. I wci\u0105\u017c wierz\u0119, \u017ce we dwoje jest po prostu lepiej-tylko z w\u0142a\u015bciw\u0105 osob\u0105.\u201d<\/p>\n<p>&#13;<br \/>\n\tKibicowali\u015bcie Agnieszce, ogl\u0105daj\u0105c odcinki programu \u201eRolnik szuka \u017cony\u201d?<\/p>\n<blockquote class=\"instagram-media\" data-instgrm-captioned=\"\" data-instgrm-permalink=\"https:\/\/www.instagram.com\/p\/DRmCzmkAvXs\/?utm_source=ig_embed&amp;utm_campaign=loading\" data-instgrm-version=\"14\" style=\" background:#FFF; border:0; border-radius:3px; box-shadow:0 0 1px 0 rgba(0,0,0,0.5),0 1px 10px 0 rgba(0,0,0,0.15); margin: 1px; max-width:540px; min-width:326px; padding:0; width:99.375%; width:-webkit-calc(100% - 2px); width:calc(100% - 2px);\"\/>\n<p>\t\t\t\t\t\t<script async src=\"\/\/www.instagram.com\/embed.js\"><\/script><\/p>\n","protected":false},"excerpt":{"rendered":"W finale programu \u201eRolnik szuka \u017cony 12\u201d okaza\u0142o si\u0119, \u017ce Krzysztof i Agnieszka nie s\u0105 razem. Teraz uczestniczka&hellip;\n","protected":false},"author":2,"featured_media":156673,"comment_status":"","ping_status":"","sticky":false,"template":"","format":"standard","meta":{"footnotes":""},"categories":[22],"tags":[28858,122,20291,42,38,40,39,41,17453,20290,123,20292],"class_list":{"0":"post-156672","1":"post","2":"type-post","3":"status-publish","4":"format-standard","5":"has-post-thumbnail","7":"category-rozrywka","8":"tag-agnieszka-z-rolnik-szuka-zony","9":"tag-entertainment","10":"tag-krzysztof-z-rolnik-szuka-zony","11":"tag-pl","12":"tag-poland","13":"tag-polish","14":"tag-polska","15":"tag-polski","16":"tag-rolnik-szuka-zony","17":"tag-rolnik-szuka-zony-12","18":"tag-rozrywka","19":"tag-rszz"},"share_on_mastodon":{"url":"https:\/\/pubeurope.com\/@pl\/115736677734505928","error":""},"_links":{"self":[{"href":"https:\/\/www.europesays.com\/pl\/wp-json\/wp\/v2\/posts\/156672","targetHints":{"allow":["GET"]}}],"collection":[{"href":"https:\/\/www.europesays.com\/pl\/wp-json\/wp\/v2\/posts"}],"about":[{"href":"https:\/\/www.europesays.com\/pl\/wp-json\/wp\/v2\/types\/post"}],"author":[{"embeddable":true,"href":"https:\/\/www.europesays.com\/pl\/wp-json\/wp\/v2\/users\/2"}],"replies":[{"embeddable":true,"href":"https:\/\/www.europesays.com\/pl\/wp-json\/wp\/v2\/comments?post=156672"}],"version-history":[{"count":0,"href":"https:\/\/www.europesays.com\/pl\/wp-json\/wp\/v2\/posts\/156672\/revisions"}],"wp:featuredmedia":[{"embeddable":true,"href":"https:\/\/www.europesays.com\/pl\/wp-json\/wp\/v2\/media\/156673"}],"wp:attachment":[{"href":"https:\/\/www.europesays.com\/pl\/wp-json\/wp\/v2\/media?parent=156672"}],"wp:term":[{"taxonomy":"category","embeddable":true,"href":"https:\/\/www.europesays.com\/pl\/wp-json\/wp\/v2\/categories?post=156672"},{"taxonomy":"post_tag","embeddable":true,"href":"https:\/\/www.europesays.com\/pl\/wp-json\/wp\/v2\/tags?post=156672"}],"curies":[{"name":"wp","href":"https:\/\/api.w.org\/{rel}","templated":true}]}}