{"id":156685,"date":"2025-12-17T20:04:10","date_gmt":"2025-12-17T20:04:10","guid":{"rendered":"https:\/\/www.europesays.com\/pl\/156685\/"},"modified":"2025-12-17T20:04:10","modified_gmt":"2025-12-17T20:04:10","slug":"przejmujacy-wpis-meza-agnieszki-maciag-wtedy-byla-szczesliwa","status":"publish","type":"post","link":"https:\/\/www.europesays.com\/pl\/156685\/","title":{"rendered":"Przejmuj\u0105cy wpis m\u0119\u017ca Agnieszki Maci\u0105g. &#8222;Wtedy by\u0142a szcz\u0119\u015bliwa&#8221;"},"content":{"rendered":"<p class=\"ods-c-paragraph \">Agnieszka Maci\u0105g by\u0142a cenion\u0105 modelk\u0105 i autork\u0105 wielu ksi\u0105\u017cek. Jej odej\u015bcie wstrz\u0105sn\u0119\u0142o opini\u0105 publiczn\u0105 \u2014 ostatnie po\u017cegnanie 56-latki odby\u0142o si\u0119 15 grudnia na Pow\u0105zkach Wojskowych.<\/p>\n<p class=\"ods-c-paragraph \">M\u0105\u017c 56-latki, Robert Wola\u0144ski, podj\u0105\u0142 decyzj\u0119 o dalszym publikowaniu wpis\u00f3w w mediach spo\u0142eczno\u015bciowych \u017cony. To w\u0142a\u015bnie tam podzieli\u0142 si\u0119 wspomnieniem o tym, jak wsp\u00f3lnie przygotowywali wypieki i potrawy na \u015bwi\u0119ta Bo\u017cego Narodzenia.<\/p>\n<p>Dalszy ci\u0105g artyku\u0142u pod materia\u0142em wideo<\/p>\n<p> Co m\u0105\u017c Agnieszki Maci\u0105g planuje publikowa\u0107 w mediach spo\u0142eczno\u015bciowych? <\/p>\n<p> Jakie potrawy wsp\u00f3lnie przygotowywali Agnieszka Maci\u0105g z Robertem Wola\u0144skim? <\/p>\n<p> Kiedy odby\u0142o si\u0119 ostatnie po\u017cegnanie Agnieszki Maci\u0105g? <\/p>\n<p> Ile lat mia\u0142a Agnieszka Maci\u0105g w chwili \u015bmierci? <\/p>\n<p class=\"ods-c-paragraph \">&#8222;Na tydzie\u0144 przed Wigili\u0105 piekli\u015bmy ju\u017c w domu nasze ciasteczka. Odk\u0105d pojawi\u0142a si\u0119 w kuchni Helenka, jako czynny uczestnik tego rytua\u0142u, mia\u0142a te\u017c swoj\u0105 wizj\u0119 przyozdabiania ciasteczek kolorowymi posypkami, na przyk\u0142ad. Czekoladowymi gwiazdkami. Migda\u0142ami. No i lukier! Bez niego praktycznie ciasteczka nie mia\u0142y znaczenia&#8221; \u2014 napisa\u0142.<\/p>\n<p>   Poruszaj\u0105cy wpis m\u0119\u017ca Agnieszki Maci\u0105g. Wspomina wsp\u00f3lne \u015bwi\u0119ta<\/p>\n<p class=\"ods-c-paragraph \">Wsp\u00f3lnie nie tylko wypiekali \u015bwi\u0105teczne ciastka, ale tak\u017ce przygotowywali wegetaria\u0144ski bigos oraz &#8222;prawie czarny&#8221; barszcz. Co zaskakuj\u0105ce, buraki Robert Wola\u0144ski wykopywa\u0142 z ogr\u00f3dka, a p\u00f3\u017aniej obiera\u0142.<\/p>\n<blockquote class=\"ods-o-quota\">\n<p class=\"ods-o-quota__paragraph\">Ale opr\u00f3cz tego to nawet nie bigos (bez mi\u0119sa) musia\u0142 &#8222;dochodzi\u0107&#8221; przez kilka dni&#8230; Barszcz! Barszcz czerwony prawie czarny \u2014 m\u00f3wi\u0142a. Wtedy by\u0142a szcz\u0119\u015bliwa<\/p>\n<\/blockquote>\n<p class=\"ods-c-paragraph \">&#8222;Pr\u00f3bowa\u0142a go dziesi\u0105tki razy. Doprawia\u0142a. Garnek by\u0142 ogromny jak na finaln\u0105 ilo\u015b\u0107 barszczu ale za to burak\u00f3w by\u0142y tam ca\u0142e kilogramy&#8221; \u2014 czytamy. &#8222;Musia\u0142em je wcze\u015bniej wykopa\u0107 w ogr\u00f3dku. Potem obra\u0107 i przygotowa\u0107 reszt\u0119 sk\u0142adnik\u00f3w. Ale sercem barszczu by\u0142 kultowy zakwas!&#8221; \u2014 kontynuowa\u0142.<\/p>\n<p class=\"ods-c-paragraph \">&#8222;Te przepisy wyniesione w swojej podstawie z rodzinnego domu dochodzi\u0142y swojej ostatecznej postaci przez lata kiedy gotowali\u015bmy go razem na \u015bwi\u0119ta. Przepis finalnie ma ponad 10 lat i doczeka\u0142 si\u0119 ponad 250 tys. fan\u00f3w. A mo\u017ce wi\u0119cej&#8230; Smacznego&#8221; \u2014 napisa\u0142, wspominaj\u0105c ksi\u0105\u017ck\u0119 Agnieszki Maci\u0105g &#8222;Smak \u015awi\u0105t&#8221;.<\/p>\n<p class=\"ods-c-paragraph \">Internauci oraz przedstawiciele ze \u015bwiata show-biznesu podzi\u0119kowali m\u0119\u017cowi modelki za publikowanie wpis\u00f3w.<\/p>\n<blockquote class=\"ods-o-quota\"><\/blockquote>\n<p class=\"ods-c-paragraph \">\u2014 napisa\u0142a Ania Karwan.<\/p>\n<p><img decoding=\"async\" src=\"https:\/\/www.europesays.com\/pl\/wp-content\/uploads\/2025\/12\/sj_k9lBaHR0cHM6Ly9vY2RuLmV1L3B1bHNjbXMvTURBXy9jYjlkODMyNmY1NTU5OTU1NzJiMzMxN2RmMTJjNzA5Ni5qcGeRlQLNA.jpeg\" height=\"529\" width=\"940\" alt=\"Agnieszka Maci\u0105g\" loading=\"lazy\" class=\"ods-c-image__img ods-c-image__img--vertical\"\/><\/p>\n<p>Agnieszka Maci\u0105gPawe\u0142 Wrzecion \/ MW Media<\/p>\n<p class=\"ods-c-paragraph \">Dzi\u0119kujemy, \u017ce przeczyta\u0142a\u015b\/e\u015b nasz artyku\u0142 do ko\u0144ca. W serwisie Plejada.pl ka\u017cdego dnia piszemy o najwa\u017cniejszych wydarzeniach show-biznesowych. B\u0105d\u017a na bie\u017c\u0105co! <a rel=\"nofollow noopener\" href=\"https:\/\/news.google.com\/publications\/CAAiEF0PeAlb7W1llpV_mwV2rL4qFAgKIhBdD3gJW-1tZZaVf5sFdqy-?hl=pl&amp;gl=PL&amp;ceid=PL%3Apl\" id=\"f9785683-1cd8-46ef-9b82-eec9eb20fe05\" target=\"_blank\">Obserwuj<\/a> Plejad\u0119 w Google. Odwied\u017a nas tak\u017ce na <a rel=\"nofollow noopener\" href=\"https:\/\/www.facebook.com\/plejadapl\" id=\"13157471-59f3-47f8-81af-557d3ee93cec\" target=\"_blank\">Facebooku<\/a>, <a rel=\"nofollow noopener\" href=\"https:\/\/www.instagram.com\/plejadapl\/\" id=\"1746f28d-b12e-4e38-bb4e-a35d9ad9df6b\" target=\"_blank\">Instagramie<\/a>, <a rel=\"nofollow noopener\" href=\"https:\/\/www.youtube.com\/c\/plejada\" id=\"48bc72ff-cfc3-498c-a625-2f1832c57c1f\" target=\"_blank\">YouTubie<\/a> oraz <a rel=\"nofollow noopener\" href=\"https:\/\/www.tiktok.com\/@plejada_pl\" id=\"6a1ff334-3c32-4381-99be-63909c3564b7\" target=\"_blank\">TikToku<\/a>.<\/p>\n<p class=\"ods-c-paragraph \">Chcesz podzieli\u0107 si\u0119 ciekawym newsem lub zaproponowa\u0107 temat? Skontaktuj si\u0119 z nami, pisz\u0105c maila na adres: <a rel=\"nofollow noopener\" href=\"https:\/\/plejada.pl\/newsy\/przejmujacy-wpis-meza-agnieszki-maciag-wtedy-byla-szczesliwa\/mailto:plejada@redakcjaonet.pl\" id=\"237b7225-e794-45cc-a6c9-fe2138404d00\" target=\"_blank\">plejada@redakcjaonet.pl<\/a>.<\/p>\n<p><script async src=\"\/\/www.instagram.com\/embed.js\"><\/script><script async src=\"\/\/www.tiktok.com\/embed.js\"><\/script><\/p>\n","protected":false},"excerpt":{"rendered":"Agnieszka Maci\u0105g by\u0142a cenion\u0105 modelk\u0105 i autork\u0105 wielu ksi\u0105\u017cek. Jej odej\u015bcie wstrz\u0105sn\u0119\u0142o opini\u0105 publiczn\u0105 \u2014 ostatnie po\u017cegnanie 56-latki&hellip;\n","protected":false},"author":2,"featured_media":156686,"comment_status":"","ping_status":"","sticky":false,"template":"","format":"standard","meta":{"footnotes":""},"categories":[22],"tags":[26145,122,48,125,46,42,38,40,39,41,25865,123,47],"class_list":{"0":"post-156685","1":"post","2":"type-post","3":"status-publish","4":"format-standard","5":"has-post-thumbnail","7":"category-rozrywka","8":"tag-agnieszka_maciag","9":"tag-entertainment","10":"tag-nat_styl","11":"tag-newsy","12":"tag-omp","13":"tag-pl","14":"tag-poland","15":"tag-polish","16":"tag-polska","17":"tag-polski","18":"tag-rebrand_ai_tst0","19":"tag-rozrywka","20":"tag-screening_general"},"share_on_mastodon":{"url":"https:\/\/pubeurope.com\/@pl\/115736705052034469","error":""},"_links":{"self":[{"href":"https:\/\/www.europesays.com\/pl\/wp-json\/wp\/v2\/posts\/156685","targetHints":{"allow":["GET"]}}],"collection":[{"href":"https:\/\/www.europesays.com\/pl\/wp-json\/wp\/v2\/posts"}],"about":[{"href":"https:\/\/www.europesays.com\/pl\/wp-json\/wp\/v2\/types\/post"}],"author":[{"embeddable":true,"href":"https:\/\/www.europesays.com\/pl\/wp-json\/wp\/v2\/users\/2"}],"replies":[{"embeddable":true,"href":"https:\/\/www.europesays.com\/pl\/wp-json\/wp\/v2\/comments?post=156685"}],"version-history":[{"count":0,"href":"https:\/\/www.europesays.com\/pl\/wp-json\/wp\/v2\/posts\/156685\/revisions"}],"wp:featuredmedia":[{"embeddable":true,"href":"https:\/\/www.europesays.com\/pl\/wp-json\/wp\/v2\/media\/156686"}],"wp:attachment":[{"href":"https:\/\/www.europesays.com\/pl\/wp-json\/wp\/v2\/media?parent=156685"}],"wp:term":[{"taxonomy":"category","embeddable":true,"href":"https:\/\/www.europesays.com\/pl\/wp-json\/wp\/v2\/categories?post=156685"},{"taxonomy":"post_tag","embeddable":true,"href":"https:\/\/www.europesays.com\/pl\/wp-json\/wp\/v2\/tags?post=156685"}],"curies":[{"name":"wp","href":"https:\/\/api.w.org\/{rel}","templated":true}]}}